{"id":9166,"date":"2020-04-01T17:06:33","date_gmt":"2020-04-01T17:06:33","guid":{"rendered":"https:\/\/seconci.com.br\/site\/?p=9166"},"modified":"2020-04-01T17:06:33","modified_gmt":"2020-04-01T17:06:33","slug":"coronavirus-seconci-sp-disponibiliza-video-sobre-sintomas-e-prevencao","status":"publish","type":"post","link":"https:\/\/seconci.com.br\/site\/2020\/04\/01\/coronavirus-seconci-sp-disponibiliza-video-sobre-sintomas-e-prevencao\/","title":{"rendered":"Coronav\u00edrus: Seconci-SP disponibiliza v\u00eddeo sobre sintomas e preven\u00e7\u00e3o"},"content":{"rendered":"<p>O Seconci-SP acaba de produzir e disponibilizar o v\u00eddeo \u201cNovo Coronav\u00edrus: Como se Prevenir\u201d, para divulga\u00e7\u00e3o junto aos trabalhadores das empresas contribuintes da entidade.<\/p>\n<p>Com dura\u00e7\u00e3o de 1min e 43s, o v\u00eddeo apresenta de forma simples e did\u00e1tica os principais sintomas da Covid-19 e como diferenci\u00e1-la de uma gripe comum. Na sequ\u00eancia, o v\u00eddeo mostra as principais formas de preven\u00e7\u00e3o:<\/p>\n<p>\u00b7\u00a0 \u00a0 \u00a0 \u00a0 higienizar corretamente as m\u00e3os;<\/p>\n<p>\u00b7\u00a0 \u00a0 \u00a0 \u00a0 n\u00e3o tocar o rosto com luvas ou m\u00e3os n\u00e3o higienizadas;<\/p>\n<p>\u00b7\u00a0 \u00a0 \u00a0 \u00a0 cobrir o rosto ao tossir e espirrar;<\/p>\n<p>\u00b7\u00a0 \u00a0 \u00a0 \u00a0 n\u00e3o compartilhar objetos de uso pessoal<\/p>\n<p>\u00b7\u00a0 \u00a0 \u00a0 \u00a0 higienizar os EPIs (Equipamentos de Prote\u00e7\u00e3o Individual);<\/p>\n<p>\u00b7\u00a0 \u00a0 \u00a0 \u00a0 manter os ambientes ventilados e limpos;<\/p>\n<p>\u00b7\u00a0 \u00a0 \u00a0 \u00a0 n\u00e3o participar de aglomera\u00e7\u00f5es;<\/p>\n<p>\u00b7\u00a0 \u00a0 \u00a0 \u00a0 n\u00e3o sair de casa sem necessidade;<\/p>\n<p>\u00b7\u00a0 \u00a0 \u00a0 \u00a0 evitar cumprimentos como beijos, abra\u00e7os e apertos de m\u00e3o.<\/p>\n<p>\u201cCom estas atitudes, voc\u00ea ajuda a n\u00e3o espalhar e a n\u00e3o pegar o coronav\u00edrus\u201d, finaliza o v\u00eddeo, que pode ser visto no site do\u00a0<a href=\"http:\/\/www.seconci-sp.org.br\/\">Seconci-SP<\/a>\u00a0\u200b e no\u00a0<a href=\"https:\/\/www.facebook.com\/watch\/?v=574654239927062\">Facebook<\/a>.<\/p>\n<p><iframe title=\"Coronav\u00edrus: como se prevenir?\" width=\"800\" height=\"450\" src=\"https:\/\/www.youtube.com\/embed\/xwM1qT7kQUI?feature=oembed\" frameborder=\"0\" allow=\"accelerometer; autoplay; clipboard-write; encrypted-media; gyroscope; picture-in-picture; web-share\" referrerpolicy=\"strict-origin-when-cross-origin\" allowfullscreen><\/iframe><\/p>\n<p><em><strong>Fonte: Seconci-SP<\/strong><\/em><\/p>\n","protected":false},"excerpt":{"rendered":"<p>O Seconci-SP acaba de produzir e disponibilizar o v\u00eddeo \u201cNovo Coronav\u00edrus: Como se Prevenir\u201d, para divulga\u00e7\u00e3o junto aos trabalhadores das empresas contribuintes da entidade. Com dura\u00e7\u00e3o de 1min e 43s, o v\u00eddeo apresenta de forma simples e did\u00e1tica os principais sintomas da Covid-19 e como diferenci\u00e1-la de uma gripe comum. Na sequ\u00eancia, o v\u00eddeo mostra [&hellip;]<\/p>\n","protected":false},"author":3,"featured_media":0,"comment_status":"closed","ping_status":"closed","sticky":false,"template":"","format":"standard","meta":{"footnotes":""},"categories":[87],"tags":[],"class_list":["post-9166","post","type-post","status-publish","format-standard","hentry","category-seconci-sao-paulo"],"yoast_head":"<!-- This site is optimized with the Yoast SEO plugin v26.9 - https:\/\/yoast.com\/product\/yoast-seo-wordpress\/ -->\n<title>Coronav\u00edrus: Seconci-SP disponibiliza v\u00eddeo sobre sintomas e preven\u00e7\u00e3o - Seconci Brasil<\/title>\n<meta name=\"robots\" content=\"index, follow, max-snippet:-1, max-image-preview:large, max-video-preview:-1\" \/>\n<link rel=\"canonical\" href=\"https:\/\/seconci.com.br\/site\/2020\/04\/01\/coronavirus-seconci-sp-disponibiliza-video-sobre-sintomas-e-prevencao\/\" \/>\n<meta property=\"og:locale\" content=\"pt_PT\" \/>\n<meta property=\"og:type\" content=\"article\" \/>\n<meta property=\"og:title\" content=\"Coronav\u00edrus: Seconci-SP disponibiliza v\u00eddeo sobre sintomas e preven\u00e7\u00e3o - Seconci Brasil\" \/>\n<meta property=\"og:description\" content=\"O Seconci-SP acaba de produzir e disponibilizar o v\u00eddeo \u201cNovo Coronav\u00edrus: Como se Prevenir\u201d, para divulga\u00e7\u00e3o junto aos trabalhadores das empresas contribuintes da entidade. Com dura\u00e7\u00e3o de 1min e 43s, o v\u00eddeo apresenta de forma simples e did\u00e1tica os principais sintomas da Covid-19 e como diferenci\u00e1-la de uma gripe comum. Na sequ\u00eancia, o v\u00eddeo mostra [&hellip;]\" \/>\n<meta property=\"og:url\" content=\"https:\/\/seconci.com.br\/site\/2020\/04\/01\/coronavirus-seconci-sp-disponibiliza-video-sobre-sintomas-e-prevencao\/\" \/>\n<meta property=\"og:site_name\" content=\"Seconci Brasil\" \/>\n<meta property=\"article:published_time\" content=\"2020-04-01T17:06:33+00:00\" \/>\n<meta name=\"author\" content=\"Sidney Rocha\" \/>\n<meta name=\"twitter:card\" content=\"summary_large_image\" \/>\n<meta name=\"twitter:label1\" content=\"Escrito por\" \/>\n\t<meta name=\"twitter:data1\" content=\"Sidney Rocha\" \/>\n\t<meta name=\"twitter:label2\" content=\"Tempo estimado de leitura\" \/>\n\t<meta name=\"twitter:data2\" content=\"1 minuto\" \/>\n<script type=\"application\/ld+json\" class=\"yoast-schema-graph\">{\"@context\":\"https:\/\/schema.org\",\"@graph\":[{\"@type\":\"Article\",\"@id\":\"https:\/\/seconci.com.br\/site\/2020\/04\/01\/coronavirus-seconci-sp-disponibiliza-video-sobre-sintomas-e-prevencao\/#article\",\"isPartOf\":{\"@id\":\"https:\/\/seconci.com.br\/site\/2020\/04\/01\/coronavirus-seconci-sp-disponibiliza-video-sobre-sintomas-e-prevencao\/\"},\"author\":{\"name\":\"Sidney Rocha\",\"@id\":\"https:\/\/seconci.com.br\/site\/#\/schema\/person\/1d79afd97ddc8f2c68c1e88e298aa8e2\"},\"headline\":\"Coronav\u00edrus: Seconci-SP disponibiliza v\u00eddeo sobre sintomas e preven\u00e7\u00e3o\",\"datePublished\":\"2020-04-01T17:06:33+00:00\",\"mainEntityOfPage\":{\"@id\":\"https:\/\/seconci.com.br\/site\/2020\/04\/01\/coronavirus-seconci-sp-disponibiliza-video-sobre-sintomas-e-prevencao\/\"},\"wordCount\":199,\"publisher\":{\"@id\":\"https:\/\/seconci.com.br\/site\/#organization\"},\"articleSection\":[\"Seconci S\u00e3o Paulo\"],\"inLanguage\":\"pt-PT\"},{\"@type\":\"WebPage\",\"@id\":\"https:\/\/seconci.com.br\/site\/2020\/04\/01\/coronavirus-seconci-sp-disponibiliza-video-sobre-sintomas-e-prevencao\/\",\"url\":\"https:\/\/seconci.com.br\/site\/2020\/04\/01\/coronavirus-seconci-sp-disponibiliza-video-sobre-sintomas-e-prevencao\/\",\"name\":\"Coronav\u00edrus: Seconci-SP disponibiliza v\u00eddeo sobre sintomas e preven\u00e7\u00e3o - Seconci Brasil\",\"isPartOf\":{\"@id\":\"https:\/\/seconci.com.br\/site\/#website\"},\"datePublished\":\"2020-04-01T17:06:33+00:00\",\"breadcrumb\":{\"@id\":\"https:\/\/seconci.com.br\/site\/2020\/04\/01\/coronavirus-seconci-sp-disponibiliza-video-sobre-sintomas-e-prevencao\/#breadcrumb\"},\"inLanguage\":\"pt-PT\",\"potentialAction\":[{\"@type\":\"ReadAction\",\"target\":[\"https:\/\/seconci.com.br\/site\/2020\/04\/01\/coronavirus-seconci-sp-disponibiliza-video-sobre-sintomas-e-prevencao\/\"]}]},{\"@type\":\"BreadcrumbList\",\"@id\":\"https:\/\/seconci.com.br\/site\/2020\/04\/01\/coronavirus-seconci-sp-disponibiliza-video-sobre-sintomas-e-prevencao\/#breadcrumb\",\"itemListElement\":[{\"@type\":\"ListItem\",\"position\":1,\"name\":\"In\u00edcio\",\"item\":\"https:\/\/seconci.com.br\/site\/\"},{\"@type\":\"ListItem\",\"position\":2,\"name\":\"Coronav\u00edrus: Seconci-SP disponibiliza v\u00eddeo sobre sintomas e preven\u00e7\u00e3o\"}]},{\"@type\":\"WebSite\",\"@id\":\"https:\/\/seconci.com.br\/site\/#website\",\"url\":\"https:\/\/seconci.com.br\/site\/\",\"name\":\"Seconci Brasil\",\"description\":\"\",\"publisher\":{\"@id\":\"https:\/\/seconci.com.br\/site\/#organization\"},\"potentialAction\":[{\"@type\":\"SearchAction\",\"target\":{\"@type\":\"EntryPoint\",\"urlTemplate\":\"https:\/\/seconci.com.br\/site\/?s={search_term_string}\"},\"query-input\":{\"@type\":\"PropertyValueSpecification\",\"valueRequired\":true,\"valueName\":\"search_term_string\"}}],\"inLanguage\":\"pt-PT\"},{\"@type\":\"Organization\",\"@id\":\"https:\/\/seconci.com.br\/site\/#organization\",\"name\":\"Seconci Brasil\",\"url\":\"https:\/\/seconci.com.br\/site\/\",\"logo\":{\"@type\":\"ImageObject\",\"inLanguage\":\"pt-PT\",\"@id\":\"https:\/\/seconci.com.br\/site\/#\/schema\/logo\/image\/\",\"url\":\"https:\/\/seconci.com.br\/site\/wp-content\/uploads\/2024\/08\/Logo-Seconci-Brasil-branca-2.png\",\"contentUrl\":\"https:\/\/seconci.com.br\/site\/wp-content\/uploads\/2024\/08\/Logo-Seconci-Brasil-branca-2.png\",\"width\":1315,\"height\":598,\"caption\":\"Seconci Brasil\"},\"image\":{\"@id\":\"https:\/\/seconci.com.br\/site\/#\/schema\/logo\/image\/\"}},{\"@type\":\"Person\",\"@id\":\"https:\/\/seconci.com.br\/site\/#\/schema\/person\/1d79afd97ddc8f2c68c1e88e298aa8e2\",\"name\":\"Sidney Rocha\",\"description\":\"Comunicador e estagi\u00e1rio do Seconci Brasil.\",\"url\":\"https:\/\/seconci.com.br\/site\/author\/sidney-rocha\/\"}]}<\/script>\n<!-- \/ Yoast SEO plugin. -->","yoast_head_json":{"title":"Coronav\u00edrus: Seconci-SP disponibiliza v\u00eddeo sobre sintomas e preven\u00e7\u00e3o - Seconci Brasil","robots":{"index":"index","follow":"follow","max-snippet":"max-snippet:-1","max-image-preview":"max-image-preview:large","max-video-preview":"max-video-preview:-1"},"canonical":"https:\/\/seconci.com.br\/site\/2020\/04\/01\/coronavirus-seconci-sp-disponibiliza-video-sobre-sintomas-e-prevencao\/","og_locale":"pt_PT","og_type":"article","og_title":"Coronav\u00edrus: Seconci-SP disponibiliza v\u00eddeo sobre sintomas e preven\u00e7\u00e3o - Seconci Brasil","og_description":"O Seconci-SP acaba de produzir e disponibilizar o v\u00eddeo \u201cNovo Coronav\u00edrus: Como se Prevenir\u201d, para divulga\u00e7\u00e3o junto aos trabalhadores das empresas contribuintes da entidade. Com dura\u00e7\u00e3o de 1min e 43s, o v\u00eddeo apresenta de forma simples e did\u00e1tica os principais sintomas da Covid-19 e como diferenci\u00e1-la de uma gripe comum. Na sequ\u00eancia, o v\u00eddeo mostra [&hellip;]","og_url":"https:\/\/seconci.com.br\/site\/2020\/04\/01\/coronavirus-seconci-sp-disponibiliza-video-sobre-sintomas-e-prevencao\/","og_site_name":"Seconci Brasil","article_published_time":"2020-04-01T17:06:33+00:00","author":"Sidney Rocha","twitter_card":"summary_large_image","twitter_misc":{"Escrito por":"Sidney Rocha","Tempo estimado de leitura":"1 minuto"},"schema":{"@context":"https:\/\/schema.org","@graph":[{"@type":"Article","@id":"https:\/\/seconci.com.br\/site\/2020\/04\/01\/coronavirus-seconci-sp-disponibiliza-video-sobre-sintomas-e-prevencao\/#article","isPartOf":{"@id":"https:\/\/seconci.com.br\/site\/2020\/04\/01\/coronavirus-seconci-sp-disponibiliza-video-sobre-sintomas-e-prevencao\/"},"author":{"name":"Sidney Rocha","@id":"https:\/\/seconci.com.br\/site\/#\/schema\/person\/1d79afd97ddc8f2c68c1e88e298aa8e2"},"headline":"Coronav\u00edrus: Seconci-SP disponibiliza v\u00eddeo sobre sintomas e preven\u00e7\u00e3o","datePublished":"2020-04-01T17:06:33+00:00","mainEntityOfPage":{"@id":"https:\/\/seconci.com.br\/site\/2020\/04\/01\/coronavirus-seconci-sp-disponibiliza-video-sobre-sintomas-e-prevencao\/"},"wordCount":199,"publisher":{"@id":"https:\/\/seconci.com.br\/site\/#organization"},"articleSection":["Seconci S\u00e3o Paulo"],"inLanguage":"pt-PT"},{"@type":"WebPage","@id":"https:\/\/seconci.com.br\/site\/2020\/04\/01\/coronavirus-seconci-sp-disponibiliza-video-sobre-sintomas-e-prevencao\/","url":"https:\/\/seconci.com.br\/site\/2020\/04\/01\/coronavirus-seconci-sp-disponibiliza-video-sobre-sintomas-e-prevencao\/","name":"Coronav\u00edrus: Seconci-SP disponibiliza v\u00eddeo sobre sintomas e preven\u00e7\u00e3o - Seconci Brasil","isPartOf":{"@id":"https:\/\/seconci.com.br\/site\/#website"},"datePublished":"2020-04-01T17:06:33+00:00","breadcrumb":{"@id":"https:\/\/seconci.com.br\/site\/2020\/04\/01\/coronavirus-seconci-sp-disponibiliza-video-sobre-sintomas-e-prevencao\/#breadcrumb"},"inLanguage":"pt-PT","potentialAction":[{"@type":"ReadAction","target":["https:\/\/seconci.com.br\/site\/2020\/04\/01\/coronavirus-seconci-sp-disponibiliza-video-sobre-sintomas-e-prevencao\/"]}]},{"@type":"BreadcrumbList","@id":"https:\/\/seconci.com.br\/site\/2020\/04\/01\/coronavirus-seconci-sp-disponibiliza-video-sobre-sintomas-e-prevencao\/#breadcrumb","itemListElement":[{"@type":"ListItem","position":1,"name":"In\u00edcio","item":"https:\/\/seconci.com.br\/site\/"},{"@type":"ListItem","position":2,"name":"Coronav\u00edrus: Seconci-SP disponibiliza v\u00eddeo sobre sintomas e preven\u00e7\u00e3o"}]},{"@type":"WebSite","@id":"https:\/\/seconci.com.br\/site\/#website","url":"https:\/\/seconci.com.br\/site\/","name":"Seconci Brasil","description":"","publisher":{"@id":"https:\/\/seconci.com.br\/site\/#organization"},"potentialAction":[{"@type":"SearchAction","target":{"@type":"EntryPoint","urlTemplate":"https:\/\/seconci.com.br\/site\/?s={search_term_string}"},"query-input":{"@type":"PropertyValueSpecification","valueRequired":true,"valueName":"search_term_string"}}],"inLanguage":"pt-PT"},{"@type":"Organization","@id":"https:\/\/seconci.com.br\/site\/#organization","name":"Seconci Brasil","url":"https:\/\/seconci.com.br\/site\/","logo":{"@type":"ImageObject","inLanguage":"pt-PT","@id":"https:\/\/seconci.com.br\/site\/#\/schema\/logo\/image\/","url":"https:\/\/seconci.com.br\/site\/wp-content\/uploads\/2024\/08\/Logo-Seconci-Brasil-branca-2.png","contentUrl":"https:\/\/seconci.com.br\/site\/wp-content\/uploads\/2024\/08\/Logo-Seconci-Brasil-branca-2.png","width":1315,"height":598,"caption":"Seconci Brasil"},"image":{"@id":"https:\/\/seconci.com.br\/site\/#\/schema\/logo\/image\/"}},{"@type":"Person","@id":"https:\/\/seconci.com.br\/site\/#\/schema\/person\/1d79afd97ddc8f2c68c1e88e298aa8e2","name":"Sidney Rocha","description":"Comunicador e estagi\u00e1rio do Seconci Brasil.","url":"https:\/\/seconci.com.br\/site\/author\/sidney-rocha\/"}]}},"_links":{"self":[{"href":"https:\/\/seconci.com.br\/site\/wp-json\/wp\/v2\/posts\/9166","targetHints":{"allow":["GET"]}}],"collection":[{"href":"https:\/\/seconci.com.br\/site\/wp-json\/wp\/v2\/posts"}],"about":[{"href":"https:\/\/seconci.com.br\/site\/wp-json\/wp\/v2\/types\/post"}],"author":[{"embeddable":true,"href":"https:\/\/seconci.com.br\/site\/wp-json\/wp\/v2\/users\/3"}],"replies":[{"embeddable":true,"href":"https:\/\/seconci.com.br\/site\/wp-json\/wp\/v2\/comments?post=9166"}],"version-history":[{"count":0,"href":"https:\/\/seconci.com.br\/site\/wp-json\/wp\/v2\/posts\/9166\/revisions"}],"wp:attachment":[{"href":"https:\/\/seconci.com.br\/site\/wp-json\/wp\/v2\/media?parent=9166"}],"wp:term":[{"taxonomy":"category","embeddable":true,"href":"https:\/\/seconci.com.br\/site\/wp-json\/wp\/v2\/categories?post=9166"},{"taxonomy":"post_tag","embeddable":true,"href":"https:\/\/seconci.com.br\/site\/wp-json\/wp\/v2\/tags?post=9166"}],"curies":[{"name":"wp","href":"https:\/\/api.w.org\/{rel}","templated":true}]}}