{"id":9175,"date":"2020-04-01T18:07:38","date_gmt":"2020-04-01T18:07:38","guid":{"rendered":"https:\/\/seconci.com.br\/site\/?p=9175"},"modified":"2020-04-16T22:35:56","modified_gmt":"2020-04-16T22:35:56","slug":"videos-seconcis-orientam-empresas-e-trabalhadores-sobre-prevencao-ao-coronavirus","status":"publish","type":"post","link":"https:\/\/seconci.com.br\/site\/2020\/04\/01\/videos-seconcis-orientam-empresas-e-trabalhadores-sobre-prevencao-ao-coronavirus\/","title":{"rendered":"V\u00eddeos: Seconcis orientam empresas e trabalhadores sobre preven\u00e7\u00e3o ao Coronav\u00edrus"},"content":{"rendered":"<p><strong>SECONCI FLORIAN\u00d3POLIS<\/strong><\/p>\n<p><a href=\"https:\/\/www.facebook.com\/SeconciGrandeFlorianopolis\/videos\/271083883897027\/\">https:\/\/www.facebook.com\/SeconciGrandeFlorianopolis\/videos\/271083883897027\/<\/a><\/p>\n<p>&nbsp;<\/p>\n<p><strong>SECONCI JOINVILLE<\/strong><\/p>\n<div style=\"width: 752px;\" class=\"wp-video\"><video class=\"wp-video-shortcode\" id=\"video-9175-1\" width=\"752\" height=\"416\" preload=\"metadata\" controls=\"controls\"><source type=\"video\/mp4\" src=\"http:\/\/seconci.com.br\/site\/wp-content\/uploads\/2020\/04\/JOINVILLE.mp4?_=1\" \/><a href=\"http:\/\/seconci.com.br\/site\/wp-content\/uploads\/2020\/04\/JOINVILLE.mp4\">http:\/\/seconci.com.br\/site\/wp-content\/uploads\/2020\/04\/JOINVILLE.mp4<\/a><\/video><\/div>\n<p>&nbsp;<\/p>\n<p><strong>SECONCI-SP<\/strong><\/p>\n<div style=\"width: 800px;\" class=\"wp-video\"><video class=\"wp-video-shortcode\" id=\"video-9175-2\" width=\"800\" height=\"450\" preload=\"metadata\" controls=\"controls\"><source type=\"video\/mp4\" src=\"http:\/\/seconci.com.br\/site\/wp-content\/uploads\/2020\/04\/WhatsApp-Video-2020-04-16-at-18.40.59.mp4?_=2\" \/><a href=\"http:\/\/seconci.com.br\/site\/wp-content\/uploads\/2020\/04\/WhatsApp-Video-2020-04-16-at-18.40.59.mp4\">http:\/\/seconci.com.br\/site\/wp-content\/uploads\/2020\/04\/WhatsApp-Video-2020-04-16-at-18.40.59.mp4<\/a><\/video><\/div>\n<div style=\"width: 800px;\" class=\"wp-video\"><video class=\"wp-video-shortcode\" id=\"video-9175-3\" width=\"800\" height=\"450\" preload=\"metadata\" controls=\"controls\"><source type=\"video\/mp4\" src=\"http:\/\/seconci.com.br\/site\/wp-content\/uploads\/2020\/04\/WhatsApp-Video-2020-04-09-at-13.53.50.mp4?_=3\" \/><a href=\"http:\/\/seconci.com.br\/site\/wp-content\/uploads\/2020\/04\/WhatsApp-Video-2020-04-09-at-13.53.50.mp4\">http:\/\/seconci.com.br\/site\/wp-content\/uploads\/2020\/04\/WhatsApp-Video-2020-04-09-at-13.53.50.mp4<\/a><\/video><\/div>\n<p>&nbsp;<\/p>\n<p><iframe title=\"Coronav\u00edrus: como se prevenir?\" width=\"800\" height=\"450\" src=\"https:\/\/www.youtube.com\/embed\/xwM1qT7kQUI?feature=oembed\" frameborder=\"0\" allow=\"accelerometer; autoplay; clipboard-write; encrypted-media; gyroscope; picture-in-picture; web-share\" referrerpolicy=\"strict-origin-when-cross-origin\" allowfullscreen><\/iframe><\/p>\n<p><strong>SECONCI-MG<\/strong><\/p>\n<div style=\"width: 800px;\" class=\"wp-video\"><video class=\"wp-video-shortcode\" id=\"video-9175-4\" width=\"800\" height=\"450\" preload=\"metadata\" controls=\"controls\"><source type=\"video\/mp4\" src=\"http:\/\/seconci.com.br\/site\/wp-content\/uploads\/2020\/04\/WhatsApp-Video-2020-04-15-at-16.20.25-1.mp4?_=4\" \/><a href=\"http:\/\/seconci.com.br\/site\/wp-content\/uploads\/2020\/04\/WhatsApp-Video-2020-04-15-at-16.20.25-1.mp4\">http:\/\/seconci.com.br\/site\/wp-content\/uploads\/2020\/04\/WhatsApp-Video-2020-04-15-at-16.20.25-1.mp4<\/a><\/video><\/div>\n<div style=\"width: 800px;\" class=\"wp-video\"><video class=\"wp-video-shortcode\" id=\"video-9175-5\" width=\"800\" height=\"438\" preload=\"metadata\" controls=\"controls\"><source type=\"video\/mp4\" src=\"http:\/\/seconci.com.br\/site\/wp-content\/uploads\/2020\/04\/WhatsApp-Video-2020-03-31-at-17.47.59-1.mp4?_=5\" \/><a href=\"http:\/\/seconci.com.br\/site\/wp-content\/uploads\/2020\/04\/WhatsApp-Video-2020-03-31-at-17.47.59-1.mp4\">http:\/\/seconci.com.br\/site\/wp-content\/uploads\/2020\/04\/WhatsApp-Video-2020-03-31-at-17.47.59-1.mp4<\/a><\/video><\/div>\n<p>&nbsp;<\/p>\n<p><strong>SECONCI-DF<\/strong><\/p>\n<p><iframe title=\"COVID-19: Seconci orienta empresas na preven\u00e7\u00e3o do Coronav\u00edrus\" width=\"800\" height=\"450\" src=\"https:\/\/www.youtube.com\/embed\/CVavGTLHEdY?feature=oembed\" frameborder=\"0\" allow=\"accelerometer; autoplay; clipboard-write; encrypted-media; gyroscope; picture-in-picture; web-share\" referrerpolicy=\"strict-origin-when-cross-origin\" allowfullscreen><\/iframe><\/p>\n<p><iframe title=\"COVID-19: M\u00e9dico do Seconci-DF fala sobre a origem e a evolu\u00e7\u00e3o da doen\u00e7a!\" width=\"800\" height=\"600\" src=\"https:\/\/www.youtube.com\/embed\/Y7PiDmmeSQc?feature=oembed\" frameborder=\"0\" allow=\"accelerometer; autoplay; clipboard-write; encrypted-media; gyroscope; picture-in-picture; web-share\" referrerpolicy=\"strict-origin-when-cross-origin\" allowfullscreen><\/iframe><\/p>\n<p><strong>SECONCI-RIO<\/strong><\/p>\n<p><iframe title=\"Contra o CORONAV\u00cdRUS, o melhor rem\u00e9dio \u00e9 a preven\u00e7\u00e3o.\" width=\"800\" height=\"450\" src=\"https:\/\/www.youtube.com\/embed\/zFlLwUbHGPo?feature=oembed\" frameborder=\"0\" allow=\"accelerometer; autoplay; clipboard-write; encrypted-media; gyroscope; picture-in-picture; web-share\" referrerpolicy=\"strict-origin-when-cross-origin\" allowfullscreen><\/iframe><\/p>\n<p><strong>SECONCI PARAN\u00c1 NORTE<\/strong><\/p>\n<p><iframe title=\"Seconci Paran\u00e1 Norte contra o Coronav\u00edrus\" width=\"800\" height=\"600\" src=\"https:\/\/www.youtube.com\/embed\/WowQ0Ok-Aow?feature=oembed\" frameborder=\"0\" allow=\"accelerometer; autoplay; clipboard-write; encrypted-media; gyroscope; picture-in-picture; web-share\" referrerpolicy=\"strict-origin-when-cross-origin\" allowfullscreen><\/iframe><\/p>\n<p>&nbsp;<\/p>\n<p>&nbsp;<\/p>\n","protected":false},"excerpt":{"rendered":"<p>SECONCI FLORIAN\u00d3POLIS &nbsp; SECONCI JOINVILLE &nbsp; SECONCI-SP &nbsp; SECONCI-MG &nbsp; SECONCI-DF SECONCI-RIO SECONCI PARAN\u00c1 NORTE &nbsp; &nbsp;<\/p>\n","protected":false},"author":3,"featured_media":0,"comment_status":"closed","ping_status":"closed","sticky":false,"template":"","format":"standard","meta":{"footnotes":""},"categories":[92,87],"tags":[],"class_list":["post-9175","post","type-post","status-publish","format-standard","hentry","category-seconci-brasil","category-seconci-sao-paulo"],"yoast_head":"<!-- This site is optimized with the Yoast SEO plugin v26.9 - https:\/\/yoast.com\/product\/yoast-seo-wordpress\/ -->\n<title>V\u00eddeos: Seconcis orientam empresas e trabalhadores sobre preven\u00e7\u00e3o ao Coronav\u00edrus - Seconci Brasil<\/title>\n<meta name=\"robots\" content=\"index, follow, max-snippet:-1, max-image-preview:large, max-video-preview:-1\" \/>\n<link rel=\"canonical\" href=\"https:\/\/seconci.com.br\/site\/2020\/04\/01\/videos-seconcis-orientam-empresas-e-trabalhadores-sobre-prevencao-ao-coronavirus\/\" \/>\n<meta property=\"og:locale\" content=\"pt_PT\" \/>\n<meta property=\"og:type\" content=\"article\" \/>\n<meta property=\"og:title\" content=\"V\u00eddeos: Seconcis orientam empresas e trabalhadores sobre preven\u00e7\u00e3o ao Coronav\u00edrus - Seconci Brasil\" \/>\n<meta property=\"og:description\" content=\"SECONCI FLORIAN\u00d3POLIS &nbsp; SECONCI JOINVILLE &nbsp; SECONCI-SP &nbsp; SECONCI-MG &nbsp; SECONCI-DF SECONCI-RIO SECONCI PARAN\u00c1 NORTE &nbsp; &nbsp;\" \/>\n<meta property=\"og:url\" content=\"https:\/\/seconci.com.br\/site\/2020\/04\/01\/videos-seconcis-orientam-empresas-e-trabalhadores-sobre-prevencao-ao-coronavirus\/\" \/>\n<meta property=\"og:site_name\" content=\"Seconci Brasil\" \/>\n<meta property=\"article:published_time\" content=\"2020-04-01T18:07:38+00:00\" \/>\n<meta property=\"article:modified_time\" content=\"2020-04-16T22:35:56+00:00\" \/>\n<meta name=\"author\" content=\"Sidney Rocha\" \/>\n<meta name=\"twitter:card\" content=\"summary_large_image\" \/>\n<meta name=\"twitter:label1\" content=\"Escrito por\" \/>\n\t<meta name=\"twitter:data1\" content=\"Sidney Rocha\" \/>\n\t<meta name=\"twitter:label2\" content=\"Tempo estimado de leitura\" \/>\n\t<meta name=\"twitter:data2\" content=\"1 minuto\" \/>\n<script type=\"application\/ld+json\" class=\"yoast-schema-graph\">{\"@context\":\"https:\/\/schema.org\",\"@graph\":[{\"@type\":\"Article\",\"@id\":\"https:\/\/seconci.com.br\/site\/2020\/04\/01\/videos-seconcis-orientam-empresas-e-trabalhadores-sobre-prevencao-ao-coronavirus\/#article\",\"isPartOf\":{\"@id\":\"https:\/\/seconci.com.br\/site\/2020\/04\/01\/videos-seconcis-orientam-empresas-e-trabalhadores-sobre-prevencao-ao-coronavirus\/\"},\"author\":{\"name\":\"Sidney Rocha\",\"@id\":\"https:\/\/seconci.com.br\/site\/#\/schema\/person\/1d79afd97ddc8f2c68c1e88e298aa8e2\"},\"headline\":\"V\u00eddeos: Seconcis orientam empresas e trabalhadores sobre preven\u00e7\u00e3o ao Coronav\u00edrus\",\"datePublished\":\"2020-04-01T18:07:38+00:00\",\"dateModified\":\"2020-04-16T22:35:56+00:00\",\"mainEntityOfPage\":{\"@id\":\"https:\/\/seconci.com.br\/site\/2020\/04\/01\/videos-seconcis-orientam-empresas-e-trabalhadores-sobre-prevencao-ao-coronavirus\/\"},\"wordCount\":175,\"publisher\":{\"@id\":\"https:\/\/seconci.com.br\/site\/#organization\"},\"articleSection\":[\"Seconci Brasil\",\"Seconci S\u00e3o Paulo\"],\"inLanguage\":\"pt-PT\"},{\"@type\":\"WebPage\",\"@id\":\"https:\/\/seconci.com.br\/site\/2020\/04\/01\/videos-seconcis-orientam-empresas-e-trabalhadores-sobre-prevencao-ao-coronavirus\/\",\"url\":\"https:\/\/seconci.com.br\/site\/2020\/04\/01\/videos-seconcis-orientam-empresas-e-trabalhadores-sobre-prevencao-ao-coronavirus\/\",\"name\":\"V\u00eddeos: Seconcis orientam empresas e trabalhadores sobre preven\u00e7\u00e3o ao Coronav\u00edrus - Seconci Brasil\",\"isPartOf\":{\"@id\":\"https:\/\/seconci.com.br\/site\/#website\"},\"datePublished\":\"2020-04-01T18:07:38+00:00\",\"dateModified\":\"2020-04-16T22:35:56+00:00\",\"breadcrumb\":{\"@id\":\"https:\/\/seconci.com.br\/site\/2020\/04\/01\/videos-seconcis-orientam-empresas-e-trabalhadores-sobre-prevencao-ao-coronavirus\/#breadcrumb\"},\"inLanguage\":\"pt-PT\",\"potentialAction\":[{\"@type\":\"ReadAction\",\"target\":[\"https:\/\/seconci.com.br\/site\/2020\/04\/01\/videos-seconcis-orientam-empresas-e-trabalhadores-sobre-prevencao-ao-coronavirus\/\"]}]},{\"@type\":\"BreadcrumbList\",\"@id\":\"https:\/\/seconci.com.br\/site\/2020\/04\/01\/videos-seconcis-orientam-empresas-e-trabalhadores-sobre-prevencao-ao-coronavirus\/#breadcrumb\",\"itemListElement\":[{\"@type\":\"ListItem\",\"position\":1,\"name\":\"In\u00edcio\",\"item\":\"https:\/\/seconci.com.br\/site\/\"},{\"@type\":\"ListItem\",\"position\":2,\"name\":\"V\u00eddeos: Seconcis orientam empresas e trabalhadores sobre preven\u00e7\u00e3o ao Coronav\u00edrus\"}]},{\"@type\":\"WebSite\",\"@id\":\"https:\/\/seconci.com.br\/site\/#website\",\"url\":\"https:\/\/seconci.com.br\/site\/\",\"name\":\"Seconci Brasil\",\"description\":\"\",\"publisher\":{\"@id\":\"https:\/\/seconci.com.br\/site\/#organization\"},\"potentialAction\":[{\"@type\":\"SearchAction\",\"target\":{\"@type\":\"EntryPoint\",\"urlTemplate\":\"https:\/\/seconci.com.br\/site\/?s={search_term_string}\"},\"query-input\":{\"@type\":\"PropertyValueSpecification\",\"valueRequired\":true,\"valueName\":\"search_term_string\"}}],\"inLanguage\":\"pt-PT\"},{\"@type\":\"Organization\",\"@id\":\"https:\/\/seconci.com.br\/site\/#organization\",\"name\":\"Seconci Brasil\",\"url\":\"https:\/\/seconci.com.br\/site\/\",\"logo\":{\"@type\":\"ImageObject\",\"inLanguage\":\"pt-PT\",\"@id\":\"https:\/\/seconci.com.br\/site\/#\/schema\/logo\/image\/\",\"url\":\"https:\/\/seconci.com.br\/site\/wp-content\/uploads\/2024\/08\/Logo-Seconci-Brasil-branca-2.png\",\"contentUrl\":\"https:\/\/seconci.com.br\/site\/wp-content\/uploads\/2024\/08\/Logo-Seconci-Brasil-branca-2.png\",\"width\":1315,\"height\":598,\"caption\":\"Seconci Brasil\"},\"image\":{\"@id\":\"https:\/\/seconci.com.br\/site\/#\/schema\/logo\/image\/\"}},{\"@type\":\"Person\",\"@id\":\"https:\/\/seconci.com.br\/site\/#\/schema\/person\/1d79afd97ddc8f2c68c1e88e298aa8e2\",\"name\":\"Sidney Rocha\",\"description\":\"Comunicador e estagi\u00e1rio do Seconci Brasil.\",\"url\":\"https:\/\/seconci.com.br\/site\/author\/sidney-rocha\/\"}]}<\/script>\n<!-- \/ Yoast SEO plugin. -->","yoast_head_json":{"title":"V\u00eddeos: Seconcis orientam empresas e trabalhadores sobre preven\u00e7\u00e3o ao Coronav\u00edrus - Seconci Brasil","robots":{"index":"index","follow":"follow","max-snippet":"max-snippet:-1","max-image-preview":"max-image-preview:large","max-video-preview":"max-video-preview:-1"},"canonical":"https:\/\/seconci.com.br\/site\/2020\/04\/01\/videos-seconcis-orientam-empresas-e-trabalhadores-sobre-prevencao-ao-coronavirus\/","og_locale":"pt_PT","og_type":"article","og_title":"V\u00eddeos: Seconcis orientam empresas e trabalhadores sobre preven\u00e7\u00e3o ao Coronav\u00edrus - Seconci Brasil","og_description":"SECONCI FLORIAN\u00d3POLIS &nbsp; SECONCI JOINVILLE &nbsp; SECONCI-SP &nbsp; SECONCI-MG &nbsp; SECONCI-DF SECONCI-RIO SECONCI PARAN\u00c1 NORTE &nbsp; &nbsp;","og_url":"https:\/\/seconci.com.br\/site\/2020\/04\/01\/videos-seconcis-orientam-empresas-e-trabalhadores-sobre-prevencao-ao-coronavirus\/","og_site_name":"Seconci Brasil","article_published_time":"2020-04-01T18:07:38+00:00","article_modified_time":"2020-04-16T22:35:56+00:00","author":"Sidney Rocha","twitter_card":"summary_large_image","twitter_misc":{"Escrito por":"Sidney Rocha","Tempo estimado de leitura":"1 minuto"},"schema":{"@context":"https:\/\/schema.org","@graph":[{"@type":"Article","@id":"https:\/\/seconci.com.br\/site\/2020\/04\/01\/videos-seconcis-orientam-empresas-e-trabalhadores-sobre-prevencao-ao-coronavirus\/#article","isPartOf":{"@id":"https:\/\/seconci.com.br\/site\/2020\/04\/01\/videos-seconcis-orientam-empresas-e-trabalhadores-sobre-prevencao-ao-coronavirus\/"},"author":{"name":"Sidney Rocha","@id":"https:\/\/seconci.com.br\/site\/#\/schema\/person\/1d79afd97ddc8f2c68c1e88e298aa8e2"},"headline":"V\u00eddeos: Seconcis orientam empresas e trabalhadores sobre preven\u00e7\u00e3o ao Coronav\u00edrus","datePublished":"2020-04-01T18:07:38+00:00","dateModified":"2020-04-16T22:35:56+00:00","mainEntityOfPage":{"@id":"https:\/\/seconci.com.br\/site\/2020\/04\/01\/videos-seconcis-orientam-empresas-e-trabalhadores-sobre-prevencao-ao-coronavirus\/"},"wordCount":175,"publisher":{"@id":"https:\/\/seconci.com.br\/site\/#organization"},"articleSection":["Seconci Brasil","Seconci S\u00e3o Paulo"],"inLanguage":"pt-PT"},{"@type":"WebPage","@id":"https:\/\/seconci.com.br\/site\/2020\/04\/01\/videos-seconcis-orientam-empresas-e-trabalhadores-sobre-prevencao-ao-coronavirus\/","url":"https:\/\/seconci.com.br\/site\/2020\/04\/01\/videos-seconcis-orientam-empresas-e-trabalhadores-sobre-prevencao-ao-coronavirus\/","name":"V\u00eddeos: Seconcis orientam empresas e trabalhadores sobre preven\u00e7\u00e3o ao Coronav\u00edrus - Seconci Brasil","isPartOf":{"@id":"https:\/\/seconci.com.br\/site\/#website"},"datePublished":"2020-04-01T18:07:38+00:00","dateModified":"2020-04-16T22:35:56+00:00","breadcrumb":{"@id":"https:\/\/seconci.com.br\/site\/2020\/04\/01\/videos-seconcis-orientam-empresas-e-trabalhadores-sobre-prevencao-ao-coronavirus\/#breadcrumb"},"inLanguage":"pt-PT","potentialAction":[{"@type":"ReadAction","target":["https:\/\/seconci.com.br\/site\/2020\/04\/01\/videos-seconcis-orientam-empresas-e-trabalhadores-sobre-prevencao-ao-coronavirus\/"]}]},{"@type":"BreadcrumbList","@id":"https:\/\/seconci.com.br\/site\/2020\/04\/01\/videos-seconcis-orientam-empresas-e-trabalhadores-sobre-prevencao-ao-coronavirus\/#breadcrumb","itemListElement":[{"@type":"ListItem","position":1,"name":"In\u00edcio","item":"https:\/\/seconci.com.br\/site\/"},{"@type":"ListItem","position":2,"name":"V\u00eddeos: Seconcis orientam empresas e trabalhadores sobre preven\u00e7\u00e3o ao Coronav\u00edrus"}]},{"@type":"WebSite","@id":"https:\/\/seconci.com.br\/site\/#website","url":"https:\/\/seconci.com.br\/site\/","name":"Seconci Brasil","description":"","publisher":{"@id":"https:\/\/seconci.com.br\/site\/#organization"},"potentialAction":[{"@type":"SearchAction","target":{"@type":"EntryPoint","urlTemplate":"https:\/\/seconci.com.br\/site\/?s={search_term_string}"},"query-input":{"@type":"PropertyValueSpecification","valueRequired":true,"valueName":"search_term_string"}}],"inLanguage":"pt-PT"},{"@type":"Organization","@id":"https:\/\/seconci.com.br\/site\/#organization","name":"Seconci Brasil","url":"https:\/\/seconci.com.br\/site\/","logo":{"@type":"ImageObject","inLanguage":"pt-PT","@id":"https:\/\/seconci.com.br\/site\/#\/schema\/logo\/image\/","url":"https:\/\/seconci.com.br\/site\/wp-content\/uploads\/2024\/08\/Logo-Seconci-Brasil-branca-2.png","contentUrl":"https:\/\/seconci.com.br\/site\/wp-content\/uploads\/2024\/08\/Logo-Seconci-Brasil-branca-2.png","width":1315,"height":598,"caption":"Seconci Brasil"},"image":{"@id":"https:\/\/seconci.com.br\/site\/#\/schema\/logo\/image\/"}},{"@type":"Person","@id":"https:\/\/seconci.com.br\/site\/#\/schema\/person\/1d79afd97ddc8f2c68c1e88e298aa8e2","name":"Sidney Rocha","description":"Comunicador e estagi\u00e1rio do Seconci Brasil.","url":"https:\/\/seconci.com.br\/site\/author\/sidney-rocha\/"}]}},"_links":{"self":[{"href":"https:\/\/seconci.com.br\/site\/wp-json\/wp\/v2\/posts\/9175","targetHints":{"allow":["GET"]}}],"collection":[{"href":"https:\/\/seconci.com.br\/site\/wp-json\/wp\/v2\/posts"}],"about":[{"href":"https:\/\/seconci.com.br\/site\/wp-json\/wp\/v2\/types\/post"}],"author":[{"embeddable":true,"href":"https:\/\/seconci.com.br\/site\/wp-json\/wp\/v2\/users\/3"}],"replies":[{"embeddable":true,"href":"https:\/\/seconci.com.br\/site\/wp-json\/wp\/v2\/comments?post=9175"}],"version-history":[{"count":0,"href":"https:\/\/seconci.com.br\/site\/wp-json\/wp\/v2\/posts\/9175\/revisions"}],"wp:attachment":[{"href":"https:\/\/seconci.com.br\/site\/wp-json\/wp\/v2\/media?parent=9175"}],"wp:term":[{"taxonomy":"category","embeddable":true,"href":"https:\/\/seconci.com.br\/site\/wp-json\/wp\/v2\/categories?post=9175"},{"taxonomy":"post_tag","embeddable":true,"href":"https:\/\/seconci.com.br\/site\/wp-json\/wp\/v2\/tags?post=9175"}],"curies":[{"name":"wp","href":"https:\/\/api.w.org\/{rel}","templated":true}]}}