{"id":9209,"date":"2020-04-07T13:50:12","date_gmt":"2020-04-07T13:50:12","guid":{"rendered":"https:\/\/seconci.com.br\/site\/?p=9209"},"modified":"2020-04-07T13:50:12","modified_gmt":"2020-04-07T13:50:12","slug":"covid-19-seconci-brasil-esclarece-sobre-o-uso-de-mascaras-caseiras","status":"publish","type":"post","link":"https:\/\/seconci.com.br\/site\/2020\/04\/07\/covid-19-seconci-brasil-esclarece-sobre-o-uso-de-mascaras-caseiras\/","title":{"rendered":"Covid-19: Seconci Brasil esclarece sobre o uso de m\u00e1scaras caseiras"},"content":{"rendered":"<p style=\"text-align: justify;\">A Associa\u00e7\u00e3o dos Servi\u00e7os Sociais da Ind\u00fastria da Constru\u00e7\u00e3o Civil (Seconci-Brasil) recomenda o uso de m\u00e1scaras caseiras de tecido pelos trabalhadores do setor da constru\u00e7\u00e3o, tanto nos deslocamentos para o trabalho\/casa quanto no canteiro de obras\u00a0<strong>para aqueles que n\u00e3o necessitam usar m\u00e1scara espec\u00edfica da atividade a t\u00edtulo de Equipamento de Prote\u00e7\u00e3o Individual (EPI)<\/strong>. As m\u00e1scaras, conforme sugerido pelo Minist\u00e9rio da Sa\u00fade, funcionam como barreiras na propaga\u00e7\u00e3o da doen\u00e7a.<\/p>\n<p style=\"text-align: justify;\">Ressalta, contudo, que haja orienta\u00e7\u00e3o correta sobre a confec\u00e7\u00e3o, manuseio, lavagem e reutiliza\u00e7\u00e3o da m\u00e1scara, conforme descrito na nota t\u00e9cnica do Minist\u00e9rio da Sa\u00fade.<\/p>\n<p style=\"text-align: justify;\">A indica\u00e7\u00e3o est\u00e1 pautada nas orienta\u00e7\u00f5es e determina\u00e7\u00f5es t\u00e9cnicas das autoridades de sa\u00fade: Minist\u00e9rio da Sa\u00fade, Conselho Federal e Regional de Medicina e, em especial, nesse momento da pandemia do coronav\u00edrus, da Sociedade Brasileira de Infectologia, conforme\u00a0<a href=\"https:\/\/cbic.org.br\/wp-content\/uploads\/2020\/04\/Minist-rio-da-Sa-de-Nota-t-cnica-sobre-uso-de-m-scara-caseiras.pdf\"><strong>Nota T\u00e9cnica do Minist\u00e9rio da Sa\u00fade<\/strong><\/a>\u00a0e\u00a0<a href=\"https:\/\/cbic.org.br\/wp-content\/uploads\/2020\/04\/usodemascarassbi342020.pdf.pdf\"><strong>Nota de Esclarecimento da Sociedade Brasileira de Infectologia<\/strong><\/a>\u00a0sobre o uso das m\u00e1scaras.<\/p>\n<p style=\"text-align: justify;\">Em raz\u00e3o da escassez de EPIs em diversos pa\u00edses, em especial das m\u00e1scaras cir\u00fargicas e N95\/PFF2, para o uso de profissionais nos servi\u00e7os de sa\u00fade, o Minist\u00e9rio da Sa\u00fade recomenda que m\u00e1scaras cir\u00fargicas e N95\/PFF2 sejam priorizadas para os profissionais para garantir a manuten\u00e7\u00e3o dos servi\u00e7os de sa\u00fade.<\/p>\n<p style=\"text-align: justify;\">O uso de m\u00e1scaras caseiras, por tanto, passa a ser um fen\u00f4meno internacional no enfrentamento da Covid-19 visando minimizar o aumento de casos. As pesquisas t\u00eam apontado que a sua utiliza\u00e7\u00e3o impede a dissemina\u00e7\u00e3o de got\u00edculas expelidas do nariz ou da boca do usu\u00e1rio no ambiente, garantindo uma barreira f\u00edsica que vem auxiliando na mudan\u00e7a de comportamento da popula\u00e7\u00e3o e diminui\u00e7\u00e3o de casos.<\/p>\n<p style=\"text-align: justify;\">As m\u00e1scaras caseiras podem ser produzidas em tecido de algod\u00e3o, tricoline, TNT, ou outros tecidos, que podem assegurar uma boa efetividade se forem bem desenhadas e higienizadas corretamente.<\/p>\n<p style=\"text-align: justify;\">O importante \u00e9 que a m\u00e1scara seja feita nas medidas corretas cobrindo totalmente a boca e nariz e que esteja bem ajustada ao rosto, sem deixar espa\u00e7os nas laterais.<\/p>\n<p style=\"text-align: justify;\">\n<h3 style=\"text-align: justify;\">Conhe\u00e7a a Associa\u00e7\u00e3o Seconci-Brasil<\/h3>\n<p style=\"text-align: justify;\">Criada em 2011, a Associa\u00e7\u00e3o Seconci-Brasil conta com Servi\u00e7os Sociais da Constru\u00e7\u00e3o Civil (Seconcis) em 29 munic\u00edpios, em 10 estados brasileiros, permitindo o alcance de cerca de 630 mil trabalhadores e seus familiares.<\/p>\n<p style=\"text-align: justify;\">Al\u00e9m da assist\u00eancia em medicina e odontologia, os Seconcis expandiram sua atua\u00e7\u00e3o, oferecendo \u00e0s empresas os servi\u00e7os de medicina ocupacional e seguran\u00e7a do trabalho, em atendimento \u00e0s Normas Regulamentadoras, com qualidade e confiabilidade. Confira os dados gerais dos servi\u00e7os sociais da ind\u00fastria da constru\u00e7\u00e3o:<\/p>\n<p style=\"text-align: justify;\">\n<p style=\"text-align: justify;\"><strong>Dados Gerais<\/strong><\/p>\n<ul style=\"text-align: justify;\">\n<li>9.042 empresas contribuintes<\/li>\n<li>638.723 benefici\u00e1rios<\/li>\n<li>1.622 funcion\u00e1rios e prestadores de servi\u00e7o<\/li>\n<\/ul>\n<p style=\"text-align: justify;\">\n<p style=\"text-align: justify;\"><strong>Programas Ocupacionais\/Ano<\/strong><\/p>\n<ul style=\"text-align: justify;\">\n<li>4.000 empresas atendidas com Programa de Controle M\u00e9dico de Sa\u00fade Ocupacional (PCMSO)<\/li>\n<li>5.432 empresas atendidas com Programa de Preven\u00e7\u00e3o dos Riscos Ambientais (PPRA) ou Programa de Controle de Condi\u00e7\u00f5es e Meio Ambiente de Trabalho na Constru\u00e7\u00e3o Civil (PCMAT)<\/li>\n<li>246.558 Trabalhadores cobertos pelo PCMSO<\/li>\n<li>116.015 Trabalhadores treinados\/ano<\/li>\n<\/ul>\n<p style=\"text-align: justify;\">\n<p style=\"text-align: justify;\"><strong>Atendimentos Assistenciais<\/strong><\/p>\n<ul>\n<li style=\"text-align: justify;\">571.255 consultas m\u00e9dicas\/ano<\/li>\n<li style=\"text-align: justify;\">428.587 consultas odontol\u00f3gicas\/ano<\/li>\n<li style=\"text-align: justify;\">1.282.441 exames complementares \/ano<\/li>\n<\/ul>\n","protected":false},"excerpt":{"rendered":"<p>A Associa\u00e7\u00e3o dos Servi\u00e7os Sociais da Ind\u00fastria da Constru\u00e7\u00e3o Civil (Seconci-Brasil) recomenda o uso de m\u00e1scaras caseiras de tecido pelos trabalhadores do setor da constru\u00e7\u00e3o, tanto nos deslocamentos para o trabalho\/casa quanto no canteiro de obras\u00a0para aqueles que n\u00e3o necessitam usar m\u00e1scara espec\u00edfica da atividade a t\u00edtulo de Equipamento de Prote\u00e7\u00e3o Individual (EPI). As m\u00e1scaras, [&hellip;]<\/p>\n","protected":false},"author":3,"featured_media":9210,"comment_status":"closed","ping_status":"closed","sticky":false,"template":"","format":"standard","meta":{"footnotes":""},"categories":[92],"tags":[],"class_list":["post-9209","post","type-post","status-publish","format-standard","has-post-thumbnail","hentry","category-seconci-brasil"],"yoast_head":"<!-- This site is optimized with the Yoast SEO plugin v26.9 - https:\/\/yoast.com\/product\/yoast-seo-wordpress\/ -->\n<title>Covid-19: Seconci Brasil esclarece sobre o uso de m\u00e1scaras caseiras - Seconci Brasil<\/title>\n<meta name=\"robots\" content=\"index, follow, max-snippet:-1, max-image-preview:large, max-video-preview:-1\" \/>\n<link rel=\"canonical\" href=\"https:\/\/seconci.com.br\/site\/2020\/04\/07\/covid-19-seconci-brasil-esclarece-sobre-o-uso-de-mascaras-caseiras\/\" \/>\n<meta property=\"og:locale\" content=\"pt_PT\" \/>\n<meta property=\"og:type\" content=\"article\" \/>\n<meta property=\"og:title\" content=\"Covid-19: Seconci Brasil esclarece sobre o uso de m\u00e1scaras caseiras - Seconci Brasil\" \/>\n<meta property=\"og:description\" content=\"A Associa\u00e7\u00e3o dos Servi\u00e7os Sociais da Ind\u00fastria da Constru\u00e7\u00e3o Civil (Seconci-Brasil) recomenda o uso de m\u00e1scaras caseiras de tecido pelos trabalhadores do setor da constru\u00e7\u00e3o, tanto nos deslocamentos para o trabalho\/casa quanto no canteiro de obras\u00a0para aqueles que n\u00e3o necessitam usar m\u00e1scara espec\u00edfica da atividade a t\u00edtulo de Equipamento de Prote\u00e7\u00e3o Individual (EPI). As m\u00e1scaras, [&hellip;]\" \/>\n<meta property=\"og:url\" content=\"https:\/\/seconci.com.br\/site\/2020\/04\/07\/covid-19-seconci-brasil-esclarece-sobre-o-uso-de-mascaras-caseiras\/\" \/>\n<meta property=\"og:site_name\" content=\"Seconci Brasil\" \/>\n<meta property=\"article:published_time\" content=\"2020-04-07T13:50:12+00:00\" \/>\n<meta property=\"og:image\" content=\"https:\/\/seconci.com.br\/site\/wp-content\/uploads\/2020\/04\/M\u00e1scara_Sul_21.jpeg\" \/>\n\t<meta property=\"og:image:width\" content=\"1280\" \/>\n\t<meta property=\"og:image:height\" content=\"720\" \/>\n\t<meta property=\"og:image:type\" content=\"image\/jpeg\" \/>\n<meta name=\"author\" content=\"Sidney Rocha\" \/>\n<meta name=\"twitter:card\" content=\"summary_large_image\" \/>\n<meta name=\"twitter:label1\" content=\"Escrito por\" \/>\n\t<meta name=\"twitter:data1\" content=\"Sidney Rocha\" \/>\n\t<meta name=\"twitter:label2\" content=\"Tempo estimado de leitura\" \/>\n\t<meta name=\"twitter:data2\" content=\"3 minutos\" \/>\n<script type=\"application\/ld+json\" class=\"yoast-schema-graph\">{\"@context\":\"https:\/\/schema.org\",\"@graph\":[{\"@type\":\"Article\",\"@id\":\"https:\/\/seconci.com.br\/site\/2020\/04\/07\/covid-19-seconci-brasil-esclarece-sobre-o-uso-de-mascaras-caseiras\/#article\",\"isPartOf\":{\"@id\":\"https:\/\/seconci.com.br\/site\/2020\/04\/07\/covid-19-seconci-brasil-esclarece-sobre-o-uso-de-mascaras-caseiras\/\"},\"author\":{\"name\":\"Sidney Rocha\",\"@id\":\"https:\/\/seconci.com.br\/site\/#\/schema\/person\/1d79afd97ddc8f2c68c1e88e298aa8e2\"},\"headline\":\"Covid-19: Seconci Brasil esclarece sobre o uso de m\u00e1scaras caseiras\",\"datePublished\":\"2020-04-07T13:50:12+00:00\",\"mainEntityOfPage\":{\"@id\":\"https:\/\/seconci.com.br\/site\/2020\/04\/07\/covid-19-seconci-brasil-esclarece-sobre-o-uso-de-mascaras-caseiras\/\"},\"wordCount\":562,\"publisher\":{\"@id\":\"https:\/\/seconci.com.br\/site\/#organization\"},\"image\":{\"@id\":\"https:\/\/seconci.com.br\/site\/2020\/04\/07\/covid-19-seconci-brasil-esclarece-sobre-o-uso-de-mascaras-caseiras\/#primaryimage\"},\"thumbnailUrl\":\"https:\/\/seconci.com.br\/site\/wp-content\/uploads\/2020\/04\/M\u00e1scara_Sul_21.jpeg\",\"articleSection\":[\"Seconci Brasil\"],\"inLanguage\":\"pt-PT\"},{\"@type\":\"WebPage\",\"@id\":\"https:\/\/seconci.com.br\/site\/2020\/04\/07\/covid-19-seconci-brasil-esclarece-sobre-o-uso-de-mascaras-caseiras\/\",\"url\":\"https:\/\/seconci.com.br\/site\/2020\/04\/07\/covid-19-seconci-brasil-esclarece-sobre-o-uso-de-mascaras-caseiras\/\",\"name\":\"Covid-19: Seconci Brasil esclarece sobre o uso de m\u00e1scaras caseiras - Seconci Brasil\",\"isPartOf\":{\"@id\":\"https:\/\/seconci.com.br\/site\/#website\"},\"primaryImageOfPage\":{\"@id\":\"https:\/\/seconci.com.br\/site\/2020\/04\/07\/covid-19-seconci-brasil-esclarece-sobre-o-uso-de-mascaras-caseiras\/#primaryimage\"},\"image\":{\"@id\":\"https:\/\/seconci.com.br\/site\/2020\/04\/07\/covid-19-seconci-brasil-esclarece-sobre-o-uso-de-mascaras-caseiras\/#primaryimage\"},\"thumbnailUrl\":\"https:\/\/seconci.com.br\/site\/wp-content\/uploads\/2020\/04\/M\u00e1scara_Sul_21.jpeg\",\"datePublished\":\"2020-04-07T13:50:12+00:00\",\"breadcrumb\":{\"@id\":\"https:\/\/seconci.com.br\/site\/2020\/04\/07\/covid-19-seconci-brasil-esclarece-sobre-o-uso-de-mascaras-caseiras\/#breadcrumb\"},\"inLanguage\":\"pt-PT\",\"potentialAction\":[{\"@type\":\"ReadAction\",\"target\":[\"https:\/\/seconci.com.br\/site\/2020\/04\/07\/covid-19-seconci-brasil-esclarece-sobre-o-uso-de-mascaras-caseiras\/\"]}]},{\"@type\":\"ImageObject\",\"inLanguage\":\"pt-PT\",\"@id\":\"https:\/\/seconci.com.br\/site\/2020\/04\/07\/covid-19-seconci-brasil-esclarece-sobre-o-uso-de-mascaras-caseiras\/#primaryimage\",\"url\":\"https:\/\/seconci.com.br\/site\/wp-content\/uploads\/2020\/04\/M\u00e1scara_Sul_21.jpeg\",\"contentUrl\":\"https:\/\/seconci.com.br\/site\/wp-content\/uploads\/2020\/04\/M\u00e1scara_Sul_21.jpeg\",\"width\":1280,\"height\":720},{\"@type\":\"BreadcrumbList\",\"@id\":\"https:\/\/seconci.com.br\/site\/2020\/04\/07\/covid-19-seconci-brasil-esclarece-sobre-o-uso-de-mascaras-caseiras\/#breadcrumb\",\"itemListElement\":[{\"@type\":\"ListItem\",\"position\":1,\"name\":\"In\u00edcio\",\"item\":\"https:\/\/seconci.com.br\/site\/\"},{\"@type\":\"ListItem\",\"position\":2,\"name\":\"Covid-19: Seconci Brasil esclarece sobre o uso de m\u00e1scaras caseiras\"}]},{\"@type\":\"WebSite\",\"@id\":\"https:\/\/seconci.com.br\/site\/#website\",\"url\":\"https:\/\/seconci.com.br\/site\/\",\"name\":\"Seconci Brasil\",\"description\":\"\",\"publisher\":{\"@id\":\"https:\/\/seconci.com.br\/site\/#organization\"},\"potentialAction\":[{\"@type\":\"SearchAction\",\"target\":{\"@type\":\"EntryPoint\",\"urlTemplate\":\"https:\/\/seconci.com.br\/site\/?s={search_term_string}\"},\"query-input\":{\"@type\":\"PropertyValueSpecification\",\"valueRequired\":true,\"valueName\":\"search_term_string\"}}],\"inLanguage\":\"pt-PT\"},{\"@type\":\"Organization\",\"@id\":\"https:\/\/seconci.com.br\/site\/#organization\",\"name\":\"Seconci Brasil\",\"url\":\"https:\/\/seconci.com.br\/site\/\",\"logo\":{\"@type\":\"ImageObject\",\"inLanguage\":\"pt-PT\",\"@id\":\"https:\/\/seconci.com.br\/site\/#\/schema\/logo\/image\/\",\"url\":\"https:\/\/seconci.com.br\/site\/wp-content\/uploads\/2024\/08\/Logo-Seconci-Brasil-branca-2.png\",\"contentUrl\":\"https:\/\/seconci.com.br\/site\/wp-content\/uploads\/2024\/08\/Logo-Seconci-Brasil-branca-2.png\",\"width\":1315,\"height\":598,\"caption\":\"Seconci Brasil\"},\"image\":{\"@id\":\"https:\/\/seconci.com.br\/site\/#\/schema\/logo\/image\/\"}},{\"@type\":\"Person\",\"@id\":\"https:\/\/seconci.com.br\/site\/#\/schema\/person\/1d79afd97ddc8f2c68c1e88e298aa8e2\",\"name\":\"Sidney Rocha\",\"description\":\"Comunicador e estagi\u00e1rio do Seconci Brasil.\",\"url\":\"https:\/\/seconci.com.br\/site\/author\/sidney-rocha\/\"}]}<\/script>\n<!-- \/ Yoast SEO plugin. -->","yoast_head_json":{"title":"Covid-19: Seconci Brasil esclarece sobre o uso de m\u00e1scaras caseiras - Seconci Brasil","robots":{"index":"index","follow":"follow","max-snippet":"max-snippet:-1","max-image-preview":"max-image-preview:large","max-video-preview":"max-video-preview:-1"},"canonical":"https:\/\/seconci.com.br\/site\/2020\/04\/07\/covid-19-seconci-brasil-esclarece-sobre-o-uso-de-mascaras-caseiras\/","og_locale":"pt_PT","og_type":"article","og_title":"Covid-19: Seconci Brasil esclarece sobre o uso de m\u00e1scaras caseiras - Seconci Brasil","og_description":"A Associa\u00e7\u00e3o dos Servi\u00e7os Sociais da Ind\u00fastria da Constru\u00e7\u00e3o Civil (Seconci-Brasil) recomenda o uso de m\u00e1scaras caseiras de tecido pelos trabalhadores do setor da constru\u00e7\u00e3o, tanto nos deslocamentos para o trabalho\/casa quanto no canteiro de obras\u00a0para aqueles que n\u00e3o necessitam usar m\u00e1scara espec\u00edfica da atividade a t\u00edtulo de Equipamento de Prote\u00e7\u00e3o Individual (EPI). As m\u00e1scaras, [&hellip;]","og_url":"https:\/\/seconci.com.br\/site\/2020\/04\/07\/covid-19-seconci-brasil-esclarece-sobre-o-uso-de-mascaras-caseiras\/","og_site_name":"Seconci Brasil","article_published_time":"2020-04-07T13:50:12+00:00","og_image":[{"width":1280,"height":720,"url":"https:\/\/seconci.com.br\/site\/wp-content\/uploads\/2020\/04\/M\u00e1scara_Sul_21.jpeg","type":"image\/jpeg"}],"author":"Sidney Rocha","twitter_card":"summary_large_image","twitter_misc":{"Escrito por":"Sidney Rocha","Tempo estimado de leitura":"3 minutos"},"schema":{"@context":"https:\/\/schema.org","@graph":[{"@type":"Article","@id":"https:\/\/seconci.com.br\/site\/2020\/04\/07\/covid-19-seconci-brasil-esclarece-sobre-o-uso-de-mascaras-caseiras\/#article","isPartOf":{"@id":"https:\/\/seconci.com.br\/site\/2020\/04\/07\/covid-19-seconci-brasil-esclarece-sobre-o-uso-de-mascaras-caseiras\/"},"author":{"name":"Sidney Rocha","@id":"https:\/\/seconci.com.br\/site\/#\/schema\/person\/1d79afd97ddc8f2c68c1e88e298aa8e2"},"headline":"Covid-19: Seconci Brasil esclarece sobre o uso de m\u00e1scaras caseiras","datePublished":"2020-04-07T13:50:12+00:00","mainEntityOfPage":{"@id":"https:\/\/seconci.com.br\/site\/2020\/04\/07\/covid-19-seconci-brasil-esclarece-sobre-o-uso-de-mascaras-caseiras\/"},"wordCount":562,"publisher":{"@id":"https:\/\/seconci.com.br\/site\/#organization"},"image":{"@id":"https:\/\/seconci.com.br\/site\/2020\/04\/07\/covid-19-seconci-brasil-esclarece-sobre-o-uso-de-mascaras-caseiras\/#primaryimage"},"thumbnailUrl":"https:\/\/seconci.com.br\/site\/wp-content\/uploads\/2020\/04\/M\u00e1scara_Sul_21.jpeg","articleSection":["Seconci Brasil"],"inLanguage":"pt-PT"},{"@type":"WebPage","@id":"https:\/\/seconci.com.br\/site\/2020\/04\/07\/covid-19-seconci-brasil-esclarece-sobre-o-uso-de-mascaras-caseiras\/","url":"https:\/\/seconci.com.br\/site\/2020\/04\/07\/covid-19-seconci-brasil-esclarece-sobre-o-uso-de-mascaras-caseiras\/","name":"Covid-19: Seconci Brasil esclarece sobre o uso de m\u00e1scaras caseiras - Seconci Brasil","isPartOf":{"@id":"https:\/\/seconci.com.br\/site\/#website"},"primaryImageOfPage":{"@id":"https:\/\/seconci.com.br\/site\/2020\/04\/07\/covid-19-seconci-brasil-esclarece-sobre-o-uso-de-mascaras-caseiras\/#primaryimage"},"image":{"@id":"https:\/\/seconci.com.br\/site\/2020\/04\/07\/covid-19-seconci-brasil-esclarece-sobre-o-uso-de-mascaras-caseiras\/#primaryimage"},"thumbnailUrl":"https:\/\/seconci.com.br\/site\/wp-content\/uploads\/2020\/04\/M\u00e1scara_Sul_21.jpeg","datePublished":"2020-04-07T13:50:12+00:00","breadcrumb":{"@id":"https:\/\/seconci.com.br\/site\/2020\/04\/07\/covid-19-seconci-brasil-esclarece-sobre-o-uso-de-mascaras-caseiras\/#breadcrumb"},"inLanguage":"pt-PT","potentialAction":[{"@type":"ReadAction","target":["https:\/\/seconci.com.br\/site\/2020\/04\/07\/covid-19-seconci-brasil-esclarece-sobre-o-uso-de-mascaras-caseiras\/"]}]},{"@type":"ImageObject","inLanguage":"pt-PT","@id":"https:\/\/seconci.com.br\/site\/2020\/04\/07\/covid-19-seconci-brasil-esclarece-sobre-o-uso-de-mascaras-caseiras\/#primaryimage","url":"https:\/\/seconci.com.br\/site\/wp-content\/uploads\/2020\/04\/M\u00e1scara_Sul_21.jpeg","contentUrl":"https:\/\/seconci.com.br\/site\/wp-content\/uploads\/2020\/04\/M\u00e1scara_Sul_21.jpeg","width":1280,"height":720},{"@type":"BreadcrumbList","@id":"https:\/\/seconci.com.br\/site\/2020\/04\/07\/covid-19-seconci-brasil-esclarece-sobre-o-uso-de-mascaras-caseiras\/#breadcrumb","itemListElement":[{"@type":"ListItem","position":1,"name":"In\u00edcio","item":"https:\/\/seconci.com.br\/site\/"},{"@type":"ListItem","position":2,"name":"Covid-19: Seconci Brasil esclarece sobre o uso de m\u00e1scaras caseiras"}]},{"@type":"WebSite","@id":"https:\/\/seconci.com.br\/site\/#website","url":"https:\/\/seconci.com.br\/site\/","name":"Seconci Brasil","description":"","publisher":{"@id":"https:\/\/seconci.com.br\/site\/#organization"},"potentialAction":[{"@type":"SearchAction","target":{"@type":"EntryPoint","urlTemplate":"https:\/\/seconci.com.br\/site\/?s={search_term_string}"},"query-input":{"@type":"PropertyValueSpecification","valueRequired":true,"valueName":"search_term_string"}}],"inLanguage":"pt-PT"},{"@type":"Organization","@id":"https:\/\/seconci.com.br\/site\/#organization","name":"Seconci Brasil","url":"https:\/\/seconci.com.br\/site\/","logo":{"@type":"ImageObject","inLanguage":"pt-PT","@id":"https:\/\/seconci.com.br\/site\/#\/schema\/logo\/image\/","url":"https:\/\/seconci.com.br\/site\/wp-content\/uploads\/2024\/08\/Logo-Seconci-Brasil-branca-2.png","contentUrl":"https:\/\/seconci.com.br\/site\/wp-content\/uploads\/2024\/08\/Logo-Seconci-Brasil-branca-2.png","width":1315,"height":598,"caption":"Seconci Brasil"},"image":{"@id":"https:\/\/seconci.com.br\/site\/#\/schema\/logo\/image\/"}},{"@type":"Person","@id":"https:\/\/seconci.com.br\/site\/#\/schema\/person\/1d79afd97ddc8f2c68c1e88e298aa8e2","name":"Sidney Rocha","description":"Comunicador e estagi\u00e1rio do Seconci Brasil.","url":"https:\/\/seconci.com.br\/site\/author\/sidney-rocha\/"}]}},"_links":{"self":[{"href":"https:\/\/seconci.com.br\/site\/wp-json\/wp\/v2\/posts\/9209","targetHints":{"allow":["GET"]}}],"collection":[{"href":"https:\/\/seconci.com.br\/site\/wp-json\/wp\/v2\/posts"}],"about":[{"href":"https:\/\/seconci.com.br\/site\/wp-json\/wp\/v2\/types\/post"}],"author":[{"embeddable":true,"href":"https:\/\/seconci.com.br\/site\/wp-json\/wp\/v2\/users\/3"}],"replies":[{"embeddable":true,"href":"https:\/\/seconci.com.br\/site\/wp-json\/wp\/v2\/comments?post=9209"}],"version-history":[{"count":0,"href":"https:\/\/seconci.com.br\/site\/wp-json\/wp\/v2\/posts\/9209\/revisions"}],"wp:featuredmedia":[{"embeddable":true,"href":"https:\/\/seconci.com.br\/site\/wp-json\/wp\/v2\/media\/9210"}],"wp:attachment":[{"href":"https:\/\/seconci.com.br\/site\/wp-json\/wp\/v2\/media?parent=9209"}],"wp:term":[{"taxonomy":"category","embeddable":true,"href":"https:\/\/seconci.com.br\/site\/wp-json\/wp\/v2\/categories?post=9209"},{"taxonomy":"post_tag","embeddable":true,"href":"https:\/\/seconci.com.br\/site\/wp-json\/wp\/v2\/tags?post=9209"}],"curies":[{"name":"wp","href":"https:\/\/api.w.org\/{rel}","templated":true}]}}