{"id":9212,"date":"2020-04-07T15:07:10","date_gmt":"2020-04-07T15:07:10","guid":{"rendered":"https:\/\/seconci.com.br\/site\/?p=9212"},"modified":"2020-04-07T15:07:10","modified_gmt":"2020-04-07T15:07:10","slug":"covid-19-como-monitorar-a-saude-de-seus-trabalhadores-em-home-office","status":"publish","type":"post","link":"https:\/\/seconci.com.br\/site\/2020\/04\/07\/covid-19-como-monitorar-a-saude-de-seus-trabalhadores-em-home-office\/","title":{"rendered":"Covid-19: Como monitorar a sa\u00fade de seus trabalhadores em home office?"},"content":{"rendered":"<p>Na aus\u00eancia dos Exames M\u00e9dicos Ocupacionais, suspensos temporariamente pela Medida Provis\u00f3ria 927\/2020, que trata de medidas trabalhistas para enfrentamento da emerg\u00eancia de sa\u00fade p\u00fablica decorrente do coronav\u00edrus (Covid-19), o m\u00e9dico do trabalho e consultor de Seguran\u00e7a e Sa\u00fade no Trabalho (SST), Gustavo Nicolai, sugere \u00e0s empresas a ado\u00e7\u00e3o de um\u00a0<strong>modelo de acompanhamento da sa\u00fade dos trabalhadores em home office<\/strong>.<\/p>\n<p>A sugest\u00e3o visa o acompanhamento remoto dos empregados, com o objetivo de avaliar suas condi\u00e7\u00f5es f\u00edsicas e psicol\u00f3gicas, bem como os aspectos ergon\u00f4micos de suas atividades.<\/p>\n<p>O formul\u00e1rio\u00a0<a href=\"https:\/\/gustavonicolai.com.br\/como-monitorar-a-saude-de-seus-empregados-em-home-office\/\">\u201cComo monitorar a sa\u00fade de seus trabalhadores em home office\u201d<\/a>\u00a0pretende entender como o funcion\u00e1rio est\u00e1 desempenhando as atividades administrativas dentro de casa, em termos de ergonomia no seu posto de trabalho. \u201cAs condi\u00e7\u00f5es de trabalho na empresa geralmente s\u00e3o bem mais controladas\u201d, afirma Nicolai,<\/p>\n<p>A preocupa\u00e7\u00e3o \u00e9 que o trabalhador possa corrigir a altura do monitor e, se usa notebook, usar um teclado e um mouse externos para melhorar postura e altura, preservando pesco\u00e7o, ombros, coluna.<\/p>\n<p>Outro ponto, segundo o m\u00e9dico do trabalho, se refere \u00e0 sa\u00fade mental. A an\u00e1lise das respostas pode revelar problemas importantes e direcionar a tomada de decis\u00f5es e a\u00e7\u00f5es da empresa, em tempos de Distanciamento Social.<\/p>\n<p>\u201cH\u00e1 estudos que sugerem preocupa\u00e7\u00e3o com rela\u00e7\u00e3o ao isolamento social. A preocupa\u00e7\u00e3o \u00e9 que o trabalhador possa desenvolver, com o tempo, transtornos mentais decorrentes do isolamento\u201d, frisa. Segundo Nicolai, respostas ao formul\u00e1rio podem denotar um quadro depressivo, in\u00edcio de depress\u00e3o, uma s\u00edndrome de adapta\u00e7\u00e3o ou uma caracter\u00edstica de ansiedade maior. A ideia \u00e9 o question\u00e1rio servir como um rastreamento\u201d, diz.<\/p>\n<p>O question\u00e1rio modelo pode ser usado em sistemas informatizados de Seguran\u00e7a e Sa\u00fade no Trabalho (SST) ou plataformas de pesquisa, para identificar, de forma r\u00e1pida e eficaz, os aspectos de sa\u00fade relacionados ao teletrabalho. \u201c\u00c9 um formul\u00e1rio modelo. As empresas podem adapt\u00e1-lo, dentro do seu contexto, para rastrear e mapear seu empregado e entender como est\u00e1 a sua sa\u00fade\u201d.<\/p>\n<p><em><strong>Fonte: Ag\u00eancia Cbic<\/strong><\/em><\/p>\n","protected":false},"excerpt":{"rendered":"<p>Na aus\u00eancia dos Exames M\u00e9dicos Ocupacionais, suspensos temporariamente pela Medida Provis\u00f3ria 927\/2020, que trata de medidas trabalhistas para enfrentamento da emerg\u00eancia de sa\u00fade p\u00fablica decorrente do coronav\u00edrus (Covid-19), o m\u00e9dico do trabalho e consultor de Seguran\u00e7a e Sa\u00fade no Trabalho (SST), Gustavo Nicolai, sugere \u00e0s empresas a ado\u00e7\u00e3o de um\u00a0modelo de acompanhamento da sa\u00fade dos [&hellip;]<\/p>\n","protected":false},"author":3,"featured_media":9213,"comment_status":"closed","ping_status":"closed","sticky":false,"template":"","format":"standard","meta":{"footnotes":""},"categories":[92],"tags":[],"class_list":["post-9212","post","type-post","status-publish","format-standard","has-post-thumbnail","hentry","category-seconci-brasil"],"yoast_head":"<!-- This site is optimized with the Yoast SEO plugin v26.9 - https:\/\/yoast.com\/product\/yoast-seo-wordpress\/ -->\n<title>Covid-19: Como monitorar a sa\u00fade de seus trabalhadores em home office? - Seconci Brasil<\/title>\n<meta name=\"robots\" content=\"index, follow, max-snippet:-1, max-image-preview:large, max-video-preview:-1\" \/>\n<link rel=\"canonical\" href=\"https:\/\/seconci.com.br\/site\/2020\/04\/07\/covid-19-como-monitorar-a-saude-de-seus-trabalhadores-em-home-office\/\" \/>\n<meta property=\"og:locale\" content=\"pt_PT\" \/>\n<meta property=\"og:type\" content=\"article\" \/>\n<meta property=\"og:title\" content=\"Covid-19: Como monitorar a sa\u00fade de seus trabalhadores em home office? - Seconci Brasil\" \/>\n<meta property=\"og:description\" content=\"Na aus\u00eancia dos Exames M\u00e9dicos Ocupacionais, suspensos temporariamente pela Medida Provis\u00f3ria 927\/2020, que trata de medidas trabalhistas para enfrentamento da emerg\u00eancia de sa\u00fade p\u00fablica decorrente do coronav\u00edrus (Covid-19), o m\u00e9dico do trabalho e consultor de Seguran\u00e7a e Sa\u00fade no Trabalho (SST), Gustavo Nicolai, sugere \u00e0s empresas a ado\u00e7\u00e3o de um\u00a0modelo de acompanhamento da sa\u00fade dos [&hellip;]\" \/>\n<meta property=\"og:url\" content=\"https:\/\/seconci.com.br\/site\/2020\/04\/07\/covid-19-como-monitorar-a-saude-de-seus-trabalhadores-em-home-office\/\" \/>\n<meta property=\"og:site_name\" content=\"Seconci Brasil\" \/>\n<meta property=\"article:published_time\" content=\"2020-04-07T15:07:10+00:00\" \/>\n<meta property=\"og:image\" content=\"https:\/\/seconci.com.br\/site\/wp-content\/uploads\/2020\/04\/30174.jpg\" \/>\n\t<meta property=\"og:image:width\" content=\"800\" \/>\n\t<meta property=\"og:image:height\" content=\"400\" \/>\n\t<meta property=\"og:image:type\" content=\"image\/jpeg\" \/>\n<meta name=\"author\" content=\"Sidney Rocha\" \/>\n<meta name=\"twitter:card\" content=\"summary_large_image\" \/>\n<meta name=\"twitter:label1\" content=\"Escrito por\" \/>\n\t<meta name=\"twitter:data1\" content=\"Sidney Rocha\" \/>\n\t<meta name=\"twitter:label2\" content=\"Tempo estimado de leitura\" \/>\n\t<meta name=\"twitter:data2\" content=\"2 minutos\" \/>\n<script type=\"application\/ld+json\" class=\"yoast-schema-graph\">{\"@context\":\"https:\/\/schema.org\",\"@graph\":[{\"@type\":\"Article\",\"@id\":\"https:\/\/seconci.com.br\/site\/2020\/04\/07\/covid-19-como-monitorar-a-saude-de-seus-trabalhadores-em-home-office\/#article\",\"isPartOf\":{\"@id\":\"https:\/\/seconci.com.br\/site\/2020\/04\/07\/covid-19-como-monitorar-a-saude-de-seus-trabalhadores-em-home-office\/\"},\"author\":{\"name\":\"Sidney Rocha\",\"@id\":\"https:\/\/seconci.com.br\/site\/#\/schema\/person\/1d79afd97ddc8f2c68c1e88e298aa8e2\"},\"headline\":\"Covid-19: Como monitorar a sa\u00fade de seus trabalhadores em home office?\",\"datePublished\":\"2020-04-07T15:07:10+00:00\",\"mainEntityOfPage\":{\"@id\":\"https:\/\/seconci.com.br\/site\/2020\/04\/07\/covid-19-como-monitorar-a-saude-de-seus-trabalhadores-em-home-office\/\"},\"wordCount\":376,\"publisher\":{\"@id\":\"https:\/\/seconci.com.br\/site\/#organization\"},\"image\":{\"@id\":\"https:\/\/seconci.com.br\/site\/2020\/04\/07\/covid-19-como-monitorar-a-saude-de-seus-trabalhadores-em-home-office\/#primaryimage\"},\"thumbnailUrl\":\"https:\/\/seconci.com.br\/site\/wp-content\/uploads\/2020\/04\/30174.jpg\",\"articleSection\":[\"Seconci Brasil\"],\"inLanguage\":\"pt-PT\"},{\"@type\":\"WebPage\",\"@id\":\"https:\/\/seconci.com.br\/site\/2020\/04\/07\/covid-19-como-monitorar-a-saude-de-seus-trabalhadores-em-home-office\/\",\"url\":\"https:\/\/seconci.com.br\/site\/2020\/04\/07\/covid-19-como-monitorar-a-saude-de-seus-trabalhadores-em-home-office\/\",\"name\":\"Covid-19: Como monitorar a sa\u00fade de seus trabalhadores em home office? - Seconci Brasil\",\"isPartOf\":{\"@id\":\"https:\/\/seconci.com.br\/site\/#website\"},\"primaryImageOfPage\":{\"@id\":\"https:\/\/seconci.com.br\/site\/2020\/04\/07\/covid-19-como-monitorar-a-saude-de-seus-trabalhadores-em-home-office\/#primaryimage\"},\"image\":{\"@id\":\"https:\/\/seconci.com.br\/site\/2020\/04\/07\/covid-19-como-monitorar-a-saude-de-seus-trabalhadores-em-home-office\/#primaryimage\"},\"thumbnailUrl\":\"https:\/\/seconci.com.br\/site\/wp-content\/uploads\/2020\/04\/30174.jpg\",\"datePublished\":\"2020-04-07T15:07:10+00:00\",\"breadcrumb\":{\"@id\":\"https:\/\/seconci.com.br\/site\/2020\/04\/07\/covid-19-como-monitorar-a-saude-de-seus-trabalhadores-em-home-office\/#breadcrumb\"},\"inLanguage\":\"pt-PT\",\"potentialAction\":[{\"@type\":\"ReadAction\",\"target\":[\"https:\/\/seconci.com.br\/site\/2020\/04\/07\/covid-19-como-monitorar-a-saude-de-seus-trabalhadores-em-home-office\/\"]}]},{\"@type\":\"ImageObject\",\"inLanguage\":\"pt-PT\",\"@id\":\"https:\/\/seconci.com.br\/site\/2020\/04\/07\/covid-19-como-monitorar-a-saude-de-seus-trabalhadores-em-home-office\/#primaryimage\",\"url\":\"https:\/\/seconci.com.br\/site\/wp-content\/uploads\/2020\/04\/30174.jpg\",\"contentUrl\":\"https:\/\/seconci.com.br\/site\/wp-content\/uploads\/2020\/04\/30174.jpg\",\"width\":800,\"height\":400,\"caption\":\"Caucasian man working shoot\"},{\"@type\":\"BreadcrumbList\",\"@id\":\"https:\/\/seconci.com.br\/site\/2020\/04\/07\/covid-19-como-monitorar-a-saude-de-seus-trabalhadores-em-home-office\/#breadcrumb\",\"itemListElement\":[{\"@type\":\"ListItem\",\"position\":1,\"name\":\"In\u00edcio\",\"item\":\"https:\/\/seconci.com.br\/site\/\"},{\"@type\":\"ListItem\",\"position\":2,\"name\":\"Covid-19: Como monitorar a sa\u00fade de seus trabalhadores em home office?\"}]},{\"@type\":\"WebSite\",\"@id\":\"https:\/\/seconci.com.br\/site\/#website\",\"url\":\"https:\/\/seconci.com.br\/site\/\",\"name\":\"Seconci Brasil\",\"description\":\"\",\"publisher\":{\"@id\":\"https:\/\/seconci.com.br\/site\/#organization\"},\"potentialAction\":[{\"@type\":\"SearchAction\",\"target\":{\"@type\":\"EntryPoint\",\"urlTemplate\":\"https:\/\/seconci.com.br\/site\/?s={search_term_string}\"},\"query-input\":{\"@type\":\"PropertyValueSpecification\",\"valueRequired\":true,\"valueName\":\"search_term_string\"}}],\"inLanguage\":\"pt-PT\"},{\"@type\":\"Organization\",\"@id\":\"https:\/\/seconci.com.br\/site\/#organization\",\"name\":\"Seconci Brasil\",\"url\":\"https:\/\/seconci.com.br\/site\/\",\"logo\":{\"@type\":\"ImageObject\",\"inLanguage\":\"pt-PT\",\"@id\":\"https:\/\/seconci.com.br\/site\/#\/schema\/logo\/image\/\",\"url\":\"https:\/\/seconci.com.br\/site\/wp-content\/uploads\/2024\/08\/Logo-Seconci-Brasil-branca-2.png\",\"contentUrl\":\"https:\/\/seconci.com.br\/site\/wp-content\/uploads\/2024\/08\/Logo-Seconci-Brasil-branca-2.png\",\"width\":1315,\"height\":598,\"caption\":\"Seconci Brasil\"},\"image\":{\"@id\":\"https:\/\/seconci.com.br\/site\/#\/schema\/logo\/image\/\"}},{\"@type\":\"Person\",\"@id\":\"https:\/\/seconci.com.br\/site\/#\/schema\/person\/1d79afd97ddc8f2c68c1e88e298aa8e2\",\"name\":\"Sidney Rocha\",\"description\":\"Comunicador e estagi\u00e1rio do Seconci Brasil.\",\"url\":\"https:\/\/seconci.com.br\/site\/author\/sidney-rocha\/\"}]}<\/script>\n<!-- \/ Yoast SEO plugin. -->","yoast_head_json":{"title":"Covid-19: Como monitorar a sa\u00fade de seus trabalhadores em home office? - Seconci Brasil","robots":{"index":"index","follow":"follow","max-snippet":"max-snippet:-1","max-image-preview":"max-image-preview:large","max-video-preview":"max-video-preview:-1"},"canonical":"https:\/\/seconci.com.br\/site\/2020\/04\/07\/covid-19-como-monitorar-a-saude-de-seus-trabalhadores-em-home-office\/","og_locale":"pt_PT","og_type":"article","og_title":"Covid-19: Como monitorar a sa\u00fade de seus trabalhadores em home office? - Seconci Brasil","og_description":"Na aus\u00eancia dos Exames M\u00e9dicos Ocupacionais, suspensos temporariamente pela Medida Provis\u00f3ria 927\/2020, que trata de medidas trabalhistas para enfrentamento da emerg\u00eancia de sa\u00fade p\u00fablica decorrente do coronav\u00edrus (Covid-19), o m\u00e9dico do trabalho e consultor de Seguran\u00e7a e Sa\u00fade no Trabalho (SST), Gustavo Nicolai, sugere \u00e0s empresas a ado\u00e7\u00e3o de um\u00a0modelo de acompanhamento da sa\u00fade dos [&hellip;]","og_url":"https:\/\/seconci.com.br\/site\/2020\/04\/07\/covid-19-como-monitorar-a-saude-de-seus-trabalhadores-em-home-office\/","og_site_name":"Seconci Brasil","article_published_time":"2020-04-07T15:07:10+00:00","og_image":[{"width":800,"height":400,"url":"https:\/\/seconci.com.br\/site\/wp-content\/uploads\/2020\/04\/30174.jpg","type":"image\/jpeg"}],"author":"Sidney Rocha","twitter_card":"summary_large_image","twitter_misc":{"Escrito por":"Sidney Rocha","Tempo estimado de leitura":"2 minutos"},"schema":{"@context":"https:\/\/schema.org","@graph":[{"@type":"Article","@id":"https:\/\/seconci.com.br\/site\/2020\/04\/07\/covid-19-como-monitorar-a-saude-de-seus-trabalhadores-em-home-office\/#article","isPartOf":{"@id":"https:\/\/seconci.com.br\/site\/2020\/04\/07\/covid-19-como-monitorar-a-saude-de-seus-trabalhadores-em-home-office\/"},"author":{"name":"Sidney Rocha","@id":"https:\/\/seconci.com.br\/site\/#\/schema\/person\/1d79afd97ddc8f2c68c1e88e298aa8e2"},"headline":"Covid-19: Como monitorar a sa\u00fade de seus trabalhadores em home office?","datePublished":"2020-04-07T15:07:10+00:00","mainEntityOfPage":{"@id":"https:\/\/seconci.com.br\/site\/2020\/04\/07\/covid-19-como-monitorar-a-saude-de-seus-trabalhadores-em-home-office\/"},"wordCount":376,"publisher":{"@id":"https:\/\/seconci.com.br\/site\/#organization"},"image":{"@id":"https:\/\/seconci.com.br\/site\/2020\/04\/07\/covid-19-como-monitorar-a-saude-de-seus-trabalhadores-em-home-office\/#primaryimage"},"thumbnailUrl":"https:\/\/seconci.com.br\/site\/wp-content\/uploads\/2020\/04\/30174.jpg","articleSection":["Seconci Brasil"],"inLanguage":"pt-PT"},{"@type":"WebPage","@id":"https:\/\/seconci.com.br\/site\/2020\/04\/07\/covid-19-como-monitorar-a-saude-de-seus-trabalhadores-em-home-office\/","url":"https:\/\/seconci.com.br\/site\/2020\/04\/07\/covid-19-como-monitorar-a-saude-de-seus-trabalhadores-em-home-office\/","name":"Covid-19: Como monitorar a sa\u00fade de seus trabalhadores em home office? - Seconci Brasil","isPartOf":{"@id":"https:\/\/seconci.com.br\/site\/#website"},"primaryImageOfPage":{"@id":"https:\/\/seconci.com.br\/site\/2020\/04\/07\/covid-19-como-monitorar-a-saude-de-seus-trabalhadores-em-home-office\/#primaryimage"},"image":{"@id":"https:\/\/seconci.com.br\/site\/2020\/04\/07\/covid-19-como-monitorar-a-saude-de-seus-trabalhadores-em-home-office\/#primaryimage"},"thumbnailUrl":"https:\/\/seconci.com.br\/site\/wp-content\/uploads\/2020\/04\/30174.jpg","datePublished":"2020-04-07T15:07:10+00:00","breadcrumb":{"@id":"https:\/\/seconci.com.br\/site\/2020\/04\/07\/covid-19-como-monitorar-a-saude-de-seus-trabalhadores-em-home-office\/#breadcrumb"},"inLanguage":"pt-PT","potentialAction":[{"@type":"ReadAction","target":["https:\/\/seconci.com.br\/site\/2020\/04\/07\/covid-19-como-monitorar-a-saude-de-seus-trabalhadores-em-home-office\/"]}]},{"@type":"ImageObject","inLanguage":"pt-PT","@id":"https:\/\/seconci.com.br\/site\/2020\/04\/07\/covid-19-como-monitorar-a-saude-de-seus-trabalhadores-em-home-office\/#primaryimage","url":"https:\/\/seconci.com.br\/site\/wp-content\/uploads\/2020\/04\/30174.jpg","contentUrl":"https:\/\/seconci.com.br\/site\/wp-content\/uploads\/2020\/04\/30174.jpg","width":800,"height":400,"caption":"Caucasian man working shoot"},{"@type":"BreadcrumbList","@id":"https:\/\/seconci.com.br\/site\/2020\/04\/07\/covid-19-como-monitorar-a-saude-de-seus-trabalhadores-em-home-office\/#breadcrumb","itemListElement":[{"@type":"ListItem","position":1,"name":"In\u00edcio","item":"https:\/\/seconci.com.br\/site\/"},{"@type":"ListItem","position":2,"name":"Covid-19: Como monitorar a sa\u00fade de seus trabalhadores em home office?"}]},{"@type":"WebSite","@id":"https:\/\/seconci.com.br\/site\/#website","url":"https:\/\/seconci.com.br\/site\/","name":"Seconci Brasil","description":"","publisher":{"@id":"https:\/\/seconci.com.br\/site\/#organization"},"potentialAction":[{"@type":"SearchAction","target":{"@type":"EntryPoint","urlTemplate":"https:\/\/seconci.com.br\/site\/?s={search_term_string}"},"query-input":{"@type":"PropertyValueSpecification","valueRequired":true,"valueName":"search_term_string"}}],"inLanguage":"pt-PT"},{"@type":"Organization","@id":"https:\/\/seconci.com.br\/site\/#organization","name":"Seconci Brasil","url":"https:\/\/seconci.com.br\/site\/","logo":{"@type":"ImageObject","inLanguage":"pt-PT","@id":"https:\/\/seconci.com.br\/site\/#\/schema\/logo\/image\/","url":"https:\/\/seconci.com.br\/site\/wp-content\/uploads\/2024\/08\/Logo-Seconci-Brasil-branca-2.png","contentUrl":"https:\/\/seconci.com.br\/site\/wp-content\/uploads\/2024\/08\/Logo-Seconci-Brasil-branca-2.png","width":1315,"height":598,"caption":"Seconci Brasil"},"image":{"@id":"https:\/\/seconci.com.br\/site\/#\/schema\/logo\/image\/"}},{"@type":"Person","@id":"https:\/\/seconci.com.br\/site\/#\/schema\/person\/1d79afd97ddc8f2c68c1e88e298aa8e2","name":"Sidney Rocha","description":"Comunicador e estagi\u00e1rio do Seconci Brasil.","url":"https:\/\/seconci.com.br\/site\/author\/sidney-rocha\/"}]}},"_links":{"self":[{"href":"https:\/\/seconci.com.br\/site\/wp-json\/wp\/v2\/posts\/9212","targetHints":{"allow":["GET"]}}],"collection":[{"href":"https:\/\/seconci.com.br\/site\/wp-json\/wp\/v2\/posts"}],"about":[{"href":"https:\/\/seconci.com.br\/site\/wp-json\/wp\/v2\/types\/post"}],"author":[{"embeddable":true,"href":"https:\/\/seconci.com.br\/site\/wp-json\/wp\/v2\/users\/3"}],"replies":[{"embeddable":true,"href":"https:\/\/seconci.com.br\/site\/wp-json\/wp\/v2\/comments?post=9212"}],"version-history":[{"count":0,"href":"https:\/\/seconci.com.br\/site\/wp-json\/wp\/v2\/posts\/9212\/revisions"}],"wp:featuredmedia":[{"embeddable":true,"href":"https:\/\/seconci.com.br\/site\/wp-json\/wp\/v2\/media\/9213"}],"wp:attachment":[{"href":"https:\/\/seconci.com.br\/site\/wp-json\/wp\/v2\/media?parent=9212"}],"wp:term":[{"taxonomy":"category","embeddable":true,"href":"https:\/\/seconci.com.br\/site\/wp-json\/wp\/v2\/categories?post=9212"},{"taxonomy":"post_tag","embeddable":true,"href":"https:\/\/seconci.com.br\/site\/wp-json\/wp\/v2\/tags?post=9212"}],"curies":[{"name":"wp","href":"https:\/\/api.w.org\/{rel}","templated":true}]}}