{"id":9316,"date":"2020-04-29T13:40:40","date_gmt":"2020-04-29T13:40:40","guid":{"rendered":"https:\/\/seconci.com.br\/site\/?p=9316"},"modified":"2020-04-29T13:40:40","modified_gmt":"2020-04-29T13:40:40","slug":"construcao-civil-participa-do-lancamento-da-canpat-2020","status":"publish","type":"post","link":"https:\/\/seconci.com.br\/site\/2020\/04\/29\/construcao-civil-participa-do-lancamento-da-canpat-2020\/","title":{"rendered":"Constru\u00e7\u00e3o civil participa do lan\u00e7amento da Canpat 2020"},"content":{"rendered":"<p style=\"text-align: justify;\">A Secretaria Especial de Previd\u00eancia e Trabalho (SEPRT) e a Fundacentro lan\u00e7aram nesta ter\u00e7a-feira (28) a\u00a0<strong>Campanha Nacional de Preven\u00e7\u00e3o de Acidentes do Trabalho (Canpat 2020)<\/strong>, durante\u00a0<em>live<\/em>\u00a0transmitida pelo\u00a0<a href=\"https:\/\/youtu.be\/iRecenEIIyU\">Canal do YouTube da Escola Nacional da Inspe\u00e7\u00e3o do Trabalho (Enit)<\/a>. Parceira da iniciativa desde 2017, a C\u00e2mara Brasileira da Ind\u00fastria da Constru\u00e7\u00e3o (CBIC), representada pelo vice-presidente da \u00e1rea de Pol\u00edtica de Rela\u00e7\u00f5es Trabalhistas, Fernando Guedes Ferreira Filho, participou do evento abordando o tema\u00a0<strong>\u2018Preven\u00e7\u00e3o na Constru\u00e7\u00e3o Civil\u2019<\/strong>, ocasi\u00e3o em que tamb\u00e9m prestou homenagem \u00e0s v\u00edtimas de acidente de trabalho neste\u00a0<strong>Dia Mundial de Seguran\u00e7a e Sa\u00fade no Trabalho<\/strong>.<\/p>\n<p style=\"text-align: justify;\">Com mais de 700 participantes, o lan\u00e7amento da Canpat 2020 foi uma oportunidade para refletir sobre seguran\u00e7a e sa\u00fade do trabalho nesse momento de pandemia. A abertura foi conduzida pelo secret\u00e1rio de Trabalho,\u00a0<strong>Bruno Dalcolmo<\/strong>, e pelo presidente da Fundacentro,\u00a0<strong>Felipe Portela<\/strong>, e contou, entre outras, com as participa\u00e7\u00f5es do auditor fiscal da Subsecretaria de Inspe\u00e7\u00e3o do Trabalho do Minist\u00e9rio da Economia,\u00a0<em><strong>Luiz Carlos Lumbreras<\/strong><\/em><em>, e do auditor fiscal\u00a0<\/em>da Secretaria de Inspe\u00e7\u00e3o do\u00a0<em>Trabalho<\/em>\u00a0(SIT) do Minist\u00e9rio do\u00a0<em>Trabalho<\/em>,\u00a0<strong>Jos\u00e9\u00a0<em>Almeida<\/em>\u00a0Martins de Jesus Junior<\/strong>.<\/p>\n<p style=\"text-align: justify;\">Durante a\u00a0<em>live<\/em>, al\u00e9m das a\u00e7\u00f5es da Inspe\u00e7\u00e3o do Trabalho, tamb\u00e9m foram abordados temas referentes \u00e0 preven\u00e7\u00e3o na constru\u00e7\u00e3o civil, atua\u00e7\u00e3o dos m\u00e9dicos do trabalho e os efeitos globais da pandemia nas rela\u00e7\u00f5es de trabalho.<\/p>\n<p style=\"text-align: justify;\">\n<figure id=\"attachment_49687\" class=\"wp-caption aligncenter\" style=\"text-align: justify;\" aria-describedby=\"caption-attachment-49687\"><img fetchpriority=\"high\" decoding=\"async\" class=\"wp-image-49687 size-full\" src=\"https:\/\/cbic.org.br\/wp-content\/uploads\/2020\/04\/WhatsApp-Image-2020-04-28-at-17.14.58.jpeg\" sizes=\"(max-width: 852px) 100vw, 852px\" srcset=\"https:\/\/cbic.org.br\/wp-content\/uploads\/2020\/04\/WhatsApp-Image-2020-04-28-at-17.14.58.jpeg 852w, https:\/\/cbic.org.br\/wp-content\/uploads\/2020\/04\/WhatsApp-Image-2020-04-28-at-17.14.58-300x168.jpeg 300w, https:\/\/cbic.org.br\/wp-content\/uploads\/2020\/04\/WhatsApp-Image-2020-04-28-at-17.14.58-768x429.jpeg 768w, https:\/\/cbic.org.br\/wp-content\/uploads\/2020\/04\/WhatsApp-Image-2020-04-28-at-17.14.58-470x264.jpeg 470w, https:\/\/cbic.org.br\/wp-content\/uploads\/2020\/04\/WhatsApp-Image-2020-04-28-at-17.14.58-215x120.jpeg 215w, https:\/\/cbic.org.br\/wp-content\/uploads\/2020\/04\/WhatsApp-Image-2020-04-28-at-17.14.58-475x265.jpeg 475w\" alt=\"\" width=\"852\" height=\"476\" \/><figcaption id=\"caption-attachment-49687\" class=\"wp-caption-text\">Fernando Guedes Ferreira Filho, vice-presidente da \u00e1rea de Pol\u00edtica de Rela\u00e7\u00f5es Trabalhista<\/figcaption><\/figure>\n<p style=\"text-align: justify;\">\n<p style=\"text-align: justify;\">O vice-presidente de \u00e1rea da CBIC destacou que o setor organizado da constru\u00e7\u00e3o trabalha fortemente para dissemina\u00e7\u00e3o de pol\u00edticas prevencionistas e aplica\u00e7\u00e3o das melhores pr\u00e1ticas e das regras decorrentes das normas regulamentadoras. \u201cEstamos \u00e0 disposi\u00e7\u00e3o da sociedade para contribuir com a continuidade desse processo de evolu\u00e7\u00e3o de aplica\u00e7\u00e3o das normas, que j\u00e1 gerou resultados positivos, inclusive no setor, com a diminui\u00e7\u00e3o do n\u00famero de acidentes\u201d, afirmou.<\/p>\n<p style=\"text-align: justify;\">Ao mencionar que a Canpat Constru\u00e7\u00e3o realizada pela CBIC teve como inspira\u00e7\u00e3o a retomada da Canpat da Secretaria de Inspe\u00e7\u00e3o do Trabalho em 2017, Guedes ressaltou que \u201co di\u00e1logo social entre o setor produtivo, os trabalhadores e o governo \u00e9 o que vai nos permitir continuar com essas a\u00e7\u00f5es para a preven\u00e7\u00e3o e diminui\u00e7\u00e3o do n\u00famero de acidentes. Uma luta que n\u00e3o devemos esmorecer\u201d.<\/p>\n<p style=\"text-align: justify;\">Guedes frisou que a Canpat da Constru\u00e7\u00e3o deste ano, que teria como tema a Preven\u00e7\u00e3o de Quedas por Trabalho em Altura e a NR-18, ser\u00e1 rediscutida em raz\u00e3o da pandemia, mas que a discuss\u00e3o desses temas que ser\u00e3o t\u00e3o relevantes ser\u00e1 feita. \u201cA quest\u00e3o imediata que estamos enfrentando \u00e9 a do coronav\u00edrus e precisamos, com informa\u00e7\u00e3o, auxiliar as empresas da constru\u00e7\u00e3o a adotar as medidas preventivas determinadas pela Organiza\u00e7\u00e3o Internacional de Sa\u00fade, Minist\u00e9rio da Sa\u00fade e autoridades regionais e locais\u201d.<\/p>\n<p style=\"text-align: justify;\">O vice-presidente informou que a CBIC j\u00e1 fez v\u00e1rias cartilhas orientativas, com base no Of\u00edcio Circular 61247\/2020 da Subsecretaria de Inspe\u00e7\u00e3o do Trabalho, que traz as recomenda\u00e7\u00f5es espec\u00edficas para a ind\u00fastrias da constru\u00e7\u00e3o e as obras j\u00e1 est\u00e3o trabalhando com a ado\u00e7\u00e3o dessas recomenda\u00e7\u00f5es, inclusive com a assessoria das entidades estaduais (Sinduscons e Senconcis), como nas a\u00e7\u00f5es do:<\/p>\n<ul style=\"text-align: justify;\">\n<li>Sinduscon-BA e Sesi-BA, com a campanha \u2018Blitz contra a Covid-19\u2019, que j\u00e1 chegou a 25 canteiros e mais de 1500 trabalhadores atendidos<\/li>\n<li>Sinduscon-DF, com a campanha de apoio\u00a0<em>in loco<\/em>\u00a0para a ado\u00e7\u00e3o de medidas preventivas, que j\u00e1 alcan\u00e7ou mais de 50 canteiros, mais de 30 empresas e mais de 5 mil trabalhadores<\/li>\n<li>Sinduscon-Joinville e o Seconci do Paran\u00e1, cuja campanha atinge em torno de 300 trabalhadores por dia<\/li>\n<li>Seconci-Rio, com mais de 5.600 trabalhadores j\u00e1 alcan\u00e7ados at\u00e9 o momento<\/li>\n<\/ul>\n<p style=\"text-align: justify;\">\u201cA ideia \u00e9 continuar com a campanha e com a dissemina\u00e7\u00e3o de informa\u00e7\u00e3o de forma permanente para orientar empres\u00e1rios e trabalhadores da constru\u00e7\u00e3o de forma a adotar todas as medidas preventivas necess\u00e1rias ao combate da dissemina\u00e7\u00e3o do coronav\u00edrus\u201d, disse.<\/p>\n<p style=\"text-align: justify;\"><strong>\u00a0<\/strong><\/p>\n<h2 style=\"text-align: justify;\"><strong>Canpat<\/strong><\/h2>\n<p style=\"text-align: justify;\">Institu\u00edda pelo Decreto n\u00b0 68.255, de 16 de fevereiro de 1971, e reativada em abril de 2017, a Campanha Nacional de Preven\u00e7\u00e3o de Acidentes do Trabalho (Canpat) visa sensibilizar a sociedade para a constru\u00e7\u00e3o de uma cultura de preven\u00e7\u00e3o de acidentes e doen\u00e7as relacionadas ao trabalho.<\/p>\n<p style=\"text-align: justify;\">\n<h2 style=\"text-align: justify;\"><strong>Dia Mundial de Seguran\u00e7a e Sa\u00fade no Trabalho<\/strong><\/h2>\n<p style=\"text-align: justify;\">Institu\u00eddo em 2003 pela Organiza\u00e7\u00e3o Internacional do Trabalho (OIT), neste ano o\u00a0<strong>Dia Mundial de Seguran\u00e7a e Sa\u00fade no Trabalho,\u00a0<\/strong>em mem\u00f3ria \u00e0s v\u00edtimas de acidentes e doen\u00e7as relacionadas ao\u00a0trabalho, tem como tema central \u2018Detenhamos a pandemia: a seguran\u00e7a e sa\u00fade no trabalho pode salvar vidas\u2019.<\/p>\n<p style=\"text-align: justify;\">\n<p style=\"text-align: justify;\">Veja a \u00edntegra do evento de lan\u00e7amento da<a href=\"https:\/\/www.youtube.com\/watch?v=iRecenEIIyU&amp;feature=youtu.be\"><br \/>\n<strong>Campanha Nacional de Preven\u00e7\u00e3o de Acidentes do Trabalho (Canpat 2020)\u00a0<\/strong><\/a><\/p>\n<p style=\"text-align: justify;\"><em><strong>Fonte: Ag\u00eancia Cbic<\/strong><\/em><\/p>\n","protected":false},"excerpt":{"rendered":"<p>A Secretaria Especial de Previd\u00eancia e Trabalho (SEPRT) e a Fundacentro lan\u00e7aram nesta ter\u00e7a-feira (28) a\u00a0Campanha Nacional de Preven\u00e7\u00e3o de Acidentes do Trabalho (Canpat 2020), durante\u00a0live\u00a0transmitida pelo\u00a0Canal do YouTube da Escola Nacional da Inspe\u00e7\u00e3o do Trabalho (Enit). Parceira da iniciativa desde 2017, a C\u00e2mara Brasileira da Ind\u00fastria da Constru\u00e7\u00e3o (CBIC), representada pelo vice-presidente da \u00e1rea [&hellip;]<\/p>\n","protected":false},"author":3,"featured_media":9317,"comment_status":"closed","ping_status":"closed","sticky":false,"template":"","format":"standard","meta":{"footnotes":""},"categories":[92],"tags":[],"class_list":["post-9316","post","type-post","status-publish","format-standard","has-post-thumbnail","hentry","category-seconci-brasil"],"yoast_head":"<!-- This site is optimized with the Yoast SEO plugin v26.9 - https:\/\/yoast.com\/product\/yoast-seo-wordpress\/ -->\n<title>Constru\u00e7\u00e3o civil participa do lan\u00e7amento da Canpat 2020 - Seconci Brasil<\/title>\n<meta name=\"robots\" content=\"index, follow, max-snippet:-1, max-image-preview:large, max-video-preview:-1\" \/>\n<link rel=\"canonical\" href=\"https:\/\/seconci.com.br\/site\/2020\/04\/29\/construcao-civil-participa-do-lancamento-da-canpat-2020\/\" \/>\n<meta property=\"og:locale\" content=\"pt_PT\" \/>\n<meta property=\"og:type\" content=\"article\" \/>\n<meta property=\"og:title\" content=\"Constru\u00e7\u00e3o civil participa do lan\u00e7amento da Canpat 2020 - Seconci Brasil\" \/>\n<meta property=\"og:description\" content=\"A Secretaria Especial de Previd\u00eancia e Trabalho (SEPRT) e a Fundacentro lan\u00e7aram nesta ter\u00e7a-feira (28) a\u00a0Campanha Nacional de Preven\u00e7\u00e3o de Acidentes do Trabalho (Canpat 2020), durante\u00a0live\u00a0transmitida pelo\u00a0Canal do YouTube da Escola Nacional da Inspe\u00e7\u00e3o do Trabalho (Enit). Parceira da iniciativa desde 2017, a C\u00e2mara Brasileira da Ind\u00fastria da Constru\u00e7\u00e3o (CBIC), representada pelo vice-presidente da \u00e1rea [&hellip;]\" \/>\n<meta property=\"og:url\" content=\"https:\/\/seconci.com.br\/site\/2020\/04\/29\/construcao-civil-participa-do-lancamento-da-canpat-2020\/\" \/>\n<meta property=\"og:site_name\" content=\"Seconci Brasil\" \/>\n<meta property=\"article:published_time\" content=\"2020-04-29T13:40:40+00:00\" \/>\n<meta property=\"og:image\" content=\"https:\/\/seconci.com.br\/site\/wp-content\/uploads\/2020\/04\/WhatsApp-Image-2020-04-28-at-17.13.59-1.jpeg\" \/>\n\t<meta property=\"og:image:width\" content=\"1280\" \/>\n\t<meta property=\"og:image:height\" content=\"718\" \/>\n\t<meta property=\"og:image:type\" content=\"image\/jpeg\" \/>\n<meta name=\"author\" content=\"Sidney Rocha\" \/>\n<meta name=\"twitter:card\" content=\"summary_large_image\" \/>\n<meta name=\"twitter:label1\" content=\"Escrito por\" \/>\n\t<meta name=\"twitter:data1\" content=\"Sidney Rocha\" \/>\n\t<meta name=\"twitter:label2\" content=\"Tempo estimado de leitura\" \/>\n\t<meta name=\"twitter:data2\" content=\"4 minutos\" \/>\n<script type=\"application\/ld+json\" class=\"yoast-schema-graph\">{\"@context\":\"https:\/\/schema.org\",\"@graph\":[{\"@type\":\"Article\",\"@id\":\"https:\/\/seconci.com.br\/site\/2020\/04\/29\/construcao-civil-participa-do-lancamento-da-canpat-2020\/#article\",\"isPartOf\":{\"@id\":\"https:\/\/seconci.com.br\/site\/2020\/04\/29\/construcao-civil-participa-do-lancamento-da-canpat-2020\/\"},\"author\":{\"name\":\"Sidney Rocha\",\"@id\":\"https:\/\/seconci.com.br\/site\/#\/schema\/person\/1d79afd97ddc8f2c68c1e88e298aa8e2\"},\"headline\":\"Constru\u00e7\u00e3o civil participa do lan\u00e7amento da Canpat 2020\",\"datePublished\":\"2020-04-29T13:40:40+00:00\",\"mainEntityOfPage\":{\"@id\":\"https:\/\/seconci.com.br\/site\/2020\/04\/29\/construcao-civil-participa-do-lancamento-da-canpat-2020\/\"},\"wordCount\":836,\"publisher\":{\"@id\":\"https:\/\/seconci.com.br\/site\/#organization\"},\"image\":{\"@id\":\"https:\/\/seconci.com.br\/site\/2020\/04\/29\/construcao-civil-participa-do-lancamento-da-canpat-2020\/#primaryimage\"},\"thumbnailUrl\":\"https:\/\/seconci.com.br\/site\/wp-content\/uploads\/2020\/04\/WhatsApp-Image-2020-04-28-at-17.13.59-1.jpeg\",\"articleSection\":[\"Seconci Brasil\"],\"inLanguage\":\"pt-PT\"},{\"@type\":\"WebPage\",\"@id\":\"https:\/\/seconci.com.br\/site\/2020\/04\/29\/construcao-civil-participa-do-lancamento-da-canpat-2020\/\",\"url\":\"https:\/\/seconci.com.br\/site\/2020\/04\/29\/construcao-civil-participa-do-lancamento-da-canpat-2020\/\",\"name\":\"Constru\u00e7\u00e3o civil participa do lan\u00e7amento da Canpat 2020 - Seconci Brasil\",\"isPartOf\":{\"@id\":\"https:\/\/seconci.com.br\/site\/#website\"},\"primaryImageOfPage\":{\"@id\":\"https:\/\/seconci.com.br\/site\/2020\/04\/29\/construcao-civil-participa-do-lancamento-da-canpat-2020\/#primaryimage\"},\"image\":{\"@id\":\"https:\/\/seconci.com.br\/site\/2020\/04\/29\/construcao-civil-participa-do-lancamento-da-canpat-2020\/#primaryimage\"},\"thumbnailUrl\":\"https:\/\/seconci.com.br\/site\/wp-content\/uploads\/2020\/04\/WhatsApp-Image-2020-04-28-at-17.13.59-1.jpeg\",\"datePublished\":\"2020-04-29T13:40:40+00:00\",\"breadcrumb\":{\"@id\":\"https:\/\/seconci.com.br\/site\/2020\/04\/29\/construcao-civil-participa-do-lancamento-da-canpat-2020\/#breadcrumb\"},\"inLanguage\":\"pt-PT\",\"potentialAction\":[{\"@type\":\"ReadAction\",\"target\":[\"https:\/\/seconci.com.br\/site\/2020\/04\/29\/construcao-civil-participa-do-lancamento-da-canpat-2020\/\"]}]},{\"@type\":\"ImageObject\",\"inLanguage\":\"pt-PT\",\"@id\":\"https:\/\/seconci.com.br\/site\/2020\/04\/29\/construcao-civil-participa-do-lancamento-da-canpat-2020\/#primaryimage\",\"url\":\"https:\/\/seconci.com.br\/site\/wp-content\/uploads\/2020\/04\/WhatsApp-Image-2020-04-28-at-17.13.59-1.jpeg\",\"contentUrl\":\"https:\/\/seconci.com.br\/site\/wp-content\/uploads\/2020\/04\/WhatsApp-Image-2020-04-28-at-17.13.59-1.jpeg\",\"width\":1280,\"height\":718},{\"@type\":\"BreadcrumbList\",\"@id\":\"https:\/\/seconci.com.br\/site\/2020\/04\/29\/construcao-civil-participa-do-lancamento-da-canpat-2020\/#breadcrumb\",\"itemListElement\":[{\"@type\":\"ListItem\",\"position\":1,\"name\":\"In\u00edcio\",\"item\":\"https:\/\/seconci.com.br\/site\/\"},{\"@type\":\"ListItem\",\"position\":2,\"name\":\"Constru\u00e7\u00e3o civil participa do lan\u00e7amento da Canpat 2020\"}]},{\"@type\":\"WebSite\",\"@id\":\"https:\/\/seconci.com.br\/site\/#website\",\"url\":\"https:\/\/seconci.com.br\/site\/\",\"name\":\"Seconci Brasil\",\"description\":\"\",\"publisher\":{\"@id\":\"https:\/\/seconci.com.br\/site\/#organization\"},\"potentialAction\":[{\"@type\":\"SearchAction\",\"target\":{\"@type\":\"EntryPoint\",\"urlTemplate\":\"https:\/\/seconci.com.br\/site\/?s={search_term_string}\"},\"query-input\":{\"@type\":\"PropertyValueSpecification\",\"valueRequired\":true,\"valueName\":\"search_term_string\"}}],\"inLanguage\":\"pt-PT\"},{\"@type\":\"Organization\",\"@id\":\"https:\/\/seconci.com.br\/site\/#organization\",\"name\":\"Seconci Brasil\",\"url\":\"https:\/\/seconci.com.br\/site\/\",\"logo\":{\"@type\":\"ImageObject\",\"inLanguage\":\"pt-PT\",\"@id\":\"https:\/\/seconci.com.br\/site\/#\/schema\/logo\/image\/\",\"url\":\"https:\/\/seconci.com.br\/site\/wp-content\/uploads\/2024\/08\/Logo-Seconci-Brasil-branca-2.png\",\"contentUrl\":\"https:\/\/seconci.com.br\/site\/wp-content\/uploads\/2024\/08\/Logo-Seconci-Brasil-branca-2.png\",\"width\":1315,\"height\":598,\"caption\":\"Seconci Brasil\"},\"image\":{\"@id\":\"https:\/\/seconci.com.br\/site\/#\/schema\/logo\/image\/\"}},{\"@type\":\"Person\",\"@id\":\"https:\/\/seconci.com.br\/site\/#\/schema\/person\/1d79afd97ddc8f2c68c1e88e298aa8e2\",\"name\":\"Sidney Rocha\",\"description\":\"Comunicador e estagi\u00e1rio do Seconci Brasil.\",\"url\":\"https:\/\/seconci.com.br\/site\/author\/sidney-rocha\/\"}]}<\/script>\n<!-- \/ Yoast SEO plugin. -->","yoast_head_json":{"title":"Constru\u00e7\u00e3o civil participa do lan\u00e7amento da Canpat 2020 - Seconci Brasil","robots":{"index":"index","follow":"follow","max-snippet":"max-snippet:-1","max-image-preview":"max-image-preview:large","max-video-preview":"max-video-preview:-1"},"canonical":"https:\/\/seconci.com.br\/site\/2020\/04\/29\/construcao-civil-participa-do-lancamento-da-canpat-2020\/","og_locale":"pt_PT","og_type":"article","og_title":"Constru\u00e7\u00e3o civil participa do lan\u00e7amento da Canpat 2020 - Seconci Brasil","og_description":"A Secretaria Especial de Previd\u00eancia e Trabalho (SEPRT) e a Fundacentro lan\u00e7aram nesta ter\u00e7a-feira (28) a\u00a0Campanha Nacional de Preven\u00e7\u00e3o de Acidentes do Trabalho (Canpat 2020), durante\u00a0live\u00a0transmitida pelo\u00a0Canal do YouTube da Escola Nacional da Inspe\u00e7\u00e3o do Trabalho (Enit). Parceira da iniciativa desde 2017, a C\u00e2mara Brasileira da Ind\u00fastria da Constru\u00e7\u00e3o (CBIC), representada pelo vice-presidente da \u00e1rea [&hellip;]","og_url":"https:\/\/seconci.com.br\/site\/2020\/04\/29\/construcao-civil-participa-do-lancamento-da-canpat-2020\/","og_site_name":"Seconci Brasil","article_published_time":"2020-04-29T13:40:40+00:00","og_image":[{"width":1280,"height":718,"url":"https:\/\/seconci.com.br\/site\/wp-content\/uploads\/2020\/04\/WhatsApp-Image-2020-04-28-at-17.13.59-1.jpeg","type":"image\/jpeg"}],"author":"Sidney Rocha","twitter_card":"summary_large_image","twitter_misc":{"Escrito por":"Sidney Rocha","Tempo estimado de leitura":"4 minutos"},"schema":{"@context":"https:\/\/schema.org","@graph":[{"@type":"Article","@id":"https:\/\/seconci.com.br\/site\/2020\/04\/29\/construcao-civil-participa-do-lancamento-da-canpat-2020\/#article","isPartOf":{"@id":"https:\/\/seconci.com.br\/site\/2020\/04\/29\/construcao-civil-participa-do-lancamento-da-canpat-2020\/"},"author":{"name":"Sidney Rocha","@id":"https:\/\/seconci.com.br\/site\/#\/schema\/person\/1d79afd97ddc8f2c68c1e88e298aa8e2"},"headline":"Constru\u00e7\u00e3o civil participa do lan\u00e7amento da Canpat 2020","datePublished":"2020-04-29T13:40:40+00:00","mainEntityOfPage":{"@id":"https:\/\/seconci.com.br\/site\/2020\/04\/29\/construcao-civil-participa-do-lancamento-da-canpat-2020\/"},"wordCount":836,"publisher":{"@id":"https:\/\/seconci.com.br\/site\/#organization"},"image":{"@id":"https:\/\/seconci.com.br\/site\/2020\/04\/29\/construcao-civil-participa-do-lancamento-da-canpat-2020\/#primaryimage"},"thumbnailUrl":"https:\/\/seconci.com.br\/site\/wp-content\/uploads\/2020\/04\/WhatsApp-Image-2020-04-28-at-17.13.59-1.jpeg","articleSection":["Seconci Brasil"],"inLanguage":"pt-PT"},{"@type":"WebPage","@id":"https:\/\/seconci.com.br\/site\/2020\/04\/29\/construcao-civil-participa-do-lancamento-da-canpat-2020\/","url":"https:\/\/seconci.com.br\/site\/2020\/04\/29\/construcao-civil-participa-do-lancamento-da-canpat-2020\/","name":"Constru\u00e7\u00e3o civil participa do lan\u00e7amento da Canpat 2020 - Seconci Brasil","isPartOf":{"@id":"https:\/\/seconci.com.br\/site\/#website"},"primaryImageOfPage":{"@id":"https:\/\/seconci.com.br\/site\/2020\/04\/29\/construcao-civil-participa-do-lancamento-da-canpat-2020\/#primaryimage"},"image":{"@id":"https:\/\/seconci.com.br\/site\/2020\/04\/29\/construcao-civil-participa-do-lancamento-da-canpat-2020\/#primaryimage"},"thumbnailUrl":"https:\/\/seconci.com.br\/site\/wp-content\/uploads\/2020\/04\/WhatsApp-Image-2020-04-28-at-17.13.59-1.jpeg","datePublished":"2020-04-29T13:40:40+00:00","breadcrumb":{"@id":"https:\/\/seconci.com.br\/site\/2020\/04\/29\/construcao-civil-participa-do-lancamento-da-canpat-2020\/#breadcrumb"},"inLanguage":"pt-PT","potentialAction":[{"@type":"ReadAction","target":["https:\/\/seconci.com.br\/site\/2020\/04\/29\/construcao-civil-participa-do-lancamento-da-canpat-2020\/"]}]},{"@type":"ImageObject","inLanguage":"pt-PT","@id":"https:\/\/seconci.com.br\/site\/2020\/04\/29\/construcao-civil-participa-do-lancamento-da-canpat-2020\/#primaryimage","url":"https:\/\/seconci.com.br\/site\/wp-content\/uploads\/2020\/04\/WhatsApp-Image-2020-04-28-at-17.13.59-1.jpeg","contentUrl":"https:\/\/seconci.com.br\/site\/wp-content\/uploads\/2020\/04\/WhatsApp-Image-2020-04-28-at-17.13.59-1.jpeg","width":1280,"height":718},{"@type":"BreadcrumbList","@id":"https:\/\/seconci.com.br\/site\/2020\/04\/29\/construcao-civil-participa-do-lancamento-da-canpat-2020\/#breadcrumb","itemListElement":[{"@type":"ListItem","position":1,"name":"In\u00edcio","item":"https:\/\/seconci.com.br\/site\/"},{"@type":"ListItem","position":2,"name":"Constru\u00e7\u00e3o civil participa do lan\u00e7amento da Canpat 2020"}]},{"@type":"WebSite","@id":"https:\/\/seconci.com.br\/site\/#website","url":"https:\/\/seconci.com.br\/site\/","name":"Seconci Brasil","description":"","publisher":{"@id":"https:\/\/seconci.com.br\/site\/#organization"},"potentialAction":[{"@type":"SearchAction","target":{"@type":"EntryPoint","urlTemplate":"https:\/\/seconci.com.br\/site\/?s={search_term_string}"},"query-input":{"@type":"PropertyValueSpecification","valueRequired":true,"valueName":"search_term_string"}}],"inLanguage":"pt-PT"},{"@type":"Organization","@id":"https:\/\/seconci.com.br\/site\/#organization","name":"Seconci Brasil","url":"https:\/\/seconci.com.br\/site\/","logo":{"@type":"ImageObject","inLanguage":"pt-PT","@id":"https:\/\/seconci.com.br\/site\/#\/schema\/logo\/image\/","url":"https:\/\/seconci.com.br\/site\/wp-content\/uploads\/2024\/08\/Logo-Seconci-Brasil-branca-2.png","contentUrl":"https:\/\/seconci.com.br\/site\/wp-content\/uploads\/2024\/08\/Logo-Seconci-Brasil-branca-2.png","width":1315,"height":598,"caption":"Seconci Brasil"},"image":{"@id":"https:\/\/seconci.com.br\/site\/#\/schema\/logo\/image\/"}},{"@type":"Person","@id":"https:\/\/seconci.com.br\/site\/#\/schema\/person\/1d79afd97ddc8f2c68c1e88e298aa8e2","name":"Sidney Rocha","description":"Comunicador e estagi\u00e1rio do Seconci Brasil.","url":"https:\/\/seconci.com.br\/site\/author\/sidney-rocha\/"}]}},"_links":{"self":[{"href":"https:\/\/seconci.com.br\/site\/wp-json\/wp\/v2\/posts\/9316","targetHints":{"allow":["GET"]}}],"collection":[{"href":"https:\/\/seconci.com.br\/site\/wp-json\/wp\/v2\/posts"}],"about":[{"href":"https:\/\/seconci.com.br\/site\/wp-json\/wp\/v2\/types\/post"}],"author":[{"embeddable":true,"href":"https:\/\/seconci.com.br\/site\/wp-json\/wp\/v2\/users\/3"}],"replies":[{"embeddable":true,"href":"https:\/\/seconci.com.br\/site\/wp-json\/wp\/v2\/comments?post=9316"}],"version-history":[{"count":0,"href":"https:\/\/seconci.com.br\/site\/wp-json\/wp\/v2\/posts\/9316\/revisions"}],"wp:featuredmedia":[{"embeddable":true,"href":"https:\/\/seconci.com.br\/site\/wp-json\/wp\/v2\/media\/9317"}],"wp:attachment":[{"href":"https:\/\/seconci.com.br\/site\/wp-json\/wp\/v2\/media?parent=9316"}],"wp:term":[{"taxonomy":"category","embeddable":true,"href":"https:\/\/seconci.com.br\/site\/wp-json\/wp\/v2\/categories?post=9316"},{"taxonomy":"post_tag","embeddable":true,"href":"https:\/\/seconci.com.br\/site\/wp-json\/wp\/v2\/tags?post=9316"}],"curies":[{"name":"wp","href":"https:\/\/api.w.org\/{rel}","templated":true}]}}