{"id":9319,"date":"2020-04-29T13:54:02","date_gmt":"2020-04-29T13:54:02","guid":{"rendered":"https:\/\/seconci.com.br\/site\/?p=9319"},"modified":"2020-04-29T13:54:02","modified_gmt":"2020-04-29T13:54:02","slug":"covid-19-cartilha-faz-recomendacoes-sobre-horarios-de-trabalho","status":"publish","type":"post","link":"https:\/\/seconci.com.br\/site\/2020\/04\/29\/covid-19-cartilha-faz-recomendacoes-sobre-horarios-de-trabalho\/","title":{"rendered":"Covid-19: Cartilha faz recomenda\u00e7\u00f5es sobre hor\u00e1rios de trabalho"},"content":{"rendered":"<p style=\"text-align: justify;\">A C\u00e2mara Brasileira da Ind\u00fastria da Constru\u00e7\u00e3o (CBIC), buscando mitigar os riscos da pandemia do coronav\u00edrus (Covid-19) no setor da constru\u00e7\u00e3o, atividade essencial e necess\u00e1ria para preservar empregos e vencer a crise, preparou a cartilha\u00a0<a href=\"https:\/\/cbic.org.br\/wp-content\/uploads\/2020\/04\/Cartilha-CBIC-Novo-Coronav%C3%ADrus-1.pdf\"><strong>\u2018Novo Coronav\u00edrus \u2013 Recomenda\u00e7\u00f5es para o ambiente de trabalho na ind\u00fastria da constru\u00e7\u00e3o\u2019.<\/strong><\/a><\/p>\n<p style=\"text-align: justify;\">A orienta\u00e7\u00e3o \u00e9 para que as recomenda\u00e7\u00f5es sejam adotadas nos canteiros de obras e na execu\u00e7\u00e3o dos trabalhos de constru\u00e7\u00e3o, com base nas particularidades do setor, bem como nas indica\u00e7\u00f5es das autoridades p\u00fablicas de sa\u00fade.<\/p>\n<p style=\"text-align: justify;\">No documento, a CBIC refor\u00e7a que as empresas e os trabalhadores da constru\u00e7\u00e3o t\u00eam consci\u00eancia do seu papel para evitar a dissemina\u00e7\u00e3o do v\u00edrus e envidar\u00e3o todos os esfor\u00e7os para a prote\u00e7\u00e3o de pessoas, fam\u00edlias e bens.<\/p>\n<p style=\"text-align: justify;\">Acompanhe a seguir algumas das orienta\u00e7\u00f5es sobre hor\u00e1rios de trabalho:<\/p>\n<p style=\"text-align: justify;\">\n<h2 style=\"text-align: justify;\"><strong>Hor\u00e1rios de Trabalho<\/strong><\/h2>\n<ul style=\"text-align: justify;\">\n<li>Estabelecer hor\u00e1rios espa\u00e7ados de in\u00edcio das atividades (como por exemplo:\u00a0 6h, 7h e 8h) de tal modo que o ajuste de hor\u00e1rio seja igualmente observado para a realiza\u00e7\u00e3o das refei\u00e7\u00f5es e t\u00e9rmino das atividades;<\/li>\n<li>Adotar, tempor\u00e1ria e emergencialmente, o ponto por exce\u00e7\u00e3o, conforme previs\u00e3o legal, para evitar aglomera\u00e7\u00e3o de pessoas em volta dos equipamentos de marca\u00e7\u00e3o, em hor\u00e1rios de in\u00edcio e final de expediente, e<\/li>\n<li>Avaliar a possibilidade de defini\u00e7\u00e3o de turnos diferenciados de trabalho para evitar o congestionamento de ambientes fechados, bem como para evitar a aglomera\u00e7\u00e3o de pessoas no transporte coletivo.<\/li>\n<\/ul>\n<p style=\"text-align: justify;\">Veja a \u00edntegra das\u00a0<a href=\"https:\/\/cbic.org.br\/wp-content\/uploads\/2020\/04\/Cartilha-CBIC-Novo-Coronav%C3%ADrus-1.pdf\"><strong>\u2018Recomenda\u00e7\u00f5es para o ambiente de trabalho na ind\u00fastria da constru\u00e7\u00e3o\u2019\u00a0<\/strong><\/a><\/p>\n<p><em><strong>Fonte: Ag\u00eancia Cbic<\/strong><\/em><\/p>\n","protected":false},"excerpt":{"rendered":"<p>A C\u00e2mara Brasileira da Ind\u00fastria da Constru\u00e7\u00e3o (CBIC), buscando mitigar os riscos da pandemia do coronav\u00edrus (Covid-19) no setor da constru\u00e7\u00e3o, atividade essencial e necess\u00e1ria para preservar empregos e vencer a crise, preparou a cartilha\u00a0\u2018Novo Coronav\u00edrus \u2013 Recomenda\u00e7\u00f5es para o ambiente de trabalho na ind\u00fastria da constru\u00e7\u00e3o\u2019. A orienta\u00e7\u00e3o \u00e9 para que as recomenda\u00e7\u00f5es sejam [&hellip;]<\/p>\n","protected":false},"author":3,"featured_media":9320,"comment_status":"closed","ping_status":"closed","sticky":false,"template":"","format":"standard","meta":{"footnotes":""},"categories":[92],"tags":[],"class_list":["post-9319","post","type-post","status-publish","format-standard","has-post-thumbnail","hentry","category-seconci-brasil"],"yoast_head":"<!-- This site is optimized with the Yoast SEO plugin v26.9 - https:\/\/yoast.com\/product\/yoast-seo-wordpress\/ -->\n<title>Covid-19: Cartilha faz recomenda\u00e7\u00f5es sobre hor\u00e1rios de trabalho - Seconci Brasil<\/title>\n<meta name=\"robots\" content=\"index, follow, max-snippet:-1, max-image-preview:large, max-video-preview:-1\" \/>\n<link rel=\"canonical\" href=\"https:\/\/seconci.com.br\/site\/2020\/04\/29\/covid-19-cartilha-faz-recomendacoes-sobre-horarios-de-trabalho\/\" \/>\n<meta property=\"og:locale\" content=\"pt_PT\" \/>\n<meta property=\"og:type\" content=\"article\" \/>\n<meta property=\"og:title\" content=\"Covid-19: Cartilha faz recomenda\u00e7\u00f5es sobre hor\u00e1rios de trabalho - Seconci Brasil\" \/>\n<meta property=\"og:description\" content=\"A C\u00e2mara Brasileira da Ind\u00fastria da Constru\u00e7\u00e3o (CBIC), buscando mitigar os riscos da pandemia do coronav\u00edrus (Covid-19) no setor da constru\u00e7\u00e3o, atividade essencial e necess\u00e1ria para preservar empregos e vencer a crise, preparou a cartilha\u00a0\u2018Novo Coronav\u00edrus \u2013 Recomenda\u00e7\u00f5es para o ambiente de trabalho na ind\u00fastria da constru\u00e7\u00e3o\u2019. A orienta\u00e7\u00e3o \u00e9 para que as recomenda\u00e7\u00f5es sejam [&hellip;]\" \/>\n<meta property=\"og:url\" content=\"https:\/\/seconci.com.br\/site\/2020\/04\/29\/covid-19-cartilha-faz-recomendacoes-sobre-horarios-de-trabalho\/\" \/>\n<meta property=\"og:site_name\" content=\"Seconci Brasil\" \/>\n<meta property=\"article:published_time\" content=\"2020-04-29T13:54:02+00:00\" \/>\n<meta property=\"og:image\" content=\"https:\/\/seconci.com.br\/site\/wp-content\/uploads\/2020\/04\/WhatsApp-Image-2020-04-23-at-10.23.39-1-e1588205239570.jpeg\" \/>\n\t<meta property=\"og:image:width\" content=\"300\" \/>\n\t<meta property=\"og:image:height\" content=\"300\" \/>\n\t<meta property=\"og:image:type\" content=\"image\/jpeg\" \/>\n<meta name=\"author\" content=\"Sidney Rocha\" \/>\n<meta name=\"twitter:card\" content=\"summary_large_image\" \/>\n<meta name=\"twitter:label1\" content=\"Escrito por\" \/>\n\t<meta name=\"twitter:data1\" content=\"Sidney Rocha\" \/>\n\t<meta name=\"twitter:label2\" content=\"Tempo estimado de leitura\" \/>\n\t<meta name=\"twitter:data2\" content=\"1 minuto\" \/>\n<script type=\"application\/ld+json\" class=\"yoast-schema-graph\">{\"@context\":\"https:\/\/schema.org\",\"@graph\":[{\"@type\":\"Article\",\"@id\":\"https:\/\/seconci.com.br\/site\/2020\/04\/29\/covid-19-cartilha-faz-recomendacoes-sobre-horarios-de-trabalho\/#article\",\"isPartOf\":{\"@id\":\"https:\/\/seconci.com.br\/site\/2020\/04\/29\/covid-19-cartilha-faz-recomendacoes-sobre-horarios-de-trabalho\/\"},\"author\":{\"name\":\"Sidney Rocha\",\"@id\":\"https:\/\/seconci.com.br\/site\/#\/schema\/person\/1d79afd97ddc8f2c68c1e88e298aa8e2\"},\"headline\":\"Covid-19: Cartilha faz recomenda\u00e7\u00f5es sobre hor\u00e1rios de trabalho\",\"datePublished\":\"2020-04-29T13:54:02+00:00\",\"mainEntityOfPage\":{\"@id\":\"https:\/\/seconci.com.br\/site\/2020\/04\/29\/covid-19-cartilha-faz-recomendacoes-sobre-horarios-de-trabalho\/\"},\"wordCount\":301,\"publisher\":{\"@id\":\"https:\/\/seconci.com.br\/site\/#organization\"},\"image\":{\"@id\":\"https:\/\/seconci.com.br\/site\/2020\/04\/29\/covid-19-cartilha-faz-recomendacoes-sobre-horarios-de-trabalho\/#primaryimage\"},\"thumbnailUrl\":\"https:\/\/seconci.com.br\/site\/wp-content\/uploads\/2020\/04\/WhatsApp-Image-2020-04-23-at-10.23.39-1-e1588205239570.jpeg\",\"articleSection\":[\"Seconci Brasil\"],\"inLanguage\":\"pt-PT\"},{\"@type\":\"WebPage\",\"@id\":\"https:\/\/seconci.com.br\/site\/2020\/04\/29\/covid-19-cartilha-faz-recomendacoes-sobre-horarios-de-trabalho\/\",\"url\":\"https:\/\/seconci.com.br\/site\/2020\/04\/29\/covid-19-cartilha-faz-recomendacoes-sobre-horarios-de-trabalho\/\",\"name\":\"Covid-19: Cartilha faz recomenda\u00e7\u00f5es sobre hor\u00e1rios de trabalho - Seconci Brasil\",\"isPartOf\":{\"@id\":\"https:\/\/seconci.com.br\/site\/#website\"},\"primaryImageOfPage\":{\"@id\":\"https:\/\/seconci.com.br\/site\/2020\/04\/29\/covid-19-cartilha-faz-recomendacoes-sobre-horarios-de-trabalho\/#primaryimage\"},\"image\":{\"@id\":\"https:\/\/seconci.com.br\/site\/2020\/04\/29\/covid-19-cartilha-faz-recomendacoes-sobre-horarios-de-trabalho\/#primaryimage\"},\"thumbnailUrl\":\"https:\/\/seconci.com.br\/site\/wp-content\/uploads\/2020\/04\/WhatsApp-Image-2020-04-23-at-10.23.39-1-e1588205239570.jpeg\",\"datePublished\":\"2020-04-29T13:54:02+00:00\",\"breadcrumb\":{\"@id\":\"https:\/\/seconci.com.br\/site\/2020\/04\/29\/covid-19-cartilha-faz-recomendacoes-sobre-horarios-de-trabalho\/#breadcrumb\"},\"inLanguage\":\"pt-PT\",\"potentialAction\":[{\"@type\":\"ReadAction\",\"target\":[\"https:\/\/seconci.com.br\/site\/2020\/04\/29\/covid-19-cartilha-faz-recomendacoes-sobre-horarios-de-trabalho\/\"]}]},{\"@type\":\"ImageObject\",\"inLanguage\":\"pt-PT\",\"@id\":\"https:\/\/seconci.com.br\/site\/2020\/04\/29\/covid-19-cartilha-faz-recomendacoes-sobre-horarios-de-trabalho\/#primaryimage\",\"url\":\"https:\/\/seconci.com.br\/site\/wp-content\/uploads\/2020\/04\/WhatsApp-Image-2020-04-23-at-10.23.39-1-e1588205239570.jpeg\",\"contentUrl\":\"https:\/\/seconci.com.br\/site\/wp-content\/uploads\/2020\/04\/WhatsApp-Image-2020-04-23-at-10.23.39-1-e1588205239570.jpeg\",\"width\":300,\"height\":300},{\"@type\":\"BreadcrumbList\",\"@id\":\"https:\/\/seconci.com.br\/site\/2020\/04\/29\/covid-19-cartilha-faz-recomendacoes-sobre-horarios-de-trabalho\/#breadcrumb\",\"itemListElement\":[{\"@type\":\"ListItem\",\"position\":1,\"name\":\"In\u00edcio\",\"item\":\"https:\/\/seconci.com.br\/site\/\"},{\"@type\":\"ListItem\",\"position\":2,\"name\":\"Covid-19: Cartilha faz recomenda\u00e7\u00f5es sobre hor\u00e1rios de trabalho\"}]},{\"@type\":\"WebSite\",\"@id\":\"https:\/\/seconci.com.br\/site\/#website\",\"url\":\"https:\/\/seconci.com.br\/site\/\",\"name\":\"Seconci Brasil\",\"description\":\"\",\"publisher\":{\"@id\":\"https:\/\/seconci.com.br\/site\/#organization\"},\"potentialAction\":[{\"@type\":\"SearchAction\",\"target\":{\"@type\":\"EntryPoint\",\"urlTemplate\":\"https:\/\/seconci.com.br\/site\/?s={search_term_string}\"},\"query-input\":{\"@type\":\"PropertyValueSpecification\",\"valueRequired\":true,\"valueName\":\"search_term_string\"}}],\"inLanguage\":\"pt-PT\"},{\"@type\":\"Organization\",\"@id\":\"https:\/\/seconci.com.br\/site\/#organization\",\"name\":\"Seconci Brasil\",\"url\":\"https:\/\/seconci.com.br\/site\/\",\"logo\":{\"@type\":\"ImageObject\",\"inLanguage\":\"pt-PT\",\"@id\":\"https:\/\/seconci.com.br\/site\/#\/schema\/logo\/image\/\",\"url\":\"https:\/\/seconci.com.br\/site\/wp-content\/uploads\/2024\/08\/Logo-Seconci-Brasil-branca-2.png\",\"contentUrl\":\"https:\/\/seconci.com.br\/site\/wp-content\/uploads\/2024\/08\/Logo-Seconci-Brasil-branca-2.png\",\"width\":1315,\"height\":598,\"caption\":\"Seconci Brasil\"},\"image\":{\"@id\":\"https:\/\/seconci.com.br\/site\/#\/schema\/logo\/image\/\"}},{\"@type\":\"Person\",\"@id\":\"https:\/\/seconci.com.br\/site\/#\/schema\/person\/1d79afd97ddc8f2c68c1e88e298aa8e2\",\"name\":\"Sidney Rocha\",\"description\":\"Comunicador e estagi\u00e1rio do Seconci Brasil.\",\"url\":\"https:\/\/seconci.com.br\/site\/author\/sidney-rocha\/\"}]}<\/script>\n<!-- \/ Yoast SEO plugin. -->","yoast_head_json":{"title":"Covid-19: Cartilha faz recomenda\u00e7\u00f5es sobre hor\u00e1rios de trabalho - Seconci Brasil","robots":{"index":"index","follow":"follow","max-snippet":"max-snippet:-1","max-image-preview":"max-image-preview:large","max-video-preview":"max-video-preview:-1"},"canonical":"https:\/\/seconci.com.br\/site\/2020\/04\/29\/covid-19-cartilha-faz-recomendacoes-sobre-horarios-de-trabalho\/","og_locale":"pt_PT","og_type":"article","og_title":"Covid-19: Cartilha faz recomenda\u00e7\u00f5es sobre hor\u00e1rios de trabalho - Seconci Brasil","og_description":"A C\u00e2mara Brasileira da Ind\u00fastria da Constru\u00e7\u00e3o (CBIC), buscando mitigar os riscos da pandemia do coronav\u00edrus (Covid-19) no setor da constru\u00e7\u00e3o, atividade essencial e necess\u00e1ria para preservar empregos e vencer a crise, preparou a cartilha\u00a0\u2018Novo Coronav\u00edrus \u2013 Recomenda\u00e7\u00f5es para o ambiente de trabalho na ind\u00fastria da constru\u00e7\u00e3o\u2019. A orienta\u00e7\u00e3o \u00e9 para que as recomenda\u00e7\u00f5es sejam [&hellip;]","og_url":"https:\/\/seconci.com.br\/site\/2020\/04\/29\/covid-19-cartilha-faz-recomendacoes-sobre-horarios-de-trabalho\/","og_site_name":"Seconci Brasil","article_published_time":"2020-04-29T13:54:02+00:00","og_image":[{"width":300,"height":300,"url":"https:\/\/seconci.com.br\/site\/wp-content\/uploads\/2020\/04\/WhatsApp-Image-2020-04-23-at-10.23.39-1-e1588205239570.jpeg","type":"image\/jpeg"}],"author":"Sidney Rocha","twitter_card":"summary_large_image","twitter_misc":{"Escrito por":"Sidney Rocha","Tempo estimado de leitura":"1 minuto"},"schema":{"@context":"https:\/\/schema.org","@graph":[{"@type":"Article","@id":"https:\/\/seconci.com.br\/site\/2020\/04\/29\/covid-19-cartilha-faz-recomendacoes-sobre-horarios-de-trabalho\/#article","isPartOf":{"@id":"https:\/\/seconci.com.br\/site\/2020\/04\/29\/covid-19-cartilha-faz-recomendacoes-sobre-horarios-de-trabalho\/"},"author":{"name":"Sidney Rocha","@id":"https:\/\/seconci.com.br\/site\/#\/schema\/person\/1d79afd97ddc8f2c68c1e88e298aa8e2"},"headline":"Covid-19: Cartilha faz recomenda\u00e7\u00f5es sobre hor\u00e1rios de trabalho","datePublished":"2020-04-29T13:54:02+00:00","mainEntityOfPage":{"@id":"https:\/\/seconci.com.br\/site\/2020\/04\/29\/covid-19-cartilha-faz-recomendacoes-sobre-horarios-de-trabalho\/"},"wordCount":301,"publisher":{"@id":"https:\/\/seconci.com.br\/site\/#organization"},"image":{"@id":"https:\/\/seconci.com.br\/site\/2020\/04\/29\/covid-19-cartilha-faz-recomendacoes-sobre-horarios-de-trabalho\/#primaryimage"},"thumbnailUrl":"https:\/\/seconci.com.br\/site\/wp-content\/uploads\/2020\/04\/WhatsApp-Image-2020-04-23-at-10.23.39-1-e1588205239570.jpeg","articleSection":["Seconci Brasil"],"inLanguage":"pt-PT"},{"@type":"WebPage","@id":"https:\/\/seconci.com.br\/site\/2020\/04\/29\/covid-19-cartilha-faz-recomendacoes-sobre-horarios-de-trabalho\/","url":"https:\/\/seconci.com.br\/site\/2020\/04\/29\/covid-19-cartilha-faz-recomendacoes-sobre-horarios-de-trabalho\/","name":"Covid-19: Cartilha faz recomenda\u00e7\u00f5es sobre hor\u00e1rios de trabalho - Seconci Brasil","isPartOf":{"@id":"https:\/\/seconci.com.br\/site\/#website"},"primaryImageOfPage":{"@id":"https:\/\/seconci.com.br\/site\/2020\/04\/29\/covid-19-cartilha-faz-recomendacoes-sobre-horarios-de-trabalho\/#primaryimage"},"image":{"@id":"https:\/\/seconci.com.br\/site\/2020\/04\/29\/covid-19-cartilha-faz-recomendacoes-sobre-horarios-de-trabalho\/#primaryimage"},"thumbnailUrl":"https:\/\/seconci.com.br\/site\/wp-content\/uploads\/2020\/04\/WhatsApp-Image-2020-04-23-at-10.23.39-1-e1588205239570.jpeg","datePublished":"2020-04-29T13:54:02+00:00","breadcrumb":{"@id":"https:\/\/seconci.com.br\/site\/2020\/04\/29\/covid-19-cartilha-faz-recomendacoes-sobre-horarios-de-trabalho\/#breadcrumb"},"inLanguage":"pt-PT","potentialAction":[{"@type":"ReadAction","target":["https:\/\/seconci.com.br\/site\/2020\/04\/29\/covid-19-cartilha-faz-recomendacoes-sobre-horarios-de-trabalho\/"]}]},{"@type":"ImageObject","inLanguage":"pt-PT","@id":"https:\/\/seconci.com.br\/site\/2020\/04\/29\/covid-19-cartilha-faz-recomendacoes-sobre-horarios-de-trabalho\/#primaryimage","url":"https:\/\/seconci.com.br\/site\/wp-content\/uploads\/2020\/04\/WhatsApp-Image-2020-04-23-at-10.23.39-1-e1588205239570.jpeg","contentUrl":"https:\/\/seconci.com.br\/site\/wp-content\/uploads\/2020\/04\/WhatsApp-Image-2020-04-23-at-10.23.39-1-e1588205239570.jpeg","width":300,"height":300},{"@type":"BreadcrumbList","@id":"https:\/\/seconci.com.br\/site\/2020\/04\/29\/covid-19-cartilha-faz-recomendacoes-sobre-horarios-de-trabalho\/#breadcrumb","itemListElement":[{"@type":"ListItem","position":1,"name":"In\u00edcio","item":"https:\/\/seconci.com.br\/site\/"},{"@type":"ListItem","position":2,"name":"Covid-19: Cartilha faz recomenda\u00e7\u00f5es sobre hor\u00e1rios de trabalho"}]},{"@type":"WebSite","@id":"https:\/\/seconci.com.br\/site\/#website","url":"https:\/\/seconci.com.br\/site\/","name":"Seconci Brasil","description":"","publisher":{"@id":"https:\/\/seconci.com.br\/site\/#organization"},"potentialAction":[{"@type":"SearchAction","target":{"@type":"EntryPoint","urlTemplate":"https:\/\/seconci.com.br\/site\/?s={search_term_string}"},"query-input":{"@type":"PropertyValueSpecification","valueRequired":true,"valueName":"search_term_string"}}],"inLanguage":"pt-PT"},{"@type":"Organization","@id":"https:\/\/seconci.com.br\/site\/#organization","name":"Seconci Brasil","url":"https:\/\/seconci.com.br\/site\/","logo":{"@type":"ImageObject","inLanguage":"pt-PT","@id":"https:\/\/seconci.com.br\/site\/#\/schema\/logo\/image\/","url":"https:\/\/seconci.com.br\/site\/wp-content\/uploads\/2024\/08\/Logo-Seconci-Brasil-branca-2.png","contentUrl":"https:\/\/seconci.com.br\/site\/wp-content\/uploads\/2024\/08\/Logo-Seconci-Brasil-branca-2.png","width":1315,"height":598,"caption":"Seconci Brasil"},"image":{"@id":"https:\/\/seconci.com.br\/site\/#\/schema\/logo\/image\/"}},{"@type":"Person","@id":"https:\/\/seconci.com.br\/site\/#\/schema\/person\/1d79afd97ddc8f2c68c1e88e298aa8e2","name":"Sidney Rocha","description":"Comunicador e estagi\u00e1rio do Seconci Brasil.","url":"https:\/\/seconci.com.br\/site\/author\/sidney-rocha\/"}]}},"_links":{"self":[{"href":"https:\/\/seconci.com.br\/site\/wp-json\/wp\/v2\/posts\/9319","targetHints":{"allow":["GET"]}}],"collection":[{"href":"https:\/\/seconci.com.br\/site\/wp-json\/wp\/v2\/posts"}],"about":[{"href":"https:\/\/seconci.com.br\/site\/wp-json\/wp\/v2\/types\/post"}],"author":[{"embeddable":true,"href":"https:\/\/seconci.com.br\/site\/wp-json\/wp\/v2\/users\/3"}],"replies":[{"embeddable":true,"href":"https:\/\/seconci.com.br\/site\/wp-json\/wp\/v2\/comments?post=9319"}],"version-history":[{"count":0,"href":"https:\/\/seconci.com.br\/site\/wp-json\/wp\/v2\/posts\/9319\/revisions"}],"wp:featuredmedia":[{"embeddable":true,"href":"https:\/\/seconci.com.br\/site\/wp-json\/wp\/v2\/media\/9320"}],"wp:attachment":[{"href":"https:\/\/seconci.com.br\/site\/wp-json\/wp\/v2\/media?parent=9319"}],"wp:term":[{"taxonomy":"category","embeddable":true,"href":"https:\/\/seconci.com.br\/site\/wp-json\/wp\/v2\/categories?post=9319"},{"taxonomy":"post_tag","embeddable":true,"href":"https:\/\/seconci.com.br\/site\/wp-json\/wp\/v2\/tags?post=9319"}],"curies":[{"name":"wp","href":"https:\/\/api.w.org\/{rel}","templated":true}]}}