{"id":9322,"date":"2020-04-29T13:55:45","date_gmt":"2020-04-29T13:55:45","guid":{"rendered":"https:\/\/seconci.com.br\/site\/?p=9322"},"modified":"2020-04-29T13:56:26","modified_gmt":"2020-04-29T13:56:26","slug":"covid-19-seconci-sp-reforca-recomendacao-ao-trabalhador-do-setor","status":"publish","type":"post","link":"https:\/\/seconci.com.br\/site\/2020\/04\/29\/covid-19-seconci-sp-reforca-recomendacao-ao-trabalhador-do-setor\/","title":{"rendered":"Covid-19: Seconci-SP refor\u00e7a recomenda\u00e7\u00e3o ao trabalhador do setor"},"content":{"rendered":"<p style=\"text-align: justify;\">Ap\u00f3s levantamento feito com seus colaboradores, o Servi\u00e7o Social da Ind\u00fastria da Constru\u00e7\u00e3o Civil do Estado de S\u00e3o Paulo (Seconci-SP) elencou as principais d\u00favidas a respeito do coronav\u00edrus e da Covid-19. Segundo o m\u00e9dico Hor\u00e1cio Cardoso Salles, gerente da Medicina Ambulatorial da entidade, as principais quest\u00f5es s\u00e3o sobre a letalidade do v\u00edrus, a transmiss\u00e3o e suas formas de preven\u00e7\u00e3o.<\/p>\n<p style=\"text-align: justify;\">Do ponto de vista da comunica\u00e7\u00e3o, foram elaborados cartazes e folhetos para distribui\u00e7\u00e3o aos trabalhadores com recomenda\u00e7\u00f5es sobre sintomas e preven\u00e7\u00e3o. Tamb\u00e9m foi instalado um\u00a0<strong>\u2018Disque Coronav\u00edrus\u2019<\/strong>\u00a0(11 4210-0222) para elucidar d\u00favidas das empresas e dos trabalhadores. Al\u00e9m disso, o Seconci produziu e disponibilizou dois v\u00eddeos para divulga\u00e7\u00e3o junto aos trabalhadores das empresas contribuintes da entidade. O\u00a0<a href=\"https:\/\/www.youtube.com\/watch?v=xwM1qT7kQUI\">primeiro <\/a>sobre os principais sintomas da doen\u00e7a e o\u00a0<a href=\"https:\/\/www.youtube.com\/watch?v=aOSRyiOYQZ4&amp;feature=emb_title\">segundo<\/a>\u00a0com instru\u00e7\u00f5es para o uso das m\u00e1scaras.<\/p>\n<p style=\"text-align: justify;\">\u201cO coronav\u00edrus \u00e9 uma grande fam\u00edlia viral, conhecida desde meados de 1960 por causar infec\u00e7\u00f5es respirat\u00f3rias em seres humanos e em animais, com sintomas semelhantes a um resfriado comum. No entanto, algumas varia\u00e7\u00f5es desse v\u00edrus podem causar doen\u00e7as mais graves com impacto em termos de sa\u00fade p\u00fablica como no caso atual\u201d, explica o m\u00e9dico.<\/p>\n<p style=\"text-align: justify;\">Dr. Hor\u00e1cio afirma tamb\u00e9m que, at\u00e9 o o momento, cientistas ao redor do mundo e no Estado de S\u00e3o Paulo, como as equipes do Instituto Butantan, j\u00e1 iniciaram pesquisas para o desenvolvimento da vacina, que ainda n\u00e3o possui previs\u00e3o de fabrica\u00e7\u00e3o.<\/p>\n<p style=\"text-align: justify;\">Por n\u00e3o se saber o tempo de vida do novo coronav\u00edrus em determinadas superf\u00edcies, a aten\u00e7\u00e3o \u00e0 higieniza\u00e7\u00e3o deve ser redobrada. \u201cPercebemos que d\u00favidas sobre a transmiss\u00e3o do v\u00edrus ainda permanecem, o que dificulta as a\u00e7\u00f5es de preven\u00e7\u00e3o de cada trabalhador. Got\u00edculas de saliva, presentes em espirro, tosse e catarro, al\u00e9m do contato pr\u00f3ximo com a pessoa infectada e com objetos ou superf\u00edcies contaminadas, seguido de contato com boca, nariz ou olhos, s\u00e3o as formas de cont\u00e1gio\u201d.<\/p>\n<p style=\"text-align: justify;\">Os dados mais recentes da Organiza\u00e7\u00e3o Mundial da Sa\u00fade (OMS) indicam que a taxa de letalidade por infec\u00e7\u00e3o ao coronav\u00edrus \u00e9 de 2% a 3% dos casos confirmados. \u201cEsses casos podem ocorrer por complica\u00e7\u00f5es da infec\u00e7\u00e3o, como insufici\u00eancias respirat\u00f3rias\u201d, complementa.<\/p>\n<p style=\"text-align: justify;\">O diagn\u00f3stico \u00e9 feito com a coleta de materiais respirat\u00f3rios em todos os casos suspeitos. As amostras s\u00e3o encaminhadas com urg\u00eancia para o Laborat\u00f3rio Central de Sa\u00fade P\u00fablica (Lacen), definido pelo Minist\u00e9rio da Sa\u00fade para cada regi\u00e3o. No caso de S\u00e3o Paulo, \u00e9 o instituto Adolf Lutz.<\/p>\n<p style=\"text-align: justify;\">Recentemente, o Sindicato da Constru\u00e7\u00e3o Civil do Estado de S\u00e3o Paulo (SindusCon-SP), o\u00a0 Servi\u00e7o Social da Constru\u00e7\u00e3o Civil do Estado de S\u00e3o Paulo (Seconci-SP) e o Sindicato dos Trabalhadores nas Industrias da Constru\u00e7\u00e3o Civil de S\u00e3o Paulo (Sintracon-SP) elaboraram uma lista de recomenda\u00e7\u00f5es, distribu\u00eddas em folhetos e cartazes nos canteiros de obras:<\/p>\n<ul style=\"text-align: justify;\">\n<li>Reduzir o contingente de pessoal na obra e no escrit\u00f3rio por um per\u00edodo m\u00ednimo de 15 dias, come\u00e7ando por pessoas acima de 60 anos;<\/li>\n<li>Disponibilizar \u00e1lcool gel 70% e lavat\u00f3rios com \u00e1gua e sab\u00e3o e higienizar leitores de biometria e catracas;<\/li>\n<li>Estudar solu\u00e7\u00f5es que evitem o transporte p\u00fablico dos colaboradores ou os exponham aos hor\u00e1rios de pico foram algumas das recomenda\u00e7\u00f5es \u00e0s empresas.<\/li>\n<\/ul>\n<p style=\"text-align: justify;\">Especificamente nos canteiros de obras, recomendou-se limitar o n\u00famero de pessoas trafegando nos elevadores fechados (at\u00e9 2 colaboradores) e nas cremalheiras (at\u00e9 4), al\u00e9m da orienta\u00e7\u00e3o de os funcion\u00e1rios higienizarem com frequ\u00eancia suas m\u00e3os e seus Equipamentos de Prote\u00e7\u00e3o (EPIs).<\/p>\n<p><em><strong>Fonte: Ag\u00eancia Cbic<\/strong><\/em><\/p>\n","protected":false},"excerpt":{"rendered":"<p>Ap\u00f3s levantamento feito com seus colaboradores, o Servi\u00e7o Social da Ind\u00fastria da Constru\u00e7\u00e3o Civil do Estado de S\u00e3o Paulo (Seconci-SP) elencou as principais d\u00favidas a respeito do coronav\u00edrus e da Covid-19. Segundo o m\u00e9dico Hor\u00e1cio Cardoso Salles, gerente da Medicina Ambulatorial da entidade, as principais quest\u00f5es s\u00e3o sobre a letalidade do v\u00edrus, a transmiss\u00e3o e [&hellip;]<\/p>\n","protected":false},"author":3,"featured_media":9323,"comment_status":"closed","ping_status":"closed","sticky":false,"template":"","format":"standard","meta":{"footnotes":""},"categories":[87],"tags":[],"class_list":["post-9322","post","type-post","status-publish","format-standard","has-post-thumbnail","hentry","category-seconci-sao-paulo"],"yoast_head":"<!-- This site is optimized with the Yoast SEO plugin v26.9 - https:\/\/yoast.com\/product\/yoast-seo-wordpress\/ -->\n<title>Covid-19: Seconci-SP refor\u00e7a recomenda\u00e7\u00e3o ao trabalhador do setor - Seconci Brasil<\/title>\n<meta name=\"robots\" content=\"index, follow, max-snippet:-1, max-image-preview:large, max-video-preview:-1\" \/>\n<link rel=\"canonical\" href=\"https:\/\/seconci.com.br\/site\/2020\/04\/29\/covid-19-seconci-sp-reforca-recomendacao-ao-trabalhador-do-setor\/\" \/>\n<meta property=\"og:locale\" content=\"pt_PT\" \/>\n<meta property=\"og:type\" content=\"article\" \/>\n<meta property=\"og:title\" content=\"Covid-19: Seconci-SP refor\u00e7a recomenda\u00e7\u00e3o ao trabalhador do setor - Seconci Brasil\" \/>\n<meta property=\"og:description\" content=\"Ap\u00f3s levantamento feito com seus colaboradores, o Servi\u00e7o Social da Ind\u00fastria da Constru\u00e7\u00e3o Civil do Estado de S\u00e3o Paulo (Seconci-SP) elencou as principais d\u00favidas a respeito do coronav\u00edrus e da Covid-19. Segundo o m\u00e9dico Hor\u00e1cio Cardoso Salles, gerente da Medicina Ambulatorial da entidade, as principais quest\u00f5es s\u00e3o sobre a letalidade do v\u00edrus, a transmiss\u00e3o e [&hellip;]\" \/>\n<meta property=\"og:url\" content=\"https:\/\/seconci.com.br\/site\/2020\/04\/29\/covid-19-seconci-sp-reforca-recomendacao-ao-trabalhador-do-setor\/\" \/>\n<meta property=\"og:site_name\" content=\"Seconci Brasil\" \/>\n<meta property=\"article:published_time\" content=\"2020-04-29T13:55:45+00:00\" \/>\n<meta property=\"article:modified_time\" content=\"2020-04-29T13:56:26+00:00\" \/>\n<meta property=\"og:image\" content=\"https:\/\/seconci.com.br\/site\/wp-content\/uploads\/2020\/04\/coronav\u00edrus2.jpeg\" \/>\n\t<meta property=\"og:image:width\" content=\"1280\" \/>\n\t<meta property=\"og:image:height\" content=\"720\" \/>\n\t<meta property=\"og:image:type\" content=\"image\/jpeg\" \/>\n<meta name=\"author\" content=\"Sidney Rocha\" \/>\n<meta name=\"twitter:card\" content=\"summary_large_image\" \/>\n<meta name=\"twitter:label1\" content=\"Escrito por\" \/>\n\t<meta name=\"twitter:data1\" content=\"Sidney Rocha\" \/>\n\t<meta name=\"twitter:label2\" content=\"Tempo estimado de leitura\" \/>\n\t<meta name=\"twitter:data2\" content=\"3 minutos\" \/>\n<script type=\"application\/ld+json\" class=\"yoast-schema-graph\">{\"@context\":\"https:\/\/schema.org\",\"@graph\":[{\"@type\":\"Article\",\"@id\":\"https:\/\/seconci.com.br\/site\/2020\/04\/29\/covid-19-seconci-sp-reforca-recomendacao-ao-trabalhador-do-setor\/#article\",\"isPartOf\":{\"@id\":\"https:\/\/seconci.com.br\/site\/2020\/04\/29\/covid-19-seconci-sp-reforca-recomendacao-ao-trabalhador-do-setor\/\"},\"author\":{\"name\":\"Sidney Rocha\",\"@id\":\"https:\/\/seconci.com.br\/site\/#\/schema\/person\/1d79afd97ddc8f2c68c1e88e298aa8e2\"},\"headline\":\"Covid-19: Seconci-SP refor\u00e7a recomenda\u00e7\u00e3o ao trabalhador do setor\",\"datePublished\":\"2020-04-29T13:55:45+00:00\",\"dateModified\":\"2020-04-29T13:56:26+00:00\",\"mainEntityOfPage\":{\"@id\":\"https:\/\/seconci.com.br\/site\/2020\/04\/29\/covid-19-seconci-sp-reforca-recomendacao-ao-trabalhador-do-setor\/\"},\"wordCount\":651,\"publisher\":{\"@id\":\"https:\/\/seconci.com.br\/site\/#organization\"},\"image\":{\"@id\":\"https:\/\/seconci.com.br\/site\/2020\/04\/29\/covid-19-seconci-sp-reforca-recomendacao-ao-trabalhador-do-setor\/#primaryimage\"},\"thumbnailUrl\":\"https:\/\/seconci.com.br\/site\/wp-content\/uploads\/2020\/04\/coronav\u00edrus2.jpeg\",\"articleSection\":[\"Seconci S\u00e3o Paulo\"],\"inLanguage\":\"pt-PT\"},{\"@type\":\"WebPage\",\"@id\":\"https:\/\/seconci.com.br\/site\/2020\/04\/29\/covid-19-seconci-sp-reforca-recomendacao-ao-trabalhador-do-setor\/\",\"url\":\"https:\/\/seconci.com.br\/site\/2020\/04\/29\/covid-19-seconci-sp-reforca-recomendacao-ao-trabalhador-do-setor\/\",\"name\":\"Covid-19: Seconci-SP refor\u00e7a recomenda\u00e7\u00e3o ao trabalhador do setor - Seconci Brasil\",\"isPartOf\":{\"@id\":\"https:\/\/seconci.com.br\/site\/#website\"},\"primaryImageOfPage\":{\"@id\":\"https:\/\/seconci.com.br\/site\/2020\/04\/29\/covid-19-seconci-sp-reforca-recomendacao-ao-trabalhador-do-setor\/#primaryimage\"},\"image\":{\"@id\":\"https:\/\/seconci.com.br\/site\/2020\/04\/29\/covid-19-seconci-sp-reforca-recomendacao-ao-trabalhador-do-setor\/#primaryimage\"},\"thumbnailUrl\":\"https:\/\/seconci.com.br\/site\/wp-content\/uploads\/2020\/04\/coronav\u00edrus2.jpeg\",\"datePublished\":\"2020-04-29T13:55:45+00:00\",\"dateModified\":\"2020-04-29T13:56:26+00:00\",\"breadcrumb\":{\"@id\":\"https:\/\/seconci.com.br\/site\/2020\/04\/29\/covid-19-seconci-sp-reforca-recomendacao-ao-trabalhador-do-setor\/#breadcrumb\"},\"inLanguage\":\"pt-PT\",\"potentialAction\":[{\"@type\":\"ReadAction\",\"target\":[\"https:\/\/seconci.com.br\/site\/2020\/04\/29\/covid-19-seconci-sp-reforca-recomendacao-ao-trabalhador-do-setor\/\"]}]},{\"@type\":\"ImageObject\",\"inLanguage\":\"pt-PT\",\"@id\":\"https:\/\/seconci.com.br\/site\/2020\/04\/29\/covid-19-seconci-sp-reforca-recomendacao-ao-trabalhador-do-setor\/#primaryimage\",\"url\":\"https:\/\/seconci.com.br\/site\/wp-content\/uploads\/2020\/04\/coronav\u00edrus2.jpeg\",\"contentUrl\":\"https:\/\/seconci.com.br\/site\/wp-content\/uploads\/2020\/04\/coronav\u00edrus2.jpeg\",\"width\":1280,\"height\":720},{\"@type\":\"BreadcrumbList\",\"@id\":\"https:\/\/seconci.com.br\/site\/2020\/04\/29\/covid-19-seconci-sp-reforca-recomendacao-ao-trabalhador-do-setor\/#breadcrumb\",\"itemListElement\":[{\"@type\":\"ListItem\",\"position\":1,\"name\":\"In\u00edcio\",\"item\":\"https:\/\/seconci.com.br\/site\/\"},{\"@type\":\"ListItem\",\"position\":2,\"name\":\"Covid-19: Seconci-SP refor\u00e7a recomenda\u00e7\u00e3o ao trabalhador do setor\"}]},{\"@type\":\"WebSite\",\"@id\":\"https:\/\/seconci.com.br\/site\/#website\",\"url\":\"https:\/\/seconci.com.br\/site\/\",\"name\":\"Seconci Brasil\",\"description\":\"\",\"publisher\":{\"@id\":\"https:\/\/seconci.com.br\/site\/#organization\"},\"potentialAction\":[{\"@type\":\"SearchAction\",\"target\":{\"@type\":\"EntryPoint\",\"urlTemplate\":\"https:\/\/seconci.com.br\/site\/?s={search_term_string}\"},\"query-input\":{\"@type\":\"PropertyValueSpecification\",\"valueRequired\":true,\"valueName\":\"search_term_string\"}}],\"inLanguage\":\"pt-PT\"},{\"@type\":\"Organization\",\"@id\":\"https:\/\/seconci.com.br\/site\/#organization\",\"name\":\"Seconci Brasil\",\"url\":\"https:\/\/seconci.com.br\/site\/\",\"logo\":{\"@type\":\"ImageObject\",\"inLanguage\":\"pt-PT\",\"@id\":\"https:\/\/seconci.com.br\/site\/#\/schema\/logo\/image\/\",\"url\":\"https:\/\/seconci.com.br\/site\/wp-content\/uploads\/2024\/08\/Logo-Seconci-Brasil-branca-2.png\",\"contentUrl\":\"https:\/\/seconci.com.br\/site\/wp-content\/uploads\/2024\/08\/Logo-Seconci-Brasil-branca-2.png\",\"width\":1315,\"height\":598,\"caption\":\"Seconci Brasil\"},\"image\":{\"@id\":\"https:\/\/seconci.com.br\/site\/#\/schema\/logo\/image\/\"}},{\"@type\":\"Person\",\"@id\":\"https:\/\/seconci.com.br\/site\/#\/schema\/person\/1d79afd97ddc8f2c68c1e88e298aa8e2\",\"name\":\"Sidney Rocha\",\"description\":\"Comunicador e estagi\u00e1rio do Seconci Brasil.\",\"url\":\"https:\/\/seconci.com.br\/site\/author\/sidney-rocha\/\"}]}<\/script>\n<!-- \/ Yoast SEO plugin. -->","yoast_head_json":{"title":"Covid-19: Seconci-SP refor\u00e7a recomenda\u00e7\u00e3o ao trabalhador do setor - Seconci Brasil","robots":{"index":"index","follow":"follow","max-snippet":"max-snippet:-1","max-image-preview":"max-image-preview:large","max-video-preview":"max-video-preview:-1"},"canonical":"https:\/\/seconci.com.br\/site\/2020\/04\/29\/covid-19-seconci-sp-reforca-recomendacao-ao-trabalhador-do-setor\/","og_locale":"pt_PT","og_type":"article","og_title":"Covid-19: Seconci-SP refor\u00e7a recomenda\u00e7\u00e3o ao trabalhador do setor - Seconci Brasil","og_description":"Ap\u00f3s levantamento feito com seus colaboradores, o Servi\u00e7o Social da Ind\u00fastria da Constru\u00e7\u00e3o Civil do Estado de S\u00e3o Paulo (Seconci-SP) elencou as principais d\u00favidas a respeito do coronav\u00edrus e da Covid-19. Segundo o m\u00e9dico Hor\u00e1cio Cardoso Salles, gerente da Medicina Ambulatorial da entidade, as principais quest\u00f5es s\u00e3o sobre a letalidade do v\u00edrus, a transmiss\u00e3o e [&hellip;]","og_url":"https:\/\/seconci.com.br\/site\/2020\/04\/29\/covid-19-seconci-sp-reforca-recomendacao-ao-trabalhador-do-setor\/","og_site_name":"Seconci Brasil","article_published_time":"2020-04-29T13:55:45+00:00","article_modified_time":"2020-04-29T13:56:26+00:00","og_image":[{"width":1280,"height":720,"url":"https:\/\/seconci.com.br\/site\/wp-content\/uploads\/2020\/04\/coronav\u00edrus2.jpeg","type":"image\/jpeg"}],"author":"Sidney Rocha","twitter_card":"summary_large_image","twitter_misc":{"Escrito por":"Sidney Rocha","Tempo estimado de leitura":"3 minutos"},"schema":{"@context":"https:\/\/schema.org","@graph":[{"@type":"Article","@id":"https:\/\/seconci.com.br\/site\/2020\/04\/29\/covid-19-seconci-sp-reforca-recomendacao-ao-trabalhador-do-setor\/#article","isPartOf":{"@id":"https:\/\/seconci.com.br\/site\/2020\/04\/29\/covid-19-seconci-sp-reforca-recomendacao-ao-trabalhador-do-setor\/"},"author":{"name":"Sidney Rocha","@id":"https:\/\/seconci.com.br\/site\/#\/schema\/person\/1d79afd97ddc8f2c68c1e88e298aa8e2"},"headline":"Covid-19: Seconci-SP refor\u00e7a recomenda\u00e7\u00e3o ao trabalhador do setor","datePublished":"2020-04-29T13:55:45+00:00","dateModified":"2020-04-29T13:56:26+00:00","mainEntityOfPage":{"@id":"https:\/\/seconci.com.br\/site\/2020\/04\/29\/covid-19-seconci-sp-reforca-recomendacao-ao-trabalhador-do-setor\/"},"wordCount":651,"publisher":{"@id":"https:\/\/seconci.com.br\/site\/#organization"},"image":{"@id":"https:\/\/seconci.com.br\/site\/2020\/04\/29\/covid-19-seconci-sp-reforca-recomendacao-ao-trabalhador-do-setor\/#primaryimage"},"thumbnailUrl":"https:\/\/seconci.com.br\/site\/wp-content\/uploads\/2020\/04\/coronav\u00edrus2.jpeg","articleSection":["Seconci S\u00e3o Paulo"],"inLanguage":"pt-PT"},{"@type":"WebPage","@id":"https:\/\/seconci.com.br\/site\/2020\/04\/29\/covid-19-seconci-sp-reforca-recomendacao-ao-trabalhador-do-setor\/","url":"https:\/\/seconci.com.br\/site\/2020\/04\/29\/covid-19-seconci-sp-reforca-recomendacao-ao-trabalhador-do-setor\/","name":"Covid-19: Seconci-SP refor\u00e7a recomenda\u00e7\u00e3o ao trabalhador do setor - Seconci Brasil","isPartOf":{"@id":"https:\/\/seconci.com.br\/site\/#website"},"primaryImageOfPage":{"@id":"https:\/\/seconci.com.br\/site\/2020\/04\/29\/covid-19-seconci-sp-reforca-recomendacao-ao-trabalhador-do-setor\/#primaryimage"},"image":{"@id":"https:\/\/seconci.com.br\/site\/2020\/04\/29\/covid-19-seconci-sp-reforca-recomendacao-ao-trabalhador-do-setor\/#primaryimage"},"thumbnailUrl":"https:\/\/seconci.com.br\/site\/wp-content\/uploads\/2020\/04\/coronav\u00edrus2.jpeg","datePublished":"2020-04-29T13:55:45+00:00","dateModified":"2020-04-29T13:56:26+00:00","breadcrumb":{"@id":"https:\/\/seconci.com.br\/site\/2020\/04\/29\/covid-19-seconci-sp-reforca-recomendacao-ao-trabalhador-do-setor\/#breadcrumb"},"inLanguage":"pt-PT","potentialAction":[{"@type":"ReadAction","target":["https:\/\/seconci.com.br\/site\/2020\/04\/29\/covid-19-seconci-sp-reforca-recomendacao-ao-trabalhador-do-setor\/"]}]},{"@type":"ImageObject","inLanguage":"pt-PT","@id":"https:\/\/seconci.com.br\/site\/2020\/04\/29\/covid-19-seconci-sp-reforca-recomendacao-ao-trabalhador-do-setor\/#primaryimage","url":"https:\/\/seconci.com.br\/site\/wp-content\/uploads\/2020\/04\/coronav\u00edrus2.jpeg","contentUrl":"https:\/\/seconci.com.br\/site\/wp-content\/uploads\/2020\/04\/coronav\u00edrus2.jpeg","width":1280,"height":720},{"@type":"BreadcrumbList","@id":"https:\/\/seconci.com.br\/site\/2020\/04\/29\/covid-19-seconci-sp-reforca-recomendacao-ao-trabalhador-do-setor\/#breadcrumb","itemListElement":[{"@type":"ListItem","position":1,"name":"In\u00edcio","item":"https:\/\/seconci.com.br\/site\/"},{"@type":"ListItem","position":2,"name":"Covid-19: Seconci-SP refor\u00e7a recomenda\u00e7\u00e3o ao trabalhador do setor"}]},{"@type":"WebSite","@id":"https:\/\/seconci.com.br\/site\/#website","url":"https:\/\/seconci.com.br\/site\/","name":"Seconci Brasil","description":"","publisher":{"@id":"https:\/\/seconci.com.br\/site\/#organization"},"potentialAction":[{"@type":"SearchAction","target":{"@type":"EntryPoint","urlTemplate":"https:\/\/seconci.com.br\/site\/?s={search_term_string}"},"query-input":{"@type":"PropertyValueSpecification","valueRequired":true,"valueName":"search_term_string"}}],"inLanguage":"pt-PT"},{"@type":"Organization","@id":"https:\/\/seconci.com.br\/site\/#organization","name":"Seconci Brasil","url":"https:\/\/seconci.com.br\/site\/","logo":{"@type":"ImageObject","inLanguage":"pt-PT","@id":"https:\/\/seconci.com.br\/site\/#\/schema\/logo\/image\/","url":"https:\/\/seconci.com.br\/site\/wp-content\/uploads\/2024\/08\/Logo-Seconci-Brasil-branca-2.png","contentUrl":"https:\/\/seconci.com.br\/site\/wp-content\/uploads\/2024\/08\/Logo-Seconci-Brasil-branca-2.png","width":1315,"height":598,"caption":"Seconci Brasil"},"image":{"@id":"https:\/\/seconci.com.br\/site\/#\/schema\/logo\/image\/"}},{"@type":"Person","@id":"https:\/\/seconci.com.br\/site\/#\/schema\/person\/1d79afd97ddc8f2c68c1e88e298aa8e2","name":"Sidney Rocha","description":"Comunicador e estagi\u00e1rio do Seconci Brasil.","url":"https:\/\/seconci.com.br\/site\/author\/sidney-rocha\/"}]}},"_links":{"self":[{"href":"https:\/\/seconci.com.br\/site\/wp-json\/wp\/v2\/posts\/9322","targetHints":{"allow":["GET"]}}],"collection":[{"href":"https:\/\/seconci.com.br\/site\/wp-json\/wp\/v2\/posts"}],"about":[{"href":"https:\/\/seconci.com.br\/site\/wp-json\/wp\/v2\/types\/post"}],"author":[{"embeddable":true,"href":"https:\/\/seconci.com.br\/site\/wp-json\/wp\/v2\/users\/3"}],"replies":[{"embeddable":true,"href":"https:\/\/seconci.com.br\/site\/wp-json\/wp\/v2\/comments?post=9322"}],"version-history":[{"count":0,"href":"https:\/\/seconci.com.br\/site\/wp-json\/wp\/v2\/posts\/9322\/revisions"}],"wp:featuredmedia":[{"embeddable":true,"href":"https:\/\/seconci.com.br\/site\/wp-json\/wp\/v2\/media\/9323"}],"wp:attachment":[{"href":"https:\/\/seconci.com.br\/site\/wp-json\/wp\/v2\/media?parent=9322"}],"wp:term":[{"taxonomy":"category","embeddable":true,"href":"https:\/\/seconci.com.br\/site\/wp-json\/wp\/v2\/categories?post=9322"},{"taxonomy":"post_tag","embeddable":true,"href":"https:\/\/seconci.com.br\/site\/wp-json\/wp\/v2\/tags?post=9322"}],"curies":[{"name":"wp","href":"https:\/\/api.w.org\/{rel}","templated":true}]}}