{"id":9520,"date":"2020-05-07T17:24:24","date_gmt":"2020-05-07T17:24:24","guid":{"rendered":"https:\/\/seconci.com.br\/site\/?p=9520"},"modified":"2020-05-07T17:24:24","modified_gmt":"2020-05-07T17:24:24","slug":"seconci-rio-entidades-do-setor-de-construcao-lancam-campanha-contra-o-cornavirus","status":"publish","type":"post","link":"https:\/\/seconci.com.br\/site\/2020\/05\/07\/seconci-rio-entidades-do-setor-de-construcao-lancam-campanha-contra-o-cornavirus\/","title":{"rendered":"| Seconci-RIO | Entidades do setor de constru\u00e7\u00e3o lan\u00e7am campanha contra o Cornav\u00edrus"},"content":{"rendered":"<p style=\"text-align: justify;\">A campanha\u00a0<strong>\u201cConstru\u00e7\u00e3o pelo Rio e pelo Combate \u00e0 Covid-19<\/strong>\u201c, que come\u00e7a nesta ter\u00e7a-feira, 05\/05 (data da a\u00e7\u00e3o mundial do Dia de Doar) \u00e9 uma iniciativa conjunta da Associa\u00e7\u00e3o das Empresas de Engenharia do Rio de Janeiro (AEERJ), da Associa\u00e7\u00e3o de Dirigentes de Empresas do Mercado Imobili\u00e1rio (ADEMI-RJ), do Sindicato da Ind\u00fastria da Constru\u00e7\u00e3o Civil no Estado do Rio de Janeiro (SINDUSCON \u2013 RIO), do Servi\u00e7o Social da Ind\u00fastria da Constru\u00e7\u00e3o do Rio de Janeiro (SECONCI-RIO) e do Sindicato da Ind\u00fastria da Constru\u00e7\u00e3o Pesada \u2013 Infraestrutura (SINICON).<\/p>\n<p style=\"text-align: justify;\">O objetivo da campanha \u00e9 ser vetor da multiplica\u00e7\u00e3o da solidariedade. As entidades de classe que representam o setor da constru\u00e7\u00e3o uniram for\u00e7as e est\u00e3o usando seus canais de comunica\u00e7\u00e3o com associados, sindicalizados e a sociedade para angariar doa\u00e7\u00f5es que ser\u00e3o feitas diretamente para: o RioSolid\u00e1rio contra o coronav\u00edrus, o Fundo Emergencial de Combate \u00e0 Covid-19 (FECC) e para o Fundo do SECONCI-RIO no combate a coronav\u00edrus.<br \/>\nO Rio Solid\u00e1rio \u00e9 uma organiza\u00e7\u00e3o sem fins lucrativos que h\u00e1 25 anos desenvolve projetos voltados para pessoas que se encontram em situa\u00e7\u00e3o de risco ou vulnerabilidade social, est\u00e1 promovendo diversas a\u00e7\u00f5es como a distribui\u00e7\u00e3o de m\u00e1scaras para moradores de rua, arrecada\u00e7\u00e3o de itens de alimenta\u00e7\u00e3o e limpeza, entre outras.<\/p>\n<p style=\"text-align: justify;\">O FECC da Prefeitura do Rio foi criado pela nova Lei n\u00ba 6.735\/2020 e a arrecada\u00e7\u00e3o ser\u00e1 destinada ao enfrentamento dos efeitos da pandemia do novo coronav\u00edrus no munic\u00edpio do Rio de Janeiro.<\/p>\n<p style=\"text-align: justify;\">O Servi\u00e7o Social da Ind\u00fastria da Constru\u00e7\u00e3o do Rio de Janeiro (SECONCI-RIO), tamb\u00e9m uma entidade sem fins lucrativos que tem como miss\u00e3o promover a\u00e7\u00f5es de assist\u00eancia social, nela inclu\u00edda sa\u00fade, educa\u00e7\u00e3o e demais atividades afins, criou o Fundo do SECONCI para compra de Equipamentos de Prote\u00e7\u00e3o Individual (EPI) no combate a coronav\u00edrus. O objetivo \u00e9 distribuir os equipamentos para pequenas empresas e garantir a seguran\u00e7a dos trabalhadores nos canteiros.<\/p>\n<p style=\"text-align: justify;\">As contribui\u00e7\u00f5es n\u00e3o ser\u00e3o intermediadas pelas entidades apoiadoras da Campanha. Dever\u00e3o ser feitas diretamente nas contas das entidades:<br \/>\nFundo Emergencial de Combate \u00e0 COVID-19 (FECC)<\/p>\n<p style=\"text-align: justify;\">As doa\u00e7\u00f5es em dinheiro devem ser feitas em conta corrente vinculada ao Banco do Brasil, em nome do Munic\u00edpio do Rio de Janeiro (ag\u00eancia: 2234-9, conta corrente: 295.019-7, CNPJ: 42.498.733\/0001-48). J\u00e1 as doa\u00e7\u00f5es de bens materiais podem ser realizadas por meio da Secretaria Municipal de Assist\u00eancia Social.<\/p>\n<p style=\"text-align: justify;\">Rio Solid\u00e1rio<br \/>\nBradesco \/ Ag\u00eancia 0227-5<br \/>\nConta Corrente 107820-2 \/ CNPJ: 00.517.666\/0001-11<br \/>\nOu no\u00a0<a href=\"http:\/\/www.riosolidario.org\/participe\/\">link<\/a><br \/>\nFundo para compra de Equipamentos de Prote\u00e7\u00e3o Individual (EPI) no combate a coronav\u00edrus<\/p>\n<p style=\"text-align: justify;\">Dados para dep\u00f3sito:<br \/>\nCaixa Econ\u00f4mica Federal \u2013 104<br \/>\nAg\u00eancia \u2013 0542<br \/>\nConta Poupan\u00e7a: 020-3<br \/>\nFavorecido: Servi\u00e7o Social da Ind\u00fastria da Constru\u00e7\u00e3o do Rio de Janeiro<br \/>\nCNPJ: 32.243.420\/0001-95<\/p>\n<p><em><strong>Fonte: Di\u00e1rio do Rio.com<\/strong><\/em><\/p>\n","protected":false},"excerpt":{"rendered":"<p>A campanha\u00a0\u201cConstru\u00e7\u00e3o pelo Rio e pelo Combate \u00e0 Covid-19\u201c, que come\u00e7a nesta ter\u00e7a-feira, 05\/05 (data da a\u00e7\u00e3o mundial do Dia de Doar) \u00e9 uma iniciativa conjunta da Associa\u00e7\u00e3o das Empresas de Engenharia do Rio de Janeiro (AEERJ), da Associa\u00e7\u00e3o de Dirigentes de Empresas do Mercado Imobili\u00e1rio (ADEMI-RJ), do Sindicato da Ind\u00fastria da Constru\u00e7\u00e3o Civil no [&hellip;]<\/p>\n","protected":false},"author":3,"featured_media":9521,"comment_status":"closed","ping_status":"closed","sticky":false,"template":"","format":"standard","meta":{"footnotes":""},"categories":[85],"tags":[],"class_list":["post-9520","post","type-post","status-publish","format-standard","has-post-thumbnail","hentry","category-seconci-rio-de-janeiro"],"yoast_head":"<!-- This site is optimized with the Yoast SEO plugin v26.9 - https:\/\/yoast.com\/product\/yoast-seo-wordpress\/ -->\n<title>| Seconci-RIO | Entidades do setor de constru\u00e7\u00e3o lan\u00e7am campanha contra o Cornav\u00edrus - Seconci Brasil<\/title>\n<meta name=\"robots\" content=\"index, follow, max-snippet:-1, max-image-preview:large, max-video-preview:-1\" \/>\n<link rel=\"canonical\" href=\"https:\/\/seconci.com.br\/site\/2020\/05\/07\/seconci-rio-entidades-do-setor-de-construcao-lancam-campanha-contra-o-cornavirus\/\" \/>\n<meta property=\"og:locale\" content=\"pt_PT\" \/>\n<meta property=\"og:type\" content=\"article\" \/>\n<meta property=\"og:title\" content=\"| Seconci-RIO | Entidades do setor de constru\u00e7\u00e3o lan\u00e7am campanha contra o Cornav\u00edrus - Seconci Brasil\" \/>\n<meta property=\"og:description\" content=\"A campanha\u00a0\u201cConstru\u00e7\u00e3o pelo Rio e pelo Combate \u00e0 Covid-19\u201c, que come\u00e7a nesta ter\u00e7a-feira, 05\/05 (data da a\u00e7\u00e3o mundial do Dia de Doar) \u00e9 uma iniciativa conjunta da Associa\u00e7\u00e3o das Empresas de Engenharia do Rio de Janeiro (AEERJ), da Associa\u00e7\u00e3o de Dirigentes de Empresas do Mercado Imobili\u00e1rio (ADEMI-RJ), do Sindicato da Ind\u00fastria da Constru\u00e7\u00e3o Civil no [&hellip;]\" \/>\n<meta property=\"og:url\" content=\"https:\/\/seconci.com.br\/site\/2020\/05\/07\/seconci-rio-entidades-do-setor-de-construcao-lancam-campanha-contra-o-cornavirus\/\" \/>\n<meta property=\"og:site_name\" content=\"Seconci Brasil\" \/>\n<meta property=\"article:published_time\" content=\"2020-05-07T17:24:24+00:00\" \/>\n<meta property=\"og:image\" content=\"https:\/\/seconci.com.br\/site\/wp-content\/uploads\/2020\/05\/WhatsApp-Image-2020-05-05-at-09.32.50.jpeg\" \/>\n\t<meta property=\"og:image:width\" content=\"377\" \/>\n\t<meta property=\"og:image:height\" content=\"372\" \/>\n\t<meta property=\"og:image:type\" content=\"image\/jpeg\" \/>\n<meta name=\"author\" content=\"Sidney Rocha\" \/>\n<meta name=\"twitter:card\" content=\"summary_large_image\" \/>\n<meta name=\"twitter:label1\" content=\"Escrito por\" \/>\n\t<meta name=\"twitter:data1\" content=\"Sidney Rocha\" \/>\n\t<meta name=\"twitter:label2\" content=\"Tempo estimado de leitura\" \/>\n\t<meta name=\"twitter:data2\" content=\"2 minutos\" \/>\n<script type=\"application\/ld+json\" class=\"yoast-schema-graph\">{\"@context\":\"https:\/\/schema.org\",\"@graph\":[{\"@type\":\"Article\",\"@id\":\"https:\/\/seconci.com.br\/site\/2020\/05\/07\/seconci-rio-entidades-do-setor-de-construcao-lancam-campanha-contra-o-cornavirus\/#article\",\"isPartOf\":{\"@id\":\"https:\/\/seconci.com.br\/site\/2020\/05\/07\/seconci-rio-entidades-do-setor-de-construcao-lancam-campanha-contra-o-cornavirus\/\"},\"author\":{\"name\":\"Sidney Rocha\",\"@id\":\"https:\/\/seconci.com.br\/site\/#\/schema\/person\/1d79afd97ddc8f2c68c1e88e298aa8e2\"},\"headline\":\"| Seconci-RIO | Entidades do setor de constru\u00e7\u00e3o lan\u00e7am campanha contra o Cornav\u00edrus\",\"datePublished\":\"2020-05-07T17:24:24+00:00\",\"mainEntityOfPage\":{\"@id\":\"https:\/\/seconci.com.br\/site\/2020\/05\/07\/seconci-rio-entidades-do-setor-de-construcao-lancam-campanha-contra-o-cornavirus\/\"},\"wordCount\":503,\"publisher\":{\"@id\":\"https:\/\/seconci.com.br\/site\/#organization\"},\"image\":{\"@id\":\"https:\/\/seconci.com.br\/site\/2020\/05\/07\/seconci-rio-entidades-do-setor-de-construcao-lancam-campanha-contra-o-cornavirus\/#primaryimage\"},\"thumbnailUrl\":\"https:\/\/seconci.com.br\/site\/wp-content\/uploads\/2020\/05\/WhatsApp-Image-2020-05-05-at-09.32.50.jpeg\",\"articleSection\":[\"Seconci Rio de Janeiro\"],\"inLanguage\":\"pt-PT\"},{\"@type\":\"WebPage\",\"@id\":\"https:\/\/seconci.com.br\/site\/2020\/05\/07\/seconci-rio-entidades-do-setor-de-construcao-lancam-campanha-contra-o-cornavirus\/\",\"url\":\"https:\/\/seconci.com.br\/site\/2020\/05\/07\/seconci-rio-entidades-do-setor-de-construcao-lancam-campanha-contra-o-cornavirus\/\",\"name\":\"| Seconci-RIO | Entidades do setor de constru\u00e7\u00e3o lan\u00e7am campanha contra o Cornav\u00edrus - Seconci Brasil\",\"isPartOf\":{\"@id\":\"https:\/\/seconci.com.br\/site\/#website\"},\"primaryImageOfPage\":{\"@id\":\"https:\/\/seconci.com.br\/site\/2020\/05\/07\/seconci-rio-entidades-do-setor-de-construcao-lancam-campanha-contra-o-cornavirus\/#primaryimage\"},\"image\":{\"@id\":\"https:\/\/seconci.com.br\/site\/2020\/05\/07\/seconci-rio-entidades-do-setor-de-construcao-lancam-campanha-contra-o-cornavirus\/#primaryimage\"},\"thumbnailUrl\":\"https:\/\/seconci.com.br\/site\/wp-content\/uploads\/2020\/05\/WhatsApp-Image-2020-05-05-at-09.32.50.jpeg\",\"datePublished\":\"2020-05-07T17:24:24+00:00\",\"breadcrumb\":{\"@id\":\"https:\/\/seconci.com.br\/site\/2020\/05\/07\/seconci-rio-entidades-do-setor-de-construcao-lancam-campanha-contra-o-cornavirus\/#breadcrumb\"},\"inLanguage\":\"pt-PT\",\"potentialAction\":[{\"@type\":\"ReadAction\",\"target\":[\"https:\/\/seconci.com.br\/site\/2020\/05\/07\/seconci-rio-entidades-do-setor-de-construcao-lancam-campanha-contra-o-cornavirus\/\"]}]},{\"@type\":\"ImageObject\",\"inLanguage\":\"pt-PT\",\"@id\":\"https:\/\/seconci.com.br\/site\/2020\/05\/07\/seconci-rio-entidades-do-setor-de-construcao-lancam-campanha-contra-o-cornavirus\/#primaryimage\",\"url\":\"https:\/\/seconci.com.br\/site\/wp-content\/uploads\/2020\/05\/WhatsApp-Image-2020-05-05-at-09.32.50.jpeg\",\"contentUrl\":\"https:\/\/seconci.com.br\/site\/wp-content\/uploads\/2020\/05\/WhatsApp-Image-2020-05-05-at-09.32.50.jpeg\",\"width\":377,\"height\":372},{\"@type\":\"BreadcrumbList\",\"@id\":\"https:\/\/seconci.com.br\/site\/2020\/05\/07\/seconci-rio-entidades-do-setor-de-construcao-lancam-campanha-contra-o-cornavirus\/#breadcrumb\",\"itemListElement\":[{\"@type\":\"ListItem\",\"position\":1,\"name\":\"In\u00edcio\",\"item\":\"https:\/\/seconci.com.br\/site\/\"},{\"@type\":\"ListItem\",\"position\":2,\"name\":\"| Seconci-RIO | Entidades do setor de constru\u00e7\u00e3o lan\u00e7am campanha contra o Cornav\u00edrus\"}]},{\"@type\":\"WebSite\",\"@id\":\"https:\/\/seconci.com.br\/site\/#website\",\"url\":\"https:\/\/seconci.com.br\/site\/\",\"name\":\"Seconci Brasil\",\"description\":\"\",\"publisher\":{\"@id\":\"https:\/\/seconci.com.br\/site\/#organization\"},\"potentialAction\":[{\"@type\":\"SearchAction\",\"target\":{\"@type\":\"EntryPoint\",\"urlTemplate\":\"https:\/\/seconci.com.br\/site\/?s={search_term_string}\"},\"query-input\":{\"@type\":\"PropertyValueSpecification\",\"valueRequired\":true,\"valueName\":\"search_term_string\"}}],\"inLanguage\":\"pt-PT\"},{\"@type\":\"Organization\",\"@id\":\"https:\/\/seconci.com.br\/site\/#organization\",\"name\":\"Seconci Brasil\",\"url\":\"https:\/\/seconci.com.br\/site\/\",\"logo\":{\"@type\":\"ImageObject\",\"inLanguage\":\"pt-PT\",\"@id\":\"https:\/\/seconci.com.br\/site\/#\/schema\/logo\/image\/\",\"url\":\"https:\/\/seconci.com.br\/site\/wp-content\/uploads\/2024\/08\/Logo-Seconci-Brasil-branca-2.png\",\"contentUrl\":\"https:\/\/seconci.com.br\/site\/wp-content\/uploads\/2024\/08\/Logo-Seconci-Brasil-branca-2.png\",\"width\":1315,\"height\":598,\"caption\":\"Seconci Brasil\"},\"image\":{\"@id\":\"https:\/\/seconci.com.br\/site\/#\/schema\/logo\/image\/\"}},{\"@type\":\"Person\",\"@id\":\"https:\/\/seconci.com.br\/site\/#\/schema\/person\/1d79afd97ddc8f2c68c1e88e298aa8e2\",\"name\":\"Sidney Rocha\",\"description\":\"Comunicador e estagi\u00e1rio do Seconci Brasil.\",\"url\":\"https:\/\/seconci.com.br\/site\/author\/sidney-rocha\/\"}]}<\/script>\n<!-- \/ Yoast SEO plugin. -->","yoast_head_json":{"title":"| Seconci-RIO | Entidades do setor de constru\u00e7\u00e3o lan\u00e7am campanha contra o Cornav\u00edrus - Seconci Brasil","robots":{"index":"index","follow":"follow","max-snippet":"max-snippet:-1","max-image-preview":"max-image-preview:large","max-video-preview":"max-video-preview:-1"},"canonical":"https:\/\/seconci.com.br\/site\/2020\/05\/07\/seconci-rio-entidades-do-setor-de-construcao-lancam-campanha-contra-o-cornavirus\/","og_locale":"pt_PT","og_type":"article","og_title":"| Seconci-RIO | Entidades do setor de constru\u00e7\u00e3o lan\u00e7am campanha contra o Cornav\u00edrus - Seconci Brasil","og_description":"A campanha\u00a0\u201cConstru\u00e7\u00e3o pelo Rio e pelo Combate \u00e0 Covid-19\u201c, que come\u00e7a nesta ter\u00e7a-feira, 05\/05 (data da a\u00e7\u00e3o mundial do Dia de Doar) \u00e9 uma iniciativa conjunta da Associa\u00e7\u00e3o das Empresas de Engenharia do Rio de Janeiro (AEERJ), da Associa\u00e7\u00e3o de Dirigentes de Empresas do Mercado Imobili\u00e1rio (ADEMI-RJ), do Sindicato da Ind\u00fastria da Constru\u00e7\u00e3o Civil no [&hellip;]","og_url":"https:\/\/seconci.com.br\/site\/2020\/05\/07\/seconci-rio-entidades-do-setor-de-construcao-lancam-campanha-contra-o-cornavirus\/","og_site_name":"Seconci Brasil","article_published_time":"2020-05-07T17:24:24+00:00","og_image":[{"width":377,"height":372,"url":"https:\/\/seconci.com.br\/site\/wp-content\/uploads\/2020\/05\/WhatsApp-Image-2020-05-05-at-09.32.50.jpeg","type":"image\/jpeg"}],"author":"Sidney Rocha","twitter_card":"summary_large_image","twitter_misc":{"Escrito por":"Sidney Rocha","Tempo estimado de leitura":"2 minutos"},"schema":{"@context":"https:\/\/schema.org","@graph":[{"@type":"Article","@id":"https:\/\/seconci.com.br\/site\/2020\/05\/07\/seconci-rio-entidades-do-setor-de-construcao-lancam-campanha-contra-o-cornavirus\/#article","isPartOf":{"@id":"https:\/\/seconci.com.br\/site\/2020\/05\/07\/seconci-rio-entidades-do-setor-de-construcao-lancam-campanha-contra-o-cornavirus\/"},"author":{"name":"Sidney Rocha","@id":"https:\/\/seconci.com.br\/site\/#\/schema\/person\/1d79afd97ddc8f2c68c1e88e298aa8e2"},"headline":"| Seconci-RIO | Entidades do setor de constru\u00e7\u00e3o lan\u00e7am campanha contra o Cornav\u00edrus","datePublished":"2020-05-07T17:24:24+00:00","mainEntityOfPage":{"@id":"https:\/\/seconci.com.br\/site\/2020\/05\/07\/seconci-rio-entidades-do-setor-de-construcao-lancam-campanha-contra-o-cornavirus\/"},"wordCount":503,"publisher":{"@id":"https:\/\/seconci.com.br\/site\/#organization"},"image":{"@id":"https:\/\/seconci.com.br\/site\/2020\/05\/07\/seconci-rio-entidades-do-setor-de-construcao-lancam-campanha-contra-o-cornavirus\/#primaryimage"},"thumbnailUrl":"https:\/\/seconci.com.br\/site\/wp-content\/uploads\/2020\/05\/WhatsApp-Image-2020-05-05-at-09.32.50.jpeg","articleSection":["Seconci Rio de Janeiro"],"inLanguage":"pt-PT"},{"@type":"WebPage","@id":"https:\/\/seconci.com.br\/site\/2020\/05\/07\/seconci-rio-entidades-do-setor-de-construcao-lancam-campanha-contra-o-cornavirus\/","url":"https:\/\/seconci.com.br\/site\/2020\/05\/07\/seconci-rio-entidades-do-setor-de-construcao-lancam-campanha-contra-o-cornavirus\/","name":"| Seconci-RIO | Entidades do setor de constru\u00e7\u00e3o lan\u00e7am campanha contra o Cornav\u00edrus - Seconci Brasil","isPartOf":{"@id":"https:\/\/seconci.com.br\/site\/#website"},"primaryImageOfPage":{"@id":"https:\/\/seconci.com.br\/site\/2020\/05\/07\/seconci-rio-entidades-do-setor-de-construcao-lancam-campanha-contra-o-cornavirus\/#primaryimage"},"image":{"@id":"https:\/\/seconci.com.br\/site\/2020\/05\/07\/seconci-rio-entidades-do-setor-de-construcao-lancam-campanha-contra-o-cornavirus\/#primaryimage"},"thumbnailUrl":"https:\/\/seconci.com.br\/site\/wp-content\/uploads\/2020\/05\/WhatsApp-Image-2020-05-05-at-09.32.50.jpeg","datePublished":"2020-05-07T17:24:24+00:00","breadcrumb":{"@id":"https:\/\/seconci.com.br\/site\/2020\/05\/07\/seconci-rio-entidades-do-setor-de-construcao-lancam-campanha-contra-o-cornavirus\/#breadcrumb"},"inLanguage":"pt-PT","potentialAction":[{"@type":"ReadAction","target":["https:\/\/seconci.com.br\/site\/2020\/05\/07\/seconci-rio-entidades-do-setor-de-construcao-lancam-campanha-contra-o-cornavirus\/"]}]},{"@type":"ImageObject","inLanguage":"pt-PT","@id":"https:\/\/seconci.com.br\/site\/2020\/05\/07\/seconci-rio-entidades-do-setor-de-construcao-lancam-campanha-contra-o-cornavirus\/#primaryimage","url":"https:\/\/seconci.com.br\/site\/wp-content\/uploads\/2020\/05\/WhatsApp-Image-2020-05-05-at-09.32.50.jpeg","contentUrl":"https:\/\/seconci.com.br\/site\/wp-content\/uploads\/2020\/05\/WhatsApp-Image-2020-05-05-at-09.32.50.jpeg","width":377,"height":372},{"@type":"BreadcrumbList","@id":"https:\/\/seconci.com.br\/site\/2020\/05\/07\/seconci-rio-entidades-do-setor-de-construcao-lancam-campanha-contra-o-cornavirus\/#breadcrumb","itemListElement":[{"@type":"ListItem","position":1,"name":"In\u00edcio","item":"https:\/\/seconci.com.br\/site\/"},{"@type":"ListItem","position":2,"name":"| Seconci-RIO | Entidades do setor de constru\u00e7\u00e3o lan\u00e7am campanha contra o Cornav\u00edrus"}]},{"@type":"WebSite","@id":"https:\/\/seconci.com.br\/site\/#website","url":"https:\/\/seconci.com.br\/site\/","name":"Seconci Brasil","description":"","publisher":{"@id":"https:\/\/seconci.com.br\/site\/#organization"},"potentialAction":[{"@type":"SearchAction","target":{"@type":"EntryPoint","urlTemplate":"https:\/\/seconci.com.br\/site\/?s={search_term_string}"},"query-input":{"@type":"PropertyValueSpecification","valueRequired":true,"valueName":"search_term_string"}}],"inLanguage":"pt-PT"},{"@type":"Organization","@id":"https:\/\/seconci.com.br\/site\/#organization","name":"Seconci Brasil","url":"https:\/\/seconci.com.br\/site\/","logo":{"@type":"ImageObject","inLanguage":"pt-PT","@id":"https:\/\/seconci.com.br\/site\/#\/schema\/logo\/image\/","url":"https:\/\/seconci.com.br\/site\/wp-content\/uploads\/2024\/08\/Logo-Seconci-Brasil-branca-2.png","contentUrl":"https:\/\/seconci.com.br\/site\/wp-content\/uploads\/2024\/08\/Logo-Seconci-Brasil-branca-2.png","width":1315,"height":598,"caption":"Seconci Brasil"},"image":{"@id":"https:\/\/seconci.com.br\/site\/#\/schema\/logo\/image\/"}},{"@type":"Person","@id":"https:\/\/seconci.com.br\/site\/#\/schema\/person\/1d79afd97ddc8f2c68c1e88e298aa8e2","name":"Sidney Rocha","description":"Comunicador e estagi\u00e1rio do Seconci Brasil.","url":"https:\/\/seconci.com.br\/site\/author\/sidney-rocha\/"}]}},"_links":{"self":[{"href":"https:\/\/seconci.com.br\/site\/wp-json\/wp\/v2\/posts\/9520","targetHints":{"allow":["GET"]}}],"collection":[{"href":"https:\/\/seconci.com.br\/site\/wp-json\/wp\/v2\/posts"}],"about":[{"href":"https:\/\/seconci.com.br\/site\/wp-json\/wp\/v2\/types\/post"}],"author":[{"embeddable":true,"href":"https:\/\/seconci.com.br\/site\/wp-json\/wp\/v2\/users\/3"}],"replies":[{"embeddable":true,"href":"https:\/\/seconci.com.br\/site\/wp-json\/wp\/v2\/comments?post=9520"}],"version-history":[{"count":0,"href":"https:\/\/seconci.com.br\/site\/wp-json\/wp\/v2\/posts\/9520\/revisions"}],"wp:featuredmedia":[{"embeddable":true,"href":"https:\/\/seconci.com.br\/site\/wp-json\/wp\/v2\/media\/9521"}],"wp:attachment":[{"href":"https:\/\/seconci.com.br\/site\/wp-json\/wp\/v2\/media?parent=9520"}],"wp:term":[{"taxonomy":"category","embeddable":true,"href":"https:\/\/seconci.com.br\/site\/wp-json\/wp\/v2\/categories?post=9520"},{"taxonomy":"post_tag","embeddable":true,"href":"https:\/\/seconci.com.br\/site\/wp-json\/wp\/v2\/tags?post=9520"}],"curies":[{"name":"wp","href":"https:\/\/api.w.org\/{rel}","templated":true}]}}