{"id":9612,"date":"2020-05-19T11:22:36","date_gmt":"2020-05-19T11:22:36","guid":{"rendered":"https:\/\/seconci.com.br\/site\/?p=9612"},"modified":"2020-05-19T11:22:36","modified_gmt":"2020-05-19T11:22:36","slug":"seconci-sp-saem-primeiros-resultados-sobre-prevencao-a-covid-19-nos-canteiros","status":"publish","type":"post","link":"https:\/\/seconci.com.br\/site\/2020\/05\/19\/seconci-sp-saem-primeiros-resultados-sobre-prevencao-a-covid-19-nos-canteiros\/","title":{"rendered":"| Seconci-SP | Saem primeiros resultados sobre preven\u00e7\u00e3o \u00e0 Covid-19 nos canteiros"},"content":{"rendered":"<p style=\"text-align: justify;\">Os primeiros resultados da Pesquisa\u00a0<strong>\u2018Conhecendo as A\u00e7\u00f5es das Construtoras Paulistas no Combate \u00e0 Covid-19\u2019<\/strong>\u00a0mostram a assertividade das empresas na preven\u00e7\u00e3o \u00e0 doen\u00e7a nos canteiros de obras. Realizada pelo Sindicato da Constru\u00e7\u00e3o Civil do Estado de S\u00e3o Paulo (SindusCon-SP) e Servi\u00e7o Social da Constru\u00e7\u00e3o do Estado de S\u00e3o Paulo (Seconci-SP), a enquete \u00e9 permanente.<\/p>\n<p style=\"text-align: justify;\">Nesta primeira rodada, foram obtidas respostas de empresas que totalizam 6.585 empregos diretos e terceirizados, de 1 a 12 de maio. Respostas de mais construtoras est\u00e3o chegando, e dever\u00e3o compor os resultados da pr\u00f3xima rodada.<\/p>\n<p style=\"text-align: justify;\">Das empresas pesquisadas, apenas cerca de 1% dos trabalhadores haviam sido afastados por suspeita de Covid-19, e 0,37% tiveram confirma\u00e7\u00e3o de terem contra\u00eddo a doen\u00e7a provocada pela contamina\u00e7\u00e3o do novo coronav\u00edrus.<\/p>\n<p style=\"text-align: justify;\">As construtoras relataram, no per\u00edodo, a exist\u00eancia de 202 obras em andamento e sete paradas, e que 98% do pessoal se encontrava ativo. Havia 63 casos suspeitos de contamina\u00e7\u00e3o e 25 confirmados. Somente quatro trabalhadores estavam internados, tr\u00eas dos quais com Covid-19 confirmada, e nenhum \u00f3bito se registrara.<\/p>\n<p style=\"text-align: justify;\">De acordo com os presidentes Odair Senra, do SindusCon-SP, e Haruo Ishikawa, do Seconci-SP, a pesquisa demonstrou cabalmente\u00a0<strong>a efetividade das medidas de preven\u00e7\u00e3o adotadas para combater a Covid-19 nos canteiros de obras<\/strong>. Eles destacaram que, quanto mais construtoras responderem, mais o setor poder\u00e1 acompanhar a evolu\u00e7\u00e3o dos casos e adotar novas a\u00e7\u00f5es das entidades.<\/p>\n<p style=\"text-align: justify;\">A pesquisa mostrou que todas as empresas pesquisadas haviam adotado medidas preventivas nos canteiros de obras:<\/p>\n<ul style=\"text-align: justify;\">\n<li>Medi\u00e7\u00e3o de temperatura;<\/li>\n<li>Higieniza\u00e7\u00e3o das m\u00e3os;<\/li>\n<li>Orienta\u00e7\u00f5es di\u00e1rias sobre os cuidados preventivos;<\/li>\n<li>Higieniza\u00e7\u00e3o e demarca\u00e7\u00e3o em \u00e1reas de viv\u00eancia;<\/li>\n<li>Hor\u00e1rios escalonados para entrada, sa\u00edda e refei\u00e7\u00f5es;<\/li>\n<li>Fornecimento de m\u00e1scaras para o transporte<\/li>\n<li>Limpeza de equipamentos e ferramentas<\/li>\n<\/ul>\n<p style=\"text-align: justify;\">Al\u00e9m disso, 93% das construtoras orientavam sobre a limpeza dos Equipamentos de Prote\u00e7\u00e3o Individual e distribu\u00edam informativos eletr\u00f4nicos de orienta\u00e7\u00e3o; 87% forneciam m\u00e1scaras para utiliza\u00e7\u00e3o na obra e divulgavam aos trabalhadores os cartazes e v\u00eddeos do SindusCon-SP e do Seconci-SP, e 80% haviam fixado informativos nos locais de circula\u00e7\u00e3o.<\/p>\n<p style=\"text-align: justify;\"><em>Fonte: Ag\u00eancia Cbic<\/em><\/p>\n<p style=\"text-align: justify;\"><em>(Com informa\u00e7\u00f5es do Seconci-SP)<\/em><\/p>\n","protected":false},"excerpt":{"rendered":"<p>Os primeiros resultados da Pesquisa\u00a0\u2018Conhecendo as A\u00e7\u00f5es das Construtoras Paulistas no Combate \u00e0 Covid-19\u2019\u00a0mostram a assertividade das empresas na preven\u00e7\u00e3o \u00e0 doen\u00e7a nos canteiros de obras. Realizada pelo Sindicato da Constru\u00e7\u00e3o Civil do Estado de S\u00e3o Paulo (SindusCon-SP) e Servi\u00e7o Social da Constru\u00e7\u00e3o do Estado de S\u00e3o Paulo (Seconci-SP), a enquete \u00e9 permanente. Nesta primeira [&hellip;]<\/p>\n","protected":false},"author":3,"featured_media":9613,"comment_status":"closed","ping_status":"closed","sticky":false,"template":"","format":"standard","meta":{"footnotes":""},"categories":[87],"tags":[],"class_list":["post-9612","post","type-post","status-publish","format-standard","has-post-thumbnail","hentry","category-seconci-sao-paulo"],"yoast_head":"<!-- This site is optimized with the Yoast SEO plugin v26.9 - https:\/\/yoast.com\/product\/yoast-seo-wordpress\/ -->\n<title>| Seconci-SP | Saem primeiros resultados sobre preven\u00e7\u00e3o \u00e0 Covid-19 nos canteiros - Seconci Brasil<\/title>\n<meta name=\"robots\" content=\"index, follow, max-snippet:-1, max-image-preview:large, max-video-preview:-1\" \/>\n<link rel=\"canonical\" href=\"https:\/\/seconci.com.br\/site\/2020\/05\/19\/seconci-sp-saem-primeiros-resultados-sobre-prevencao-a-covid-19-nos-canteiros\/\" \/>\n<meta property=\"og:locale\" content=\"pt_PT\" \/>\n<meta property=\"og:type\" content=\"article\" \/>\n<meta property=\"og:title\" content=\"| Seconci-SP | Saem primeiros resultados sobre preven\u00e7\u00e3o \u00e0 Covid-19 nos canteiros - Seconci Brasil\" \/>\n<meta property=\"og:description\" content=\"Os primeiros resultados da Pesquisa\u00a0\u2018Conhecendo as A\u00e7\u00f5es das Construtoras Paulistas no Combate \u00e0 Covid-19\u2019\u00a0mostram a assertividade das empresas na preven\u00e7\u00e3o \u00e0 doen\u00e7a nos canteiros de obras. Realizada pelo Sindicato da Constru\u00e7\u00e3o Civil do Estado de S\u00e3o Paulo (SindusCon-SP) e Servi\u00e7o Social da Constru\u00e7\u00e3o do Estado de S\u00e3o Paulo (Seconci-SP), a enquete \u00e9 permanente. Nesta primeira [&hellip;]\" \/>\n<meta property=\"og:url\" content=\"https:\/\/seconci.com.br\/site\/2020\/05\/19\/seconci-sp-saem-primeiros-resultados-sobre-prevencao-a-covid-19-nos-canteiros\/\" \/>\n<meta property=\"og:site_name\" content=\"Seconci Brasil\" \/>\n<meta property=\"article:published_time\" content=\"2020-05-19T11:22:36+00:00\" \/>\n<meta property=\"og:image\" content=\"https:\/\/seconci.com.br\/site\/wp-content\/uploads\/2020\/05\/WhatsApp-Image-2020-05-18-at-16.37.04.jpeg\" \/>\n\t<meta property=\"og:image:width\" content=\"626\" \/>\n\t<meta property=\"og:image:height\" content=\"352\" \/>\n\t<meta property=\"og:image:type\" content=\"image\/jpeg\" \/>\n<meta name=\"author\" content=\"Sidney Rocha\" \/>\n<meta name=\"twitter:card\" content=\"summary_large_image\" \/>\n<meta name=\"twitter:label1\" content=\"Escrito por\" \/>\n\t<meta name=\"twitter:data1\" content=\"Sidney Rocha\" \/>\n\t<meta name=\"twitter:label2\" content=\"Tempo estimado de leitura\" \/>\n\t<meta name=\"twitter:data2\" content=\"2 minutos\" \/>\n<script type=\"application\/ld+json\" class=\"yoast-schema-graph\">{\"@context\":\"https:\/\/schema.org\",\"@graph\":[{\"@type\":\"Article\",\"@id\":\"https:\/\/seconci.com.br\/site\/2020\/05\/19\/seconci-sp-saem-primeiros-resultados-sobre-prevencao-a-covid-19-nos-canteiros\/#article\",\"isPartOf\":{\"@id\":\"https:\/\/seconci.com.br\/site\/2020\/05\/19\/seconci-sp-saem-primeiros-resultados-sobre-prevencao-a-covid-19-nos-canteiros\/\"},\"author\":{\"name\":\"Sidney Rocha\",\"@id\":\"https:\/\/seconci.com.br\/site\/#\/schema\/person\/1d79afd97ddc8f2c68c1e88e298aa8e2\"},\"headline\":\"| Seconci-SP | Saem primeiros resultados sobre preven\u00e7\u00e3o \u00e0 Covid-19 nos canteiros\",\"datePublished\":\"2020-05-19T11:22:36+00:00\",\"mainEntityOfPage\":{\"@id\":\"https:\/\/seconci.com.br\/site\/2020\/05\/19\/seconci-sp-saem-primeiros-resultados-sobre-prevencao-a-covid-19-nos-canteiros\/\"},\"wordCount\":374,\"publisher\":{\"@id\":\"https:\/\/seconci.com.br\/site\/#organization\"},\"image\":{\"@id\":\"https:\/\/seconci.com.br\/site\/2020\/05\/19\/seconci-sp-saem-primeiros-resultados-sobre-prevencao-a-covid-19-nos-canteiros\/#primaryimage\"},\"thumbnailUrl\":\"https:\/\/seconci.com.br\/site\/wp-content\/uploads\/2020\/05\/WhatsApp-Image-2020-05-18-at-16.37.04.jpeg\",\"articleSection\":[\"Seconci S\u00e3o Paulo\"],\"inLanguage\":\"pt-PT\"},{\"@type\":\"WebPage\",\"@id\":\"https:\/\/seconci.com.br\/site\/2020\/05\/19\/seconci-sp-saem-primeiros-resultados-sobre-prevencao-a-covid-19-nos-canteiros\/\",\"url\":\"https:\/\/seconci.com.br\/site\/2020\/05\/19\/seconci-sp-saem-primeiros-resultados-sobre-prevencao-a-covid-19-nos-canteiros\/\",\"name\":\"| Seconci-SP | Saem primeiros resultados sobre preven\u00e7\u00e3o \u00e0 Covid-19 nos canteiros - Seconci Brasil\",\"isPartOf\":{\"@id\":\"https:\/\/seconci.com.br\/site\/#website\"},\"primaryImageOfPage\":{\"@id\":\"https:\/\/seconci.com.br\/site\/2020\/05\/19\/seconci-sp-saem-primeiros-resultados-sobre-prevencao-a-covid-19-nos-canteiros\/#primaryimage\"},\"image\":{\"@id\":\"https:\/\/seconci.com.br\/site\/2020\/05\/19\/seconci-sp-saem-primeiros-resultados-sobre-prevencao-a-covid-19-nos-canteiros\/#primaryimage\"},\"thumbnailUrl\":\"https:\/\/seconci.com.br\/site\/wp-content\/uploads\/2020\/05\/WhatsApp-Image-2020-05-18-at-16.37.04.jpeg\",\"datePublished\":\"2020-05-19T11:22:36+00:00\",\"breadcrumb\":{\"@id\":\"https:\/\/seconci.com.br\/site\/2020\/05\/19\/seconci-sp-saem-primeiros-resultados-sobre-prevencao-a-covid-19-nos-canteiros\/#breadcrumb\"},\"inLanguage\":\"pt-PT\",\"potentialAction\":[{\"@type\":\"ReadAction\",\"target\":[\"https:\/\/seconci.com.br\/site\/2020\/05\/19\/seconci-sp-saem-primeiros-resultados-sobre-prevencao-a-covid-19-nos-canteiros\/\"]}]},{\"@type\":\"ImageObject\",\"inLanguage\":\"pt-PT\",\"@id\":\"https:\/\/seconci.com.br\/site\/2020\/05\/19\/seconci-sp-saem-primeiros-resultados-sobre-prevencao-a-covid-19-nos-canteiros\/#primaryimage\",\"url\":\"https:\/\/seconci.com.br\/site\/wp-content\/uploads\/2020\/05\/WhatsApp-Image-2020-05-18-at-16.37.04.jpeg\",\"contentUrl\":\"https:\/\/seconci.com.br\/site\/wp-content\/uploads\/2020\/05\/WhatsApp-Image-2020-05-18-at-16.37.04.jpeg\",\"width\":626,\"height\":352},{\"@type\":\"BreadcrumbList\",\"@id\":\"https:\/\/seconci.com.br\/site\/2020\/05\/19\/seconci-sp-saem-primeiros-resultados-sobre-prevencao-a-covid-19-nos-canteiros\/#breadcrumb\",\"itemListElement\":[{\"@type\":\"ListItem\",\"position\":1,\"name\":\"In\u00edcio\",\"item\":\"https:\/\/seconci.com.br\/site\/\"},{\"@type\":\"ListItem\",\"position\":2,\"name\":\"| Seconci-SP | Saem primeiros resultados sobre preven\u00e7\u00e3o \u00e0 Covid-19 nos canteiros\"}]},{\"@type\":\"WebSite\",\"@id\":\"https:\/\/seconci.com.br\/site\/#website\",\"url\":\"https:\/\/seconci.com.br\/site\/\",\"name\":\"Seconci Brasil\",\"description\":\"\",\"publisher\":{\"@id\":\"https:\/\/seconci.com.br\/site\/#organization\"},\"potentialAction\":[{\"@type\":\"SearchAction\",\"target\":{\"@type\":\"EntryPoint\",\"urlTemplate\":\"https:\/\/seconci.com.br\/site\/?s={search_term_string}\"},\"query-input\":{\"@type\":\"PropertyValueSpecification\",\"valueRequired\":true,\"valueName\":\"search_term_string\"}}],\"inLanguage\":\"pt-PT\"},{\"@type\":\"Organization\",\"@id\":\"https:\/\/seconci.com.br\/site\/#organization\",\"name\":\"Seconci Brasil\",\"url\":\"https:\/\/seconci.com.br\/site\/\",\"logo\":{\"@type\":\"ImageObject\",\"inLanguage\":\"pt-PT\",\"@id\":\"https:\/\/seconci.com.br\/site\/#\/schema\/logo\/image\/\",\"url\":\"https:\/\/seconci.com.br\/site\/wp-content\/uploads\/2024\/08\/Logo-Seconci-Brasil-branca-2.png\",\"contentUrl\":\"https:\/\/seconci.com.br\/site\/wp-content\/uploads\/2024\/08\/Logo-Seconci-Brasil-branca-2.png\",\"width\":1315,\"height\":598,\"caption\":\"Seconci Brasil\"},\"image\":{\"@id\":\"https:\/\/seconci.com.br\/site\/#\/schema\/logo\/image\/\"}},{\"@type\":\"Person\",\"@id\":\"https:\/\/seconci.com.br\/site\/#\/schema\/person\/1d79afd97ddc8f2c68c1e88e298aa8e2\",\"name\":\"Sidney Rocha\",\"description\":\"Comunicador e estagi\u00e1rio do Seconci Brasil.\",\"url\":\"https:\/\/seconci.com.br\/site\/author\/sidney-rocha\/\"}]}<\/script>\n<!-- \/ Yoast SEO plugin. -->","yoast_head_json":{"title":"| Seconci-SP | Saem primeiros resultados sobre preven\u00e7\u00e3o \u00e0 Covid-19 nos canteiros - Seconci Brasil","robots":{"index":"index","follow":"follow","max-snippet":"max-snippet:-1","max-image-preview":"max-image-preview:large","max-video-preview":"max-video-preview:-1"},"canonical":"https:\/\/seconci.com.br\/site\/2020\/05\/19\/seconci-sp-saem-primeiros-resultados-sobre-prevencao-a-covid-19-nos-canteiros\/","og_locale":"pt_PT","og_type":"article","og_title":"| Seconci-SP | Saem primeiros resultados sobre preven\u00e7\u00e3o \u00e0 Covid-19 nos canteiros - Seconci Brasil","og_description":"Os primeiros resultados da Pesquisa\u00a0\u2018Conhecendo as A\u00e7\u00f5es das Construtoras Paulistas no Combate \u00e0 Covid-19\u2019\u00a0mostram a assertividade das empresas na preven\u00e7\u00e3o \u00e0 doen\u00e7a nos canteiros de obras. Realizada pelo Sindicato da Constru\u00e7\u00e3o Civil do Estado de S\u00e3o Paulo (SindusCon-SP) e Servi\u00e7o Social da Constru\u00e7\u00e3o do Estado de S\u00e3o Paulo (Seconci-SP), a enquete \u00e9 permanente. Nesta primeira [&hellip;]","og_url":"https:\/\/seconci.com.br\/site\/2020\/05\/19\/seconci-sp-saem-primeiros-resultados-sobre-prevencao-a-covid-19-nos-canteiros\/","og_site_name":"Seconci Brasil","article_published_time":"2020-05-19T11:22:36+00:00","og_image":[{"width":626,"height":352,"url":"https:\/\/seconci.com.br\/site\/wp-content\/uploads\/2020\/05\/WhatsApp-Image-2020-05-18-at-16.37.04.jpeg","type":"image\/jpeg"}],"author":"Sidney Rocha","twitter_card":"summary_large_image","twitter_misc":{"Escrito por":"Sidney Rocha","Tempo estimado de leitura":"2 minutos"},"schema":{"@context":"https:\/\/schema.org","@graph":[{"@type":"Article","@id":"https:\/\/seconci.com.br\/site\/2020\/05\/19\/seconci-sp-saem-primeiros-resultados-sobre-prevencao-a-covid-19-nos-canteiros\/#article","isPartOf":{"@id":"https:\/\/seconci.com.br\/site\/2020\/05\/19\/seconci-sp-saem-primeiros-resultados-sobre-prevencao-a-covid-19-nos-canteiros\/"},"author":{"name":"Sidney Rocha","@id":"https:\/\/seconci.com.br\/site\/#\/schema\/person\/1d79afd97ddc8f2c68c1e88e298aa8e2"},"headline":"| Seconci-SP | Saem primeiros resultados sobre preven\u00e7\u00e3o \u00e0 Covid-19 nos canteiros","datePublished":"2020-05-19T11:22:36+00:00","mainEntityOfPage":{"@id":"https:\/\/seconci.com.br\/site\/2020\/05\/19\/seconci-sp-saem-primeiros-resultados-sobre-prevencao-a-covid-19-nos-canteiros\/"},"wordCount":374,"publisher":{"@id":"https:\/\/seconci.com.br\/site\/#organization"},"image":{"@id":"https:\/\/seconci.com.br\/site\/2020\/05\/19\/seconci-sp-saem-primeiros-resultados-sobre-prevencao-a-covid-19-nos-canteiros\/#primaryimage"},"thumbnailUrl":"https:\/\/seconci.com.br\/site\/wp-content\/uploads\/2020\/05\/WhatsApp-Image-2020-05-18-at-16.37.04.jpeg","articleSection":["Seconci S\u00e3o Paulo"],"inLanguage":"pt-PT"},{"@type":"WebPage","@id":"https:\/\/seconci.com.br\/site\/2020\/05\/19\/seconci-sp-saem-primeiros-resultados-sobre-prevencao-a-covid-19-nos-canteiros\/","url":"https:\/\/seconci.com.br\/site\/2020\/05\/19\/seconci-sp-saem-primeiros-resultados-sobre-prevencao-a-covid-19-nos-canteiros\/","name":"| Seconci-SP | Saem primeiros resultados sobre preven\u00e7\u00e3o \u00e0 Covid-19 nos canteiros - Seconci Brasil","isPartOf":{"@id":"https:\/\/seconci.com.br\/site\/#website"},"primaryImageOfPage":{"@id":"https:\/\/seconci.com.br\/site\/2020\/05\/19\/seconci-sp-saem-primeiros-resultados-sobre-prevencao-a-covid-19-nos-canteiros\/#primaryimage"},"image":{"@id":"https:\/\/seconci.com.br\/site\/2020\/05\/19\/seconci-sp-saem-primeiros-resultados-sobre-prevencao-a-covid-19-nos-canteiros\/#primaryimage"},"thumbnailUrl":"https:\/\/seconci.com.br\/site\/wp-content\/uploads\/2020\/05\/WhatsApp-Image-2020-05-18-at-16.37.04.jpeg","datePublished":"2020-05-19T11:22:36+00:00","breadcrumb":{"@id":"https:\/\/seconci.com.br\/site\/2020\/05\/19\/seconci-sp-saem-primeiros-resultados-sobre-prevencao-a-covid-19-nos-canteiros\/#breadcrumb"},"inLanguage":"pt-PT","potentialAction":[{"@type":"ReadAction","target":["https:\/\/seconci.com.br\/site\/2020\/05\/19\/seconci-sp-saem-primeiros-resultados-sobre-prevencao-a-covid-19-nos-canteiros\/"]}]},{"@type":"ImageObject","inLanguage":"pt-PT","@id":"https:\/\/seconci.com.br\/site\/2020\/05\/19\/seconci-sp-saem-primeiros-resultados-sobre-prevencao-a-covid-19-nos-canteiros\/#primaryimage","url":"https:\/\/seconci.com.br\/site\/wp-content\/uploads\/2020\/05\/WhatsApp-Image-2020-05-18-at-16.37.04.jpeg","contentUrl":"https:\/\/seconci.com.br\/site\/wp-content\/uploads\/2020\/05\/WhatsApp-Image-2020-05-18-at-16.37.04.jpeg","width":626,"height":352},{"@type":"BreadcrumbList","@id":"https:\/\/seconci.com.br\/site\/2020\/05\/19\/seconci-sp-saem-primeiros-resultados-sobre-prevencao-a-covid-19-nos-canteiros\/#breadcrumb","itemListElement":[{"@type":"ListItem","position":1,"name":"In\u00edcio","item":"https:\/\/seconci.com.br\/site\/"},{"@type":"ListItem","position":2,"name":"| Seconci-SP | Saem primeiros resultados sobre preven\u00e7\u00e3o \u00e0 Covid-19 nos canteiros"}]},{"@type":"WebSite","@id":"https:\/\/seconci.com.br\/site\/#website","url":"https:\/\/seconci.com.br\/site\/","name":"Seconci Brasil","description":"","publisher":{"@id":"https:\/\/seconci.com.br\/site\/#organization"},"potentialAction":[{"@type":"SearchAction","target":{"@type":"EntryPoint","urlTemplate":"https:\/\/seconci.com.br\/site\/?s={search_term_string}"},"query-input":{"@type":"PropertyValueSpecification","valueRequired":true,"valueName":"search_term_string"}}],"inLanguage":"pt-PT"},{"@type":"Organization","@id":"https:\/\/seconci.com.br\/site\/#organization","name":"Seconci Brasil","url":"https:\/\/seconci.com.br\/site\/","logo":{"@type":"ImageObject","inLanguage":"pt-PT","@id":"https:\/\/seconci.com.br\/site\/#\/schema\/logo\/image\/","url":"https:\/\/seconci.com.br\/site\/wp-content\/uploads\/2024\/08\/Logo-Seconci-Brasil-branca-2.png","contentUrl":"https:\/\/seconci.com.br\/site\/wp-content\/uploads\/2024\/08\/Logo-Seconci-Brasil-branca-2.png","width":1315,"height":598,"caption":"Seconci Brasil"},"image":{"@id":"https:\/\/seconci.com.br\/site\/#\/schema\/logo\/image\/"}},{"@type":"Person","@id":"https:\/\/seconci.com.br\/site\/#\/schema\/person\/1d79afd97ddc8f2c68c1e88e298aa8e2","name":"Sidney Rocha","description":"Comunicador e estagi\u00e1rio do Seconci Brasil.","url":"https:\/\/seconci.com.br\/site\/author\/sidney-rocha\/"}]}},"_links":{"self":[{"href":"https:\/\/seconci.com.br\/site\/wp-json\/wp\/v2\/posts\/9612","targetHints":{"allow":["GET"]}}],"collection":[{"href":"https:\/\/seconci.com.br\/site\/wp-json\/wp\/v2\/posts"}],"about":[{"href":"https:\/\/seconci.com.br\/site\/wp-json\/wp\/v2\/types\/post"}],"author":[{"embeddable":true,"href":"https:\/\/seconci.com.br\/site\/wp-json\/wp\/v2\/users\/3"}],"replies":[{"embeddable":true,"href":"https:\/\/seconci.com.br\/site\/wp-json\/wp\/v2\/comments?post=9612"}],"version-history":[{"count":0,"href":"https:\/\/seconci.com.br\/site\/wp-json\/wp\/v2\/posts\/9612\/revisions"}],"wp:featuredmedia":[{"embeddable":true,"href":"https:\/\/seconci.com.br\/site\/wp-json\/wp\/v2\/media\/9613"}],"wp:attachment":[{"href":"https:\/\/seconci.com.br\/site\/wp-json\/wp\/v2\/media?parent=9612"}],"wp:term":[{"taxonomy":"category","embeddable":true,"href":"https:\/\/seconci.com.br\/site\/wp-json\/wp\/v2\/categories?post=9612"},{"taxonomy":"post_tag","embeddable":true,"href":"https:\/\/seconci.com.br\/site\/wp-json\/wp\/v2\/tags?post=9612"}],"curies":[{"name":"wp","href":"https:\/\/api.w.org\/{rel}","templated":true}]}}