{"id":9628,"date":"2020-05-23T12:58:51","date_gmt":"2020-05-23T12:58:51","guid":{"rendered":"https:\/\/seconci.com.br\/site\/?p=9628"},"modified":"2020-05-23T12:58:51","modified_gmt":"2020-05-23T12:58:51","slug":"servico-social-da-exemplos-de-acoes-para-prevencao-a-covid-19-no-setor","status":"publish","type":"post","link":"https:\/\/seconci.com.br\/site\/2020\/05\/23\/servico-social-da-exemplos-de-acoes-para-prevencao-a-covid-19-no-setor\/","title":{"rendered":"Servi\u00e7o Social d\u00e1 exemplos de a\u00e7\u00f5es para preven\u00e7\u00e3o \u00e0 Covid-19 no setor"},"content":{"rendered":"<p style=\"text-align: justify;\">Medidas adotadas para auxiliar as empresas do setor na preven\u00e7\u00e3o e combate \u00e0 dissemina\u00e7\u00e3o do novo coronav\u00edrus (Covid-19) foram apresentadas nesta sexta-feira (22) por representantes de quatro dos 15 Servi\u00e7os Sociais da Constru\u00e7\u00e3o (Seconcis), durante o\u00a0<strong>\u2018Di\u00e1logos CBIC\u2019<\/strong>\u00a0realizado pela Comiss\u00e3o de Pol\u00edtica de Rela\u00e7\u00f5es Trabalhistas (CPRT) da C\u00e2mara Brasileira da Ind\u00fastria da Constru\u00e7\u00e3o (CBIC), com apoio do Seconci-Brasil e correaliza\u00e7\u00e3o do SESI-DN, e media\u00e7\u00e3o do presidente do Servi\u00e7o Social da Constru\u00e7\u00e3o do Estado de S\u00e3o Paulo (Seconci-SP), Hauro Ishikawa.<\/p>\n<p style=\"text-align: justify;\">Ao classificar como valiosas as contribui\u00e7\u00f5es que os Seconcis prestam \u00e0 sociedade neste momento de pandemia, o presidente da CPRT\/CBIC,\u00a0<strong>Fernando Guedes Ferreira Filho<\/strong>, frisou que as \u201ca\u00e7\u00f5es mostram o cuidado das empresas da constru\u00e7\u00e3o, n\u00e3o apenas com os trabalhadores, mas tamb\u00e9m com seus familiares\u201d.<\/p>\n<p style=\"text-align: justify;\">Destacou tamb\u00e9m que os exemplos apresentados pelos Seconcis s\u00e3o importantes para as construtoras que est\u00e3o com obras paradas e discutindo com governos locais os protocolos que v\u00e3o adotar para a retomada de forma segura.<\/p>\n<p style=\"text-align: justify;\"><strong>Haruo Ishikawa<\/strong>\u00a0salientou que o Servi\u00e7o Social da Constru\u00e7\u00e3o, como terceiro setor e sustentado pelas empresas da constru\u00e7\u00e3o civil, oferece qualidade de vida ao trabalhador, com atendimento m\u00e9dico, odontol\u00f3gico e de Seguran\u00e7a e Sa\u00fade no Trabalho (SST).<\/p>\n<p style=\"text-align: justify;\">Ao ressaltar a import\u00e2ncia do Seconci para as construtoras e os trabalhadores, Ishikawa defendeu que \u201co trabalhador da constru\u00e7\u00e3o civil \u00e9 o maior patrim\u00f4nio para o empres\u00e1rio do setor e que, com sa\u00fade e seguran\u00e7a, d\u00e1 mais produtividade e lucro \u00e0 empresa\u201d.<\/p>\n<p style=\"text-align: justify;\">O presidente do Seconci Brasil,\u00a0<strong>Ant\u00f4nio Carlos Salgueiro de Ara\u00fajo<\/strong>, enfatizou a import\u00e2ncia da atua\u00e7\u00e3o dos Seconcis, com solu\u00e7\u00f5es que est\u00e3o sendo disseminadas para amenizar o impacto da pandemia para trabalhadores e construtoras, mantendo a atividade do setor.<\/p>\n<p style=\"text-align: justify;\"><strong>Denise Noleto<\/strong>\u00a0esclareceu que o Seconci Brasil re\u00fane 15 Seconcis, em mais de 20 cidades, e que esses est\u00e3o fazendo trabalhos similares aos apresentados pelos Seconcis de SP, DF, PR e MG. As a\u00e7\u00f5es desenvolvidas por cada um deles pode ser acompanhada no\u00a0<a href=\"https:\/\/seconci.com.br\/site\/\">site do Seconci Brasil. Acesse!<\/a><\/p>\n<p style=\"text-align: justify;\">\n<h2 style=\"text-align: justify;\"><strong>Programa SOS<\/strong><\/h2>\n<p style=\"text-align: justify;\">A gerente do Seconci-SP,\u00a0<strong>Fl\u00e1via Coelho<\/strong>, apresentou o\u00a0<strong>Programa SOS (Programa Seconci Obra com Sa\u00fade)<\/strong>, criado para garantir a implementa\u00e7\u00e3o e ades\u00e3o \u00e0s medidas de preven\u00e7\u00e3o do coronav\u00edrus, preconizadas pelo Minist\u00e9rio da Sa\u00fade e acordadas com a Secretaria do Trabalho para a constru\u00e7\u00e3o civil.<\/p>\n<p style=\"text-align: justify;\">Segundo Fl\u00e1via Coelho, a iniciativa tem tido um papel fundamental para gerar tranquilidade aos trabalhadores da constru\u00e7\u00e3o civil, al\u00e9m de contribuir para evitar a busca pela sa\u00fade p\u00fablica.<\/p>\n<p style=\"text-align: justify;\">Foram contratos e capacitados 90 profissionais de enfermagem para os canteiros de obras, visando a garantia da sa\u00fade dos trabalhadores e a continuidade da atividade. No momento, 16 construtoras na capital paulista e 86 canteiros no estado de S\u00e3o Paulo aderiram ao programa, o que representa o alcance de cerca de 9.500 trabalhadores do setor.<\/p>\n<p style=\"text-align: justify;\">Al\u00e9m da testagem r\u00e1pida dos trabalhadores das empresas que adquiriram o teste, a pre\u00e7o de custo com o Seconci-SP, diariamente o programa desenvolve, entre outras, as seguintes a\u00e7\u00f5es:<\/p>\n<ul style=\"text-align: justify;\">\n<li>aferi\u00e7\u00e3o de temperatura corporal;<\/li>\n<li>busca ativa de casos suspeitos e encaminhamento para o atendimento m\u00e9dico no ambulat\u00f3rio e, no caso de suspeitos, indica\u00e7\u00e3o \u00a0para o\u00a0<em>hotline<\/em>, onde m\u00e9dicos est\u00e3o dispon\u00edveis em per\u00edodo integral por telemedicina;<\/li>\n<li>acompanhamento\/monitoramento di\u00e1rio dos trabalhadores afastados por suspeita de coronav\u00edrus;<\/li>\n<li>orienta\u00e7\u00e3o aos aspectos de higieniza\u00e7\u00e3o das m\u00e3os e\u00a0garantia de que as construtoras est\u00e3o fornecendo o que est\u00e1 preconizado pela constru\u00e7\u00e3o civil,<\/li>\n<li>participa\u00e7\u00e3o do Di\u00e1logo Di\u00e1rio de Seguran\u00e7a (DDS).<\/li>\n<\/ul>\n<p style=\"text-align: justify;\"><strong>\u00a0<\/strong><\/p>\n<h2 style=\"text-align: justify;\"><strong>Visitas orientativas aos canteiros de obras<\/strong><\/h2>\n<p style=\"text-align: justify;\">A coordenadora de Seguran\u00e7a do Seconci-DF,\u00a0<strong>Juliana Oliveira<\/strong>, apresentou a iniciativa adotada no Distrito Federal e replicada em outros estados sobre a visita orientativa do Seconci-DF \u00e0s empresas da constru\u00e7\u00e3o civil no combate ao coronav\u00edrus.<\/p>\n<p style=\"text-align: justify;\">Segundo Juliana Oliveira, de 27 de mar\u00e7o at\u00e9 o \u00faltimo dia 15 de maio, sem custo para as construtoras e com agendamento pr\u00e9vio, o Seconci-DF j\u00e1 visitou 46 empresas e 84 estabelecimentos, alcan\u00e7ando 5.679 trabalhadores.<\/p>\n<p style=\"text-align: justify;\">Nas visitas, a equipe, composta por m\u00e9dico e t\u00e9cnicos de seguran\u00e7a e de enfermagem do trabalho, orienta e tira d\u00favidas dos profissionais da obra, com base em\u00a0<em>checklist<\/em>\u00a0fundamentado nas cartilhas da CBIC, do Sinduscon-DF e do Minist\u00e9rio da Sa\u00fade.<\/p>\n<p style=\"text-align: justify;\">\n<h2 style=\"text-align: justify;\"><strong>Atendimento presencial nas instala\u00e7\u00f5es do Seconci<\/strong><\/h2>\n<p style=\"text-align: justify;\">O superintendente do Seconci e Sinduscon-PR,\u00a0<strong>Andreas Schiel<\/strong>, detalhou as medidas adotadas pelo Seconci-PR nas \u00e1reas m\u00e9dica, odontol\u00f3gica e administrativa para manter o atendimento presencial nas instala\u00e7\u00f5es do servi\u00e7o social.<\/p>\n<p style=\"text-align: justify;\">O coordenador de Seguran\u00e7a do Seconci-PR,<strong>\u00a0Roberto Gubert<\/strong>, informou que o\u00a0<em>layout<\/em>\u00a0da sala das palestras da NR-18 foi alterado e foram adotadas as recomenda\u00e7\u00f5es necess\u00e1rias para suas realiza\u00e7\u00f5es. Mencionou tamb\u00e9m a elabora\u00e7\u00e3o de duas cartilhas com orienta\u00e7\u00f5es sobre seguran\u00e7a e sa\u00fade no trabalho, uma direcionada aos trabalhadores, com base nas indica\u00e7\u00f5es do Minist\u00e9rio da Sa\u00fade e da secretaria estadual, e a realiza\u00e7\u00e3o de\u00a0<em>webinars<\/em>\u00a0sobre SST e as a\u00e7\u00f5es trabalhistas que devem ser adotadas pelas empresas.<\/p>\n<p style=\"text-align: justify;\">\n<h2 style=\"text-align: justify;\"><strong>Protocolos de atendimento m\u00e9dico<\/strong><\/h2>\n<p style=\"text-align: justify;\">A coordenadora m\u00e9dica do Seconci-MG,\u00a0<strong>Ana Lucia Elias de Almeida<\/strong>, destacou a conduta adotada pelo Servi\u00e7o Social da Constru\u00e7\u00e3o de Minas Gerais em rela\u00e7\u00e3o a Covid-19. Em Belo Horizonte, por exemplo, o Seconci optou por manter os exames adicionais para atividades que envolvem trabalho em altura, mudan\u00e7a de fun\u00e7\u00e3o e espa\u00e7o confinado. No que se refere a exames peri\u00f3dicos e retorno ao trabalho, a indica\u00e7\u00e3o \u00e9 para que as empresas n\u00e3o realizem exames no momento, mas se a empresa se sentir insegura, o exame \u00e9 feito.<\/p>\n<p style=\"text-align: justify;\">\n<h2 style=\"text-align: justify;\"><strong>Hospital de Campanha<\/strong><\/h2>\n<p style=\"text-align: justify;\">Haruo Ishikawa destacou que o Seconci-SP tamb\u00e9m \u00e9 Organiza\u00e7\u00e3o Social de Sa\u00fade (OSS) e est\u00e1 administrando dois hospitais de campanha do governo do Estado de S\u00e3o Paulo, o do Ibirapuera, com 268 leitos, e do Heli\u00f3polis, com 200 leitos.<\/p>\n<p style=\"text-align: justify;\">Veja a \u00edntegra do\u00a0<strong>Di\u00e1logos CBIC<\/strong>, iniciativa que integra o projeto\u00a0<strong>\u2018Realiza\u00e7\u00e3o\/Participa\u00e7\u00e3o de\/em Eventos Tem\u00e1ticos de Rela\u00e7\u00f5es do Trabalho\/Seguran\u00e7a e Sa\u00fade no Trabalho (RT\/SST)\u2019<\/strong>, realizado pela CBIC, por meio da sua Comiss\u00e3o de Pol\u00edtica de Rela\u00e7\u00f5es Trabalhistas (CPRT), com a correaliza\u00e7\u00e3o do Servi\u00e7o Social da Ind\u00fastria (Sesi Nacional), no\u00a0<a href=\"https:\/\/www.youtube.com\/watch?v=t4-7rt9ilPo&amp;feature=youtu.be\">canal da CBIC no YouTube<\/a>.<\/p>\n<p><em><strong>Fonte: Ag\u00eancia Cbic<\/strong><\/em><\/p>\n","protected":false},"excerpt":{"rendered":"<p>Medidas adotadas para auxiliar as empresas do setor na preven\u00e7\u00e3o e combate \u00e0 dissemina\u00e7\u00e3o do novo coronav\u00edrus (Covid-19) foram apresentadas nesta sexta-feira (22) por representantes de quatro dos 15 Servi\u00e7os Sociais da Constru\u00e7\u00e3o (Seconcis), durante o\u00a0\u2018Di\u00e1logos CBIC\u2019\u00a0realizado pela Comiss\u00e3o de Pol\u00edtica de Rela\u00e7\u00f5es Trabalhistas (CPRT) da C\u00e2mara Brasileira da Ind\u00fastria da Constru\u00e7\u00e3o (CBIC), com apoio [&hellip;]<\/p>\n","protected":false},"author":3,"featured_media":9629,"comment_status":"closed","ping_status":"closed","sticky":false,"template":"","format":"standard","meta":{"footnotes":""},"categories":[92],"tags":[],"class_list":["post-9628","post","type-post","status-publish","format-standard","has-post-thumbnail","hentry","category-seconci-brasil"],"yoast_head":"<!-- This site is optimized with the Yoast SEO plugin v26.9 - https:\/\/yoast.com\/product\/yoast-seo-wordpress\/ -->\n<title>Servi\u00e7o Social d\u00e1 exemplos de a\u00e7\u00f5es para preven\u00e7\u00e3o \u00e0 Covid-19 no setor - Seconci Brasil<\/title>\n<meta name=\"robots\" content=\"index, follow, max-snippet:-1, max-image-preview:large, max-video-preview:-1\" \/>\n<link rel=\"canonical\" href=\"https:\/\/seconci.com.br\/site\/2020\/05\/23\/servico-social-da-exemplos-de-acoes-para-prevencao-a-covid-19-no-setor\/\" \/>\n<meta property=\"og:locale\" content=\"pt_PT\" \/>\n<meta property=\"og:type\" content=\"article\" \/>\n<meta property=\"og:title\" content=\"Servi\u00e7o Social d\u00e1 exemplos de a\u00e7\u00f5es para preven\u00e7\u00e3o \u00e0 Covid-19 no setor - Seconci Brasil\" \/>\n<meta property=\"og:description\" content=\"Medidas adotadas para auxiliar as empresas do setor na preven\u00e7\u00e3o e combate \u00e0 dissemina\u00e7\u00e3o do novo coronav\u00edrus (Covid-19) foram apresentadas nesta sexta-feira (22) por representantes de quatro dos 15 Servi\u00e7os Sociais da Constru\u00e7\u00e3o (Seconcis), durante o\u00a0\u2018Di\u00e1logos CBIC\u2019\u00a0realizado pela Comiss\u00e3o de Pol\u00edtica de Rela\u00e7\u00f5es Trabalhistas (CPRT) da C\u00e2mara Brasileira da Ind\u00fastria da Constru\u00e7\u00e3o (CBIC), com apoio [&hellip;]\" \/>\n<meta property=\"og:url\" content=\"https:\/\/seconci.com.br\/site\/2020\/05\/23\/servico-social-da-exemplos-de-acoes-para-prevencao-a-covid-19-no-setor\/\" \/>\n<meta property=\"og:site_name\" content=\"Seconci Brasil\" \/>\n<meta property=\"article:published_time\" content=\"2020-05-23T12:58:51+00:00\" \/>\n<meta property=\"og:image\" content=\"https:\/\/seconci.com.br\/site\/wp-content\/uploads\/2020\/05\/WhatsApp-Image-2020-05-22-at-10.39.56.jpeg\" \/>\n\t<meta property=\"og:image:width\" content=\"1171\" \/>\n\t<meta property=\"og:image:height\" content=\"502\" \/>\n\t<meta property=\"og:image:type\" content=\"image\/jpeg\" \/>\n<meta name=\"author\" content=\"Sidney Rocha\" \/>\n<meta name=\"twitter:card\" content=\"summary_large_image\" \/>\n<meta name=\"twitter:label1\" content=\"Escrito por\" \/>\n\t<meta name=\"twitter:data1\" content=\"Sidney Rocha\" \/>\n\t<meta name=\"twitter:label2\" content=\"Tempo estimado de leitura\" \/>\n\t<meta name=\"twitter:data2\" content=\"6 minutos\" \/>\n<script type=\"application\/ld+json\" class=\"yoast-schema-graph\">{\"@context\":\"https:\/\/schema.org\",\"@graph\":[{\"@type\":\"Article\",\"@id\":\"https:\/\/seconci.com.br\/site\/2020\/05\/23\/servico-social-da-exemplos-de-acoes-para-prevencao-a-covid-19-no-setor\/#article\",\"isPartOf\":{\"@id\":\"https:\/\/seconci.com.br\/site\/2020\/05\/23\/servico-social-da-exemplos-de-acoes-para-prevencao-a-covid-19-no-setor\/\"},\"author\":{\"name\":\"Sidney Rocha\",\"@id\":\"https:\/\/seconci.com.br\/site\/#\/schema\/person\/1d79afd97ddc8f2c68c1e88e298aa8e2\"},\"headline\":\"Servi\u00e7o Social d\u00e1 exemplos de a\u00e7\u00f5es para preven\u00e7\u00e3o \u00e0 Covid-19 no setor\",\"datePublished\":\"2020-05-23T12:58:51+00:00\",\"mainEntityOfPage\":{\"@id\":\"https:\/\/seconci.com.br\/site\/2020\/05\/23\/servico-social-da-exemplos-de-acoes-para-prevencao-a-covid-19-no-setor\/\"},\"wordCount\":1118,\"publisher\":{\"@id\":\"https:\/\/seconci.com.br\/site\/#organization\"},\"image\":{\"@id\":\"https:\/\/seconci.com.br\/site\/2020\/05\/23\/servico-social-da-exemplos-de-acoes-para-prevencao-a-covid-19-no-setor\/#primaryimage\"},\"thumbnailUrl\":\"https:\/\/seconci.com.br\/site\/wp-content\/uploads\/2020\/05\/WhatsApp-Image-2020-05-22-at-10.39.56.jpeg\",\"articleSection\":[\"Seconci Brasil\"],\"inLanguage\":\"pt-PT\"},{\"@type\":\"WebPage\",\"@id\":\"https:\/\/seconci.com.br\/site\/2020\/05\/23\/servico-social-da-exemplos-de-acoes-para-prevencao-a-covid-19-no-setor\/\",\"url\":\"https:\/\/seconci.com.br\/site\/2020\/05\/23\/servico-social-da-exemplos-de-acoes-para-prevencao-a-covid-19-no-setor\/\",\"name\":\"Servi\u00e7o Social d\u00e1 exemplos de a\u00e7\u00f5es para preven\u00e7\u00e3o \u00e0 Covid-19 no setor - Seconci Brasil\",\"isPartOf\":{\"@id\":\"https:\/\/seconci.com.br\/site\/#website\"},\"primaryImageOfPage\":{\"@id\":\"https:\/\/seconci.com.br\/site\/2020\/05\/23\/servico-social-da-exemplos-de-acoes-para-prevencao-a-covid-19-no-setor\/#primaryimage\"},\"image\":{\"@id\":\"https:\/\/seconci.com.br\/site\/2020\/05\/23\/servico-social-da-exemplos-de-acoes-para-prevencao-a-covid-19-no-setor\/#primaryimage\"},\"thumbnailUrl\":\"https:\/\/seconci.com.br\/site\/wp-content\/uploads\/2020\/05\/WhatsApp-Image-2020-05-22-at-10.39.56.jpeg\",\"datePublished\":\"2020-05-23T12:58:51+00:00\",\"breadcrumb\":{\"@id\":\"https:\/\/seconci.com.br\/site\/2020\/05\/23\/servico-social-da-exemplos-de-acoes-para-prevencao-a-covid-19-no-setor\/#breadcrumb\"},\"inLanguage\":\"pt-PT\",\"potentialAction\":[{\"@type\":\"ReadAction\",\"target\":[\"https:\/\/seconci.com.br\/site\/2020\/05\/23\/servico-social-da-exemplos-de-acoes-para-prevencao-a-covid-19-no-setor\/\"]}]},{\"@type\":\"ImageObject\",\"inLanguage\":\"pt-PT\",\"@id\":\"https:\/\/seconci.com.br\/site\/2020\/05\/23\/servico-social-da-exemplos-de-acoes-para-prevencao-a-covid-19-no-setor\/#primaryimage\",\"url\":\"https:\/\/seconci.com.br\/site\/wp-content\/uploads\/2020\/05\/WhatsApp-Image-2020-05-22-at-10.39.56.jpeg\",\"contentUrl\":\"https:\/\/seconci.com.br\/site\/wp-content\/uploads\/2020\/05\/WhatsApp-Image-2020-05-22-at-10.39.56.jpeg\",\"width\":1171,\"height\":502},{\"@type\":\"BreadcrumbList\",\"@id\":\"https:\/\/seconci.com.br\/site\/2020\/05\/23\/servico-social-da-exemplos-de-acoes-para-prevencao-a-covid-19-no-setor\/#breadcrumb\",\"itemListElement\":[{\"@type\":\"ListItem\",\"position\":1,\"name\":\"In\u00edcio\",\"item\":\"https:\/\/seconci.com.br\/site\/\"},{\"@type\":\"ListItem\",\"position\":2,\"name\":\"Servi\u00e7o Social d\u00e1 exemplos de a\u00e7\u00f5es para preven\u00e7\u00e3o \u00e0 Covid-19 no setor\"}]},{\"@type\":\"WebSite\",\"@id\":\"https:\/\/seconci.com.br\/site\/#website\",\"url\":\"https:\/\/seconci.com.br\/site\/\",\"name\":\"Seconci Brasil\",\"description\":\"\",\"publisher\":{\"@id\":\"https:\/\/seconci.com.br\/site\/#organization\"},\"potentialAction\":[{\"@type\":\"SearchAction\",\"target\":{\"@type\":\"EntryPoint\",\"urlTemplate\":\"https:\/\/seconci.com.br\/site\/?s={search_term_string}\"},\"query-input\":{\"@type\":\"PropertyValueSpecification\",\"valueRequired\":true,\"valueName\":\"search_term_string\"}}],\"inLanguage\":\"pt-PT\"},{\"@type\":\"Organization\",\"@id\":\"https:\/\/seconci.com.br\/site\/#organization\",\"name\":\"Seconci Brasil\",\"url\":\"https:\/\/seconci.com.br\/site\/\",\"logo\":{\"@type\":\"ImageObject\",\"inLanguage\":\"pt-PT\",\"@id\":\"https:\/\/seconci.com.br\/site\/#\/schema\/logo\/image\/\",\"url\":\"https:\/\/seconci.com.br\/site\/wp-content\/uploads\/2024\/08\/Logo-Seconci-Brasil-branca-2.png\",\"contentUrl\":\"https:\/\/seconci.com.br\/site\/wp-content\/uploads\/2024\/08\/Logo-Seconci-Brasil-branca-2.png\",\"width\":1315,\"height\":598,\"caption\":\"Seconci Brasil\"},\"image\":{\"@id\":\"https:\/\/seconci.com.br\/site\/#\/schema\/logo\/image\/\"}},{\"@type\":\"Person\",\"@id\":\"https:\/\/seconci.com.br\/site\/#\/schema\/person\/1d79afd97ddc8f2c68c1e88e298aa8e2\",\"name\":\"Sidney Rocha\",\"description\":\"Comunicador e estagi\u00e1rio do Seconci Brasil.\",\"url\":\"https:\/\/seconci.com.br\/site\/author\/sidney-rocha\/\"}]}<\/script>\n<!-- \/ Yoast SEO plugin. -->","yoast_head_json":{"title":"Servi\u00e7o Social d\u00e1 exemplos de a\u00e7\u00f5es para preven\u00e7\u00e3o \u00e0 Covid-19 no setor - Seconci Brasil","robots":{"index":"index","follow":"follow","max-snippet":"max-snippet:-1","max-image-preview":"max-image-preview:large","max-video-preview":"max-video-preview:-1"},"canonical":"https:\/\/seconci.com.br\/site\/2020\/05\/23\/servico-social-da-exemplos-de-acoes-para-prevencao-a-covid-19-no-setor\/","og_locale":"pt_PT","og_type":"article","og_title":"Servi\u00e7o Social d\u00e1 exemplos de a\u00e7\u00f5es para preven\u00e7\u00e3o \u00e0 Covid-19 no setor - Seconci Brasil","og_description":"Medidas adotadas para auxiliar as empresas do setor na preven\u00e7\u00e3o e combate \u00e0 dissemina\u00e7\u00e3o do novo coronav\u00edrus (Covid-19) foram apresentadas nesta sexta-feira (22) por representantes de quatro dos 15 Servi\u00e7os Sociais da Constru\u00e7\u00e3o (Seconcis), durante o\u00a0\u2018Di\u00e1logos CBIC\u2019\u00a0realizado pela Comiss\u00e3o de Pol\u00edtica de Rela\u00e7\u00f5es Trabalhistas (CPRT) da C\u00e2mara Brasileira da Ind\u00fastria da Constru\u00e7\u00e3o (CBIC), com apoio [&hellip;]","og_url":"https:\/\/seconci.com.br\/site\/2020\/05\/23\/servico-social-da-exemplos-de-acoes-para-prevencao-a-covid-19-no-setor\/","og_site_name":"Seconci Brasil","article_published_time":"2020-05-23T12:58:51+00:00","og_image":[{"width":1171,"height":502,"url":"https:\/\/seconci.com.br\/site\/wp-content\/uploads\/2020\/05\/WhatsApp-Image-2020-05-22-at-10.39.56.jpeg","type":"image\/jpeg"}],"author":"Sidney Rocha","twitter_card":"summary_large_image","twitter_misc":{"Escrito por":"Sidney Rocha","Tempo estimado de leitura":"6 minutos"},"schema":{"@context":"https:\/\/schema.org","@graph":[{"@type":"Article","@id":"https:\/\/seconci.com.br\/site\/2020\/05\/23\/servico-social-da-exemplos-de-acoes-para-prevencao-a-covid-19-no-setor\/#article","isPartOf":{"@id":"https:\/\/seconci.com.br\/site\/2020\/05\/23\/servico-social-da-exemplos-de-acoes-para-prevencao-a-covid-19-no-setor\/"},"author":{"name":"Sidney Rocha","@id":"https:\/\/seconci.com.br\/site\/#\/schema\/person\/1d79afd97ddc8f2c68c1e88e298aa8e2"},"headline":"Servi\u00e7o Social d\u00e1 exemplos de a\u00e7\u00f5es para preven\u00e7\u00e3o \u00e0 Covid-19 no setor","datePublished":"2020-05-23T12:58:51+00:00","mainEntityOfPage":{"@id":"https:\/\/seconci.com.br\/site\/2020\/05\/23\/servico-social-da-exemplos-de-acoes-para-prevencao-a-covid-19-no-setor\/"},"wordCount":1118,"publisher":{"@id":"https:\/\/seconci.com.br\/site\/#organization"},"image":{"@id":"https:\/\/seconci.com.br\/site\/2020\/05\/23\/servico-social-da-exemplos-de-acoes-para-prevencao-a-covid-19-no-setor\/#primaryimage"},"thumbnailUrl":"https:\/\/seconci.com.br\/site\/wp-content\/uploads\/2020\/05\/WhatsApp-Image-2020-05-22-at-10.39.56.jpeg","articleSection":["Seconci Brasil"],"inLanguage":"pt-PT"},{"@type":"WebPage","@id":"https:\/\/seconci.com.br\/site\/2020\/05\/23\/servico-social-da-exemplos-de-acoes-para-prevencao-a-covid-19-no-setor\/","url":"https:\/\/seconci.com.br\/site\/2020\/05\/23\/servico-social-da-exemplos-de-acoes-para-prevencao-a-covid-19-no-setor\/","name":"Servi\u00e7o Social d\u00e1 exemplos de a\u00e7\u00f5es para preven\u00e7\u00e3o \u00e0 Covid-19 no setor - Seconci Brasil","isPartOf":{"@id":"https:\/\/seconci.com.br\/site\/#website"},"primaryImageOfPage":{"@id":"https:\/\/seconci.com.br\/site\/2020\/05\/23\/servico-social-da-exemplos-de-acoes-para-prevencao-a-covid-19-no-setor\/#primaryimage"},"image":{"@id":"https:\/\/seconci.com.br\/site\/2020\/05\/23\/servico-social-da-exemplos-de-acoes-para-prevencao-a-covid-19-no-setor\/#primaryimage"},"thumbnailUrl":"https:\/\/seconci.com.br\/site\/wp-content\/uploads\/2020\/05\/WhatsApp-Image-2020-05-22-at-10.39.56.jpeg","datePublished":"2020-05-23T12:58:51+00:00","breadcrumb":{"@id":"https:\/\/seconci.com.br\/site\/2020\/05\/23\/servico-social-da-exemplos-de-acoes-para-prevencao-a-covid-19-no-setor\/#breadcrumb"},"inLanguage":"pt-PT","potentialAction":[{"@type":"ReadAction","target":["https:\/\/seconci.com.br\/site\/2020\/05\/23\/servico-social-da-exemplos-de-acoes-para-prevencao-a-covid-19-no-setor\/"]}]},{"@type":"ImageObject","inLanguage":"pt-PT","@id":"https:\/\/seconci.com.br\/site\/2020\/05\/23\/servico-social-da-exemplos-de-acoes-para-prevencao-a-covid-19-no-setor\/#primaryimage","url":"https:\/\/seconci.com.br\/site\/wp-content\/uploads\/2020\/05\/WhatsApp-Image-2020-05-22-at-10.39.56.jpeg","contentUrl":"https:\/\/seconci.com.br\/site\/wp-content\/uploads\/2020\/05\/WhatsApp-Image-2020-05-22-at-10.39.56.jpeg","width":1171,"height":502},{"@type":"BreadcrumbList","@id":"https:\/\/seconci.com.br\/site\/2020\/05\/23\/servico-social-da-exemplos-de-acoes-para-prevencao-a-covid-19-no-setor\/#breadcrumb","itemListElement":[{"@type":"ListItem","position":1,"name":"In\u00edcio","item":"https:\/\/seconci.com.br\/site\/"},{"@type":"ListItem","position":2,"name":"Servi\u00e7o Social d\u00e1 exemplos de a\u00e7\u00f5es para preven\u00e7\u00e3o \u00e0 Covid-19 no setor"}]},{"@type":"WebSite","@id":"https:\/\/seconci.com.br\/site\/#website","url":"https:\/\/seconci.com.br\/site\/","name":"Seconci Brasil","description":"","publisher":{"@id":"https:\/\/seconci.com.br\/site\/#organization"},"potentialAction":[{"@type":"SearchAction","target":{"@type":"EntryPoint","urlTemplate":"https:\/\/seconci.com.br\/site\/?s={search_term_string}"},"query-input":{"@type":"PropertyValueSpecification","valueRequired":true,"valueName":"search_term_string"}}],"inLanguage":"pt-PT"},{"@type":"Organization","@id":"https:\/\/seconci.com.br\/site\/#organization","name":"Seconci Brasil","url":"https:\/\/seconci.com.br\/site\/","logo":{"@type":"ImageObject","inLanguage":"pt-PT","@id":"https:\/\/seconci.com.br\/site\/#\/schema\/logo\/image\/","url":"https:\/\/seconci.com.br\/site\/wp-content\/uploads\/2024\/08\/Logo-Seconci-Brasil-branca-2.png","contentUrl":"https:\/\/seconci.com.br\/site\/wp-content\/uploads\/2024\/08\/Logo-Seconci-Brasil-branca-2.png","width":1315,"height":598,"caption":"Seconci Brasil"},"image":{"@id":"https:\/\/seconci.com.br\/site\/#\/schema\/logo\/image\/"}},{"@type":"Person","@id":"https:\/\/seconci.com.br\/site\/#\/schema\/person\/1d79afd97ddc8f2c68c1e88e298aa8e2","name":"Sidney Rocha","description":"Comunicador e estagi\u00e1rio do Seconci Brasil.","url":"https:\/\/seconci.com.br\/site\/author\/sidney-rocha\/"}]}},"_links":{"self":[{"href":"https:\/\/seconci.com.br\/site\/wp-json\/wp\/v2\/posts\/9628","targetHints":{"allow":["GET"]}}],"collection":[{"href":"https:\/\/seconci.com.br\/site\/wp-json\/wp\/v2\/posts"}],"about":[{"href":"https:\/\/seconci.com.br\/site\/wp-json\/wp\/v2\/types\/post"}],"author":[{"embeddable":true,"href":"https:\/\/seconci.com.br\/site\/wp-json\/wp\/v2\/users\/3"}],"replies":[{"embeddable":true,"href":"https:\/\/seconci.com.br\/site\/wp-json\/wp\/v2\/comments?post=9628"}],"version-history":[{"count":0,"href":"https:\/\/seconci.com.br\/site\/wp-json\/wp\/v2\/posts\/9628\/revisions"}],"wp:featuredmedia":[{"embeddable":true,"href":"https:\/\/seconci.com.br\/site\/wp-json\/wp\/v2\/media\/9629"}],"wp:attachment":[{"href":"https:\/\/seconci.com.br\/site\/wp-json\/wp\/v2\/media?parent=9628"}],"wp:term":[{"taxonomy":"category","embeddable":true,"href":"https:\/\/seconci.com.br\/site\/wp-json\/wp\/v2\/categories?post=9628"},{"taxonomy":"post_tag","embeddable":true,"href":"https:\/\/seconci.com.br\/site\/wp-json\/wp\/v2\/tags?post=9628"}],"curies":[{"name":"wp","href":"https:\/\/api.w.org\/{rel}","templated":true}]}}