{"id":9774,"date":"2020-06-18T11:58:30","date_gmt":"2020-06-18T11:58:30","guid":{"rendered":"https:\/\/seconci.com.br\/site\/?p=9774"},"modified":"2020-06-18T11:58:30","modified_gmt":"2020-06-18T11:58:30","slug":"camara-aprova-texto-base-de-mp-que-permite-antecipar-ferias-e-adiar-depositos-do-fgts","status":"publish","type":"post","link":"https:\/\/seconci.com.br\/site\/2020\/06\/18\/camara-aprova-texto-base-de-mp-que-permite-antecipar-ferias-e-adiar-depositos-do-fgts\/","title":{"rendered":"C\u00e2mara aprova texto-base de MP que permite antecipar f\u00e9rias e adiar dep\u00f3sitos do FGTS"},"content":{"rendered":"<div style=\"text-align: justify;\">A C\u00e2mara aprovou nesta quarta-feira (17) o texto-base da medida provis\u00f3ria que flexibiliza regras trabalhistas e permite antecipar f\u00e9rias individuais e adiar dep\u00f3sitos no FGTS (Fundo de Garantia do Tempo de Servi\u00e7o) durante o estado de calamidade da pandemia do novo coronav\u00edrus.<\/p>\n<\/div>\n<div style=\"text-align: justify;\">O texto-base foi aprovado por 332 votos a favor e 132 contr\u00e1rios. Os deputados v\u00e3o, agora, analisar propostas de mudan\u00e7as ao texto. Depois, a MP vai ao Senado. O texto perde validade em 4 de agosto.<\/p>\n<\/div>\n<div style=\"text-align: justify;\">Durante o estado de calamidade, empresa e funcion\u00e1rio poder\u00e3o firmar acordo individual escrito para garantir a perman\u00eancia do v\u00ednculo empregat\u00edcio. O pacto ter\u00e1 preponder\u00e2ncia sobre leis e negocia\u00e7\u00f5es coletivas no per\u00edodo.<\/p>\n<\/div>\n<div style=\"text-align: justify;\">A medida autoriza as empresas a trocarem o regime de trabalho de presencial pelo de teletrabalho, independentemente da exist\u00eancia de acordo individual ou coletivo. O empregador tamb\u00e9m poder\u00e1 antecipar f\u00e9rias individuais, conceder f\u00e9rias coletivas e antecipar feriados.<\/p>\n<\/div>\n<div style=\"text-align: justify;\">Se quiser antecipar f\u00e9rias, a empresa ter\u00e1 que notificar o empregado da decis\u00e3o com pelo menos 48 horas de anteced\u00eancia. O mesmo procedimento deve ser adotado se desejar dar f\u00e9rias coletivas aos trabalhadores ou antecipar feriados.<\/p>\n<\/div>\n<div style=\"text-align: justify;\">O per\u00edodo de f\u00e9rias n\u00e3o pode ser inferior a cinco dias corridos. Trabalhadores que fa\u00e7am parte do grupo de risco do coronav\u00edrus ter\u00e3o prioridade para tirar f\u00e9rias individuais ou coletivas. O texto autoriza ainda as empresas a pagarem o adicional de um ter\u00e7o de f\u00e9rias at\u00e9 20 de dezembro.<\/p>\n<\/div>\n<div style=\"text-align: justify;\">A companhia poder\u00e1 pagar as f\u00e9rias at\u00e9 o quinto dia \u00fatil do m\u00eas seguinte ao in\u00edcio do per\u00edodo de descanso remunerado do trabalhador.<\/p>\n<\/div>\n<div style=\"text-align: justify;\">Al\u00e9m da flexibiliza\u00e7\u00e3o de f\u00e9rias individuais e coletivas e do teletrabalho dos empregados, as empresas tamb\u00e9m poder\u00e3o adiar o recolhimento das contribui\u00e7\u00f5es ao FGTS nos meses de mar\u00e7o, abril e maio deste ano.<\/p>\n<\/div>\n<div style=\"text-align: justify;\">Os dep\u00f3sitos desses valores poder\u00e3o ser parcelados sem corre\u00e7\u00e3o monet\u00e1ria, multa e encargos. O pagamento dessas parcelas dever\u00e1 ser feito em at\u00e9 seis meses a partir de julho deste ano. A contribui\u00e7\u00e3o dever\u00e1 ser recolhida at\u00e9 o dia 7 de cada m\u00eas.<\/p>\n<\/div>\n<div style=\"text-align: justify;\">As empresas, entretanto, ficam obrigadas a declarar o reconhecimento desse valor diferido at\u00e9 este s\u00e1bado (20). Se isso n\u00e3o ocorrer, as empresas ser\u00e3o consideradas em atraso, com a obriga\u00e7\u00e3o de pagar os valores devidos acrescidos de multa e encargos.<\/p>\n<\/div>\n<div style=\"text-align: justify;\">O texto tamb\u00e9m muda regras de banco de horas. A empresa poder\u00e1 constituir regime especial de compensa\u00e7\u00e3o de jornada, para que as horas extras sejam compensadas em at\u00e9 18 meses contados a partir da data de encerramento do estado de calamidade p\u00fablica, e a prorroga\u00e7\u00e3o da jornada ser\u00e1 de at\u00e9 duas horas. Isso poder\u00e1 ocorrer inclusive aos finais de semana.<\/p>\n<\/div>\n<div style=\"text-align: justify;\">O relator incluiu uma regra para os bancos de horas de empresas que desempenham atividades essenciais. Para elas, ser\u00e1 poss\u00edvel criar um regime especial para compensa\u00e7\u00e3o de jornada, independentemente da interrup\u00e7\u00e3o das atividades.<\/p>\n<\/div>\n<div style=\"text-align: justify;\">A medida provis\u00f3ria prev\u00ea a antecipa\u00e7\u00e3o do 13\u00ba sal\u00e1rio de benefici\u00e1rios do INSS. A primeira parcela foi paga com o benef\u00edcio de abril, e a segunda, com o de maio.<\/p>\n<\/div>\n<div style=\"text-align: justify;\">A MP tamb\u00e9m suspende exig\u00eancias de seguran\u00e7a e sa\u00fade do trabalho. Durante o estado de calamidade, fica suspensa a obrigatoriedade de realiza\u00e7\u00e3o de exames m\u00e9dicos ocupacionais, cl\u00ednicos e complementares, com exce\u00e7\u00e3o dos demissionais.<\/p>\n<\/div>\n<div style=\"text-align: justify;\">No entanto, o texto permite a dispensa do exame demissional se o exame m\u00e9dico ocupacional mais recente tiver sido realizado h\u00e1 menos de 180 dias.<\/div>\n<div style=\"text-align: justify;\">Profissionais de sa\u00fade e \u00e1reas que atuem em hospitais ter\u00e3o prioridade nos testes de identifica\u00e7\u00e3o da Covid-19.<\/p>\n<\/div>\n<div style=\"text-align: justify;\">Editada em mar\u00e7o deste ano, a MP, chamada de &#8220;capenga&#8221; pelo presidente da C\u00e2mara, Rodrigo Maia (DEM-RJ), teve um trecho que permitia a suspens\u00e3o de trabalho por at\u00e9 quatro meses revogado pouco ap\u00f3s sua edi\u00e7\u00e3o.<\/div>\n<div><\/div>\n<div><em><strong>Fonte: Folha de Pernambuco<\/strong><\/em><\/div>\n","protected":false},"excerpt":{"rendered":"<p>A C\u00e2mara aprovou nesta quarta-feira (17) o texto-base da medida provis\u00f3ria que flexibiliza regras trabalhistas e permite antecipar f\u00e9rias individuais e adiar dep\u00f3sitos no FGTS (Fundo de Garantia do Tempo de Servi\u00e7o) durante o estado de calamidade da pandemia do novo coronav\u00edrus. O texto-base foi aprovado por 332 votos a favor e 132 contr\u00e1rios. Os [&hellip;]<\/p>\n","protected":false},"author":3,"featured_media":9775,"comment_status":"closed","ping_status":"closed","sticky":false,"template":"","format":"standard","meta":{"footnotes":""},"categories":[92],"tags":[],"class_list":["post-9774","post","type-post","status-publish","format-standard","has-post-thumbnail","hentry","category-seconci-brasil"],"yoast_head":"<!-- This site is optimized with the Yoast SEO plugin v26.9 - https:\/\/yoast.com\/product\/yoast-seo-wordpress\/ -->\n<title>C\u00e2mara aprova texto-base de MP que permite antecipar f\u00e9rias e adiar dep\u00f3sitos do FGTS - Seconci Brasil<\/title>\n<meta name=\"robots\" content=\"index, follow, max-snippet:-1, max-image-preview:large, max-video-preview:-1\" \/>\n<link rel=\"canonical\" href=\"https:\/\/seconci.com.br\/site\/2020\/06\/18\/camara-aprova-texto-base-de-mp-que-permite-antecipar-ferias-e-adiar-depositos-do-fgts\/\" \/>\n<meta property=\"og:locale\" content=\"pt_PT\" \/>\n<meta property=\"og:type\" content=\"article\" \/>\n<meta property=\"og:title\" content=\"C\u00e2mara aprova texto-base de MP que permite antecipar f\u00e9rias e adiar dep\u00f3sitos do FGTS - Seconci Brasil\" \/>\n<meta property=\"og:description\" content=\"A C\u00e2mara aprovou nesta quarta-feira (17) o texto-base da medida provis\u00f3ria que flexibiliza regras trabalhistas e permite antecipar f\u00e9rias individuais e adiar dep\u00f3sitos no FGTS (Fundo de Garantia do Tempo de Servi\u00e7o) durante o estado de calamidade da pandemia do novo coronav\u00edrus. O texto-base foi aprovado por 332 votos a favor e 132 contr\u00e1rios. Os [&hellip;]\" \/>\n<meta property=\"og:url\" content=\"https:\/\/seconci.com.br\/site\/2020\/06\/18\/camara-aprova-texto-base-de-mp-que-permite-antecipar-ferias-e-adiar-depositos-do-fgts\/\" \/>\n<meta property=\"og:site_name\" content=\"Seconci Brasil\" \/>\n<meta property=\"article:published_time\" content=\"2020-06-18T11:58:30+00:00\" \/>\n<meta property=\"og:image\" content=\"https:\/\/seconci.com.br\/site\/wp-content\/uploads\/2020\/06\/20200617143312720351u.jpg\" \/>\n\t<meta property=\"og:image:width\" content=\"700\" \/>\n\t<meta property=\"og:image:height\" content=\"450\" \/>\n\t<meta property=\"og:image:type\" content=\"image\/jpeg\" \/>\n<meta name=\"author\" content=\"Sidney Rocha\" \/>\n<meta name=\"twitter:card\" content=\"summary_large_image\" \/>\n<meta name=\"twitter:label1\" content=\"Escrito por\" \/>\n\t<meta name=\"twitter:data1\" content=\"Sidney Rocha\" \/>\n\t<meta name=\"twitter:label2\" content=\"Tempo estimado de leitura\" \/>\n\t<meta name=\"twitter:data2\" content=\"3 minutos\" \/>\n<script type=\"application\/ld+json\" class=\"yoast-schema-graph\">{\"@context\":\"https:\/\/schema.org\",\"@graph\":[{\"@type\":\"Article\",\"@id\":\"https:\/\/seconci.com.br\/site\/2020\/06\/18\/camara-aprova-texto-base-de-mp-que-permite-antecipar-ferias-e-adiar-depositos-do-fgts\/#article\",\"isPartOf\":{\"@id\":\"https:\/\/seconci.com.br\/site\/2020\/06\/18\/camara-aprova-texto-base-de-mp-que-permite-antecipar-ferias-e-adiar-depositos-do-fgts\/\"},\"author\":{\"name\":\"Sidney Rocha\",\"@id\":\"https:\/\/seconci.com.br\/site\/#\/schema\/person\/1d79afd97ddc8f2c68c1e88e298aa8e2\"},\"headline\":\"C\u00e2mara aprova texto-base de MP que permite antecipar f\u00e9rias e adiar dep\u00f3sitos do FGTS\",\"datePublished\":\"2020-06-18T11:58:30+00:00\",\"mainEntityOfPage\":{\"@id\":\"https:\/\/seconci.com.br\/site\/2020\/06\/18\/camara-aprova-texto-base-de-mp-que-permite-antecipar-ferias-e-adiar-depositos-do-fgts\/\"},\"wordCount\":695,\"publisher\":{\"@id\":\"https:\/\/seconci.com.br\/site\/#organization\"},\"image\":{\"@id\":\"https:\/\/seconci.com.br\/site\/2020\/06\/18\/camara-aprova-texto-base-de-mp-que-permite-antecipar-ferias-e-adiar-depositos-do-fgts\/#primaryimage\"},\"thumbnailUrl\":\"https:\/\/seconci.com.br\/site\/wp-content\/uploads\/2020\/06\/20200617143312720351u.jpg\",\"articleSection\":[\"Seconci Brasil\"],\"inLanguage\":\"pt-PT\"},{\"@type\":\"WebPage\",\"@id\":\"https:\/\/seconci.com.br\/site\/2020\/06\/18\/camara-aprova-texto-base-de-mp-que-permite-antecipar-ferias-e-adiar-depositos-do-fgts\/\",\"url\":\"https:\/\/seconci.com.br\/site\/2020\/06\/18\/camara-aprova-texto-base-de-mp-que-permite-antecipar-ferias-e-adiar-depositos-do-fgts\/\",\"name\":\"C\u00e2mara aprova texto-base de MP que permite antecipar f\u00e9rias e adiar dep\u00f3sitos do FGTS - Seconci Brasil\",\"isPartOf\":{\"@id\":\"https:\/\/seconci.com.br\/site\/#website\"},\"primaryImageOfPage\":{\"@id\":\"https:\/\/seconci.com.br\/site\/2020\/06\/18\/camara-aprova-texto-base-de-mp-que-permite-antecipar-ferias-e-adiar-depositos-do-fgts\/#primaryimage\"},\"image\":{\"@id\":\"https:\/\/seconci.com.br\/site\/2020\/06\/18\/camara-aprova-texto-base-de-mp-que-permite-antecipar-ferias-e-adiar-depositos-do-fgts\/#primaryimage\"},\"thumbnailUrl\":\"https:\/\/seconci.com.br\/site\/wp-content\/uploads\/2020\/06\/20200617143312720351u.jpg\",\"datePublished\":\"2020-06-18T11:58:30+00:00\",\"breadcrumb\":{\"@id\":\"https:\/\/seconci.com.br\/site\/2020\/06\/18\/camara-aprova-texto-base-de-mp-que-permite-antecipar-ferias-e-adiar-depositos-do-fgts\/#breadcrumb\"},\"inLanguage\":\"pt-PT\",\"potentialAction\":[{\"@type\":\"ReadAction\",\"target\":[\"https:\/\/seconci.com.br\/site\/2020\/06\/18\/camara-aprova-texto-base-de-mp-que-permite-antecipar-ferias-e-adiar-depositos-do-fgts\/\"]}]},{\"@type\":\"ImageObject\",\"inLanguage\":\"pt-PT\",\"@id\":\"https:\/\/seconci.com.br\/site\/2020\/06\/18\/camara-aprova-texto-base-de-mp-que-permite-antecipar-ferias-e-adiar-depositos-do-fgts\/#primaryimage\",\"url\":\"https:\/\/seconci.com.br\/site\/wp-content\/uploads\/2020\/06\/20200617143312720351u.jpg\",\"contentUrl\":\"https:\/\/seconci.com.br\/site\/wp-content\/uploads\/2020\/06\/20200617143312720351u.jpg\",\"width\":700,\"height\":450,\"caption\":\"Bras\u00edlia \u2013 Plen\u00e1rio da C\u00e2mara dos Deputados antes do inicio da discuss\u00e3o do relat\u00f3rio do Impeachment (Ant\u00f4nio Cruz\/Ag\u00eancia Brasil)\"},{\"@type\":\"BreadcrumbList\",\"@id\":\"https:\/\/seconci.com.br\/site\/2020\/06\/18\/camara-aprova-texto-base-de-mp-que-permite-antecipar-ferias-e-adiar-depositos-do-fgts\/#breadcrumb\",\"itemListElement\":[{\"@type\":\"ListItem\",\"position\":1,\"name\":\"In\u00edcio\",\"item\":\"https:\/\/seconci.com.br\/site\/\"},{\"@type\":\"ListItem\",\"position\":2,\"name\":\"C\u00e2mara aprova texto-base de MP que permite antecipar f\u00e9rias e adiar dep\u00f3sitos do FGTS\"}]},{\"@type\":\"WebSite\",\"@id\":\"https:\/\/seconci.com.br\/site\/#website\",\"url\":\"https:\/\/seconci.com.br\/site\/\",\"name\":\"Seconci Brasil\",\"description\":\"\",\"publisher\":{\"@id\":\"https:\/\/seconci.com.br\/site\/#organization\"},\"potentialAction\":[{\"@type\":\"SearchAction\",\"target\":{\"@type\":\"EntryPoint\",\"urlTemplate\":\"https:\/\/seconci.com.br\/site\/?s={search_term_string}\"},\"query-input\":{\"@type\":\"PropertyValueSpecification\",\"valueRequired\":true,\"valueName\":\"search_term_string\"}}],\"inLanguage\":\"pt-PT\"},{\"@type\":\"Organization\",\"@id\":\"https:\/\/seconci.com.br\/site\/#organization\",\"name\":\"Seconci Brasil\",\"url\":\"https:\/\/seconci.com.br\/site\/\",\"logo\":{\"@type\":\"ImageObject\",\"inLanguage\":\"pt-PT\",\"@id\":\"https:\/\/seconci.com.br\/site\/#\/schema\/logo\/image\/\",\"url\":\"https:\/\/seconci.com.br\/site\/wp-content\/uploads\/2024\/08\/Logo-Seconci-Brasil-branca-2.png\",\"contentUrl\":\"https:\/\/seconci.com.br\/site\/wp-content\/uploads\/2024\/08\/Logo-Seconci-Brasil-branca-2.png\",\"width\":1315,\"height\":598,\"caption\":\"Seconci Brasil\"},\"image\":{\"@id\":\"https:\/\/seconci.com.br\/site\/#\/schema\/logo\/image\/\"}},{\"@type\":\"Person\",\"@id\":\"https:\/\/seconci.com.br\/site\/#\/schema\/person\/1d79afd97ddc8f2c68c1e88e298aa8e2\",\"name\":\"Sidney Rocha\",\"description\":\"Comunicador e estagi\u00e1rio do Seconci Brasil.\",\"url\":\"https:\/\/seconci.com.br\/site\/author\/sidney-rocha\/\"}]}<\/script>\n<!-- \/ Yoast SEO plugin. -->","yoast_head_json":{"title":"C\u00e2mara aprova texto-base de MP que permite antecipar f\u00e9rias e adiar dep\u00f3sitos do FGTS - Seconci Brasil","robots":{"index":"index","follow":"follow","max-snippet":"max-snippet:-1","max-image-preview":"max-image-preview:large","max-video-preview":"max-video-preview:-1"},"canonical":"https:\/\/seconci.com.br\/site\/2020\/06\/18\/camara-aprova-texto-base-de-mp-que-permite-antecipar-ferias-e-adiar-depositos-do-fgts\/","og_locale":"pt_PT","og_type":"article","og_title":"C\u00e2mara aprova texto-base de MP que permite antecipar f\u00e9rias e adiar dep\u00f3sitos do FGTS - Seconci Brasil","og_description":"A C\u00e2mara aprovou nesta quarta-feira (17) o texto-base da medida provis\u00f3ria que flexibiliza regras trabalhistas e permite antecipar f\u00e9rias individuais e adiar dep\u00f3sitos no FGTS (Fundo de Garantia do Tempo de Servi\u00e7o) durante o estado de calamidade da pandemia do novo coronav\u00edrus. O texto-base foi aprovado por 332 votos a favor e 132 contr\u00e1rios. Os [&hellip;]","og_url":"https:\/\/seconci.com.br\/site\/2020\/06\/18\/camara-aprova-texto-base-de-mp-que-permite-antecipar-ferias-e-adiar-depositos-do-fgts\/","og_site_name":"Seconci Brasil","article_published_time":"2020-06-18T11:58:30+00:00","og_image":[{"width":700,"height":450,"url":"https:\/\/seconci.com.br\/site\/wp-content\/uploads\/2020\/06\/20200617143312720351u.jpg","type":"image\/jpeg"}],"author":"Sidney Rocha","twitter_card":"summary_large_image","twitter_misc":{"Escrito por":"Sidney Rocha","Tempo estimado de leitura":"3 minutos"},"schema":{"@context":"https:\/\/schema.org","@graph":[{"@type":"Article","@id":"https:\/\/seconci.com.br\/site\/2020\/06\/18\/camara-aprova-texto-base-de-mp-que-permite-antecipar-ferias-e-adiar-depositos-do-fgts\/#article","isPartOf":{"@id":"https:\/\/seconci.com.br\/site\/2020\/06\/18\/camara-aprova-texto-base-de-mp-que-permite-antecipar-ferias-e-adiar-depositos-do-fgts\/"},"author":{"name":"Sidney Rocha","@id":"https:\/\/seconci.com.br\/site\/#\/schema\/person\/1d79afd97ddc8f2c68c1e88e298aa8e2"},"headline":"C\u00e2mara aprova texto-base de MP que permite antecipar f\u00e9rias e adiar dep\u00f3sitos do FGTS","datePublished":"2020-06-18T11:58:30+00:00","mainEntityOfPage":{"@id":"https:\/\/seconci.com.br\/site\/2020\/06\/18\/camara-aprova-texto-base-de-mp-que-permite-antecipar-ferias-e-adiar-depositos-do-fgts\/"},"wordCount":695,"publisher":{"@id":"https:\/\/seconci.com.br\/site\/#organization"},"image":{"@id":"https:\/\/seconci.com.br\/site\/2020\/06\/18\/camara-aprova-texto-base-de-mp-que-permite-antecipar-ferias-e-adiar-depositos-do-fgts\/#primaryimage"},"thumbnailUrl":"https:\/\/seconci.com.br\/site\/wp-content\/uploads\/2020\/06\/20200617143312720351u.jpg","articleSection":["Seconci Brasil"],"inLanguage":"pt-PT"},{"@type":"WebPage","@id":"https:\/\/seconci.com.br\/site\/2020\/06\/18\/camara-aprova-texto-base-de-mp-que-permite-antecipar-ferias-e-adiar-depositos-do-fgts\/","url":"https:\/\/seconci.com.br\/site\/2020\/06\/18\/camara-aprova-texto-base-de-mp-que-permite-antecipar-ferias-e-adiar-depositos-do-fgts\/","name":"C\u00e2mara aprova texto-base de MP que permite antecipar f\u00e9rias e adiar dep\u00f3sitos do FGTS - Seconci Brasil","isPartOf":{"@id":"https:\/\/seconci.com.br\/site\/#website"},"primaryImageOfPage":{"@id":"https:\/\/seconci.com.br\/site\/2020\/06\/18\/camara-aprova-texto-base-de-mp-que-permite-antecipar-ferias-e-adiar-depositos-do-fgts\/#primaryimage"},"image":{"@id":"https:\/\/seconci.com.br\/site\/2020\/06\/18\/camara-aprova-texto-base-de-mp-que-permite-antecipar-ferias-e-adiar-depositos-do-fgts\/#primaryimage"},"thumbnailUrl":"https:\/\/seconci.com.br\/site\/wp-content\/uploads\/2020\/06\/20200617143312720351u.jpg","datePublished":"2020-06-18T11:58:30+00:00","breadcrumb":{"@id":"https:\/\/seconci.com.br\/site\/2020\/06\/18\/camara-aprova-texto-base-de-mp-que-permite-antecipar-ferias-e-adiar-depositos-do-fgts\/#breadcrumb"},"inLanguage":"pt-PT","potentialAction":[{"@type":"ReadAction","target":["https:\/\/seconci.com.br\/site\/2020\/06\/18\/camara-aprova-texto-base-de-mp-que-permite-antecipar-ferias-e-adiar-depositos-do-fgts\/"]}]},{"@type":"ImageObject","inLanguage":"pt-PT","@id":"https:\/\/seconci.com.br\/site\/2020\/06\/18\/camara-aprova-texto-base-de-mp-que-permite-antecipar-ferias-e-adiar-depositos-do-fgts\/#primaryimage","url":"https:\/\/seconci.com.br\/site\/wp-content\/uploads\/2020\/06\/20200617143312720351u.jpg","contentUrl":"https:\/\/seconci.com.br\/site\/wp-content\/uploads\/2020\/06\/20200617143312720351u.jpg","width":700,"height":450,"caption":"Bras\u00edlia \u2013 Plen\u00e1rio da C\u00e2mara dos Deputados antes do inicio da discuss\u00e3o do relat\u00f3rio do Impeachment (Ant\u00f4nio Cruz\/Ag\u00eancia Brasil)"},{"@type":"BreadcrumbList","@id":"https:\/\/seconci.com.br\/site\/2020\/06\/18\/camara-aprova-texto-base-de-mp-que-permite-antecipar-ferias-e-adiar-depositos-do-fgts\/#breadcrumb","itemListElement":[{"@type":"ListItem","position":1,"name":"In\u00edcio","item":"https:\/\/seconci.com.br\/site\/"},{"@type":"ListItem","position":2,"name":"C\u00e2mara aprova texto-base de MP que permite antecipar f\u00e9rias e adiar dep\u00f3sitos do FGTS"}]},{"@type":"WebSite","@id":"https:\/\/seconci.com.br\/site\/#website","url":"https:\/\/seconci.com.br\/site\/","name":"Seconci Brasil","description":"","publisher":{"@id":"https:\/\/seconci.com.br\/site\/#organization"},"potentialAction":[{"@type":"SearchAction","target":{"@type":"EntryPoint","urlTemplate":"https:\/\/seconci.com.br\/site\/?s={search_term_string}"},"query-input":{"@type":"PropertyValueSpecification","valueRequired":true,"valueName":"search_term_string"}}],"inLanguage":"pt-PT"},{"@type":"Organization","@id":"https:\/\/seconci.com.br\/site\/#organization","name":"Seconci Brasil","url":"https:\/\/seconci.com.br\/site\/","logo":{"@type":"ImageObject","inLanguage":"pt-PT","@id":"https:\/\/seconci.com.br\/site\/#\/schema\/logo\/image\/","url":"https:\/\/seconci.com.br\/site\/wp-content\/uploads\/2024\/08\/Logo-Seconci-Brasil-branca-2.png","contentUrl":"https:\/\/seconci.com.br\/site\/wp-content\/uploads\/2024\/08\/Logo-Seconci-Brasil-branca-2.png","width":1315,"height":598,"caption":"Seconci Brasil"},"image":{"@id":"https:\/\/seconci.com.br\/site\/#\/schema\/logo\/image\/"}},{"@type":"Person","@id":"https:\/\/seconci.com.br\/site\/#\/schema\/person\/1d79afd97ddc8f2c68c1e88e298aa8e2","name":"Sidney Rocha","description":"Comunicador e estagi\u00e1rio do Seconci Brasil.","url":"https:\/\/seconci.com.br\/site\/author\/sidney-rocha\/"}]}},"_links":{"self":[{"href":"https:\/\/seconci.com.br\/site\/wp-json\/wp\/v2\/posts\/9774","targetHints":{"allow":["GET"]}}],"collection":[{"href":"https:\/\/seconci.com.br\/site\/wp-json\/wp\/v2\/posts"}],"about":[{"href":"https:\/\/seconci.com.br\/site\/wp-json\/wp\/v2\/types\/post"}],"author":[{"embeddable":true,"href":"https:\/\/seconci.com.br\/site\/wp-json\/wp\/v2\/users\/3"}],"replies":[{"embeddable":true,"href":"https:\/\/seconci.com.br\/site\/wp-json\/wp\/v2\/comments?post=9774"}],"version-history":[{"count":0,"href":"https:\/\/seconci.com.br\/site\/wp-json\/wp\/v2\/posts\/9774\/revisions"}],"wp:featuredmedia":[{"embeddable":true,"href":"https:\/\/seconci.com.br\/site\/wp-json\/wp\/v2\/media\/9775"}],"wp:attachment":[{"href":"https:\/\/seconci.com.br\/site\/wp-json\/wp\/v2\/media?parent=9774"}],"wp:term":[{"taxonomy":"category","embeddable":true,"href":"https:\/\/seconci.com.br\/site\/wp-json\/wp\/v2\/categories?post=9774"},{"taxonomy":"post_tag","embeddable":true,"href":"https:\/\/seconci.com.br\/site\/wp-json\/wp\/v2\/tags?post=9774"}],"curies":[{"name":"wp","href":"https:\/\/api.w.org\/{rel}","templated":true}]}}