{"id":9777,"date":"2020-06-18T14:15:33","date_gmt":"2020-06-18T14:15:33","guid":{"rendered":"https:\/\/seconci.com.br\/site\/?p=9777"},"modified":"2020-06-18T14:16:21","modified_gmt":"2020-06-18T14:16:21","slug":"publicada-versao-atualizada-de-recomendacoes-amib-cfo-para-enfrentamento-da-covid-19-na-odontologia","status":"publish","type":"post","link":"https:\/\/seconci.com.br\/site\/2020\/06\/18\/publicada-versao-atualizada-de-recomendacoes-amib-cfo-para-enfrentamento-da-covid-19-na-odontologia\/","title":{"rendered":"Publicada vers\u00e3o atualizada de recomenda\u00e7\u00f5es AMIB\/CFO para enfrentamento da COVID-19 na Odontologia"},"content":{"rendered":"<p style=\"text-align: justify;\">O Conselho Federal de Odontologia (CFO) apresenta nova vers\u00e3o de recomenda\u00e7\u00f5es elaboradas junto com a Associa\u00e7\u00e3o de Medicina Intensiva Brasileira (AMIB) para fortalecer a luta contra a COVID-19 no atendimento odontol\u00f3gico. A atualiza\u00e7\u00e3o do documento, conduzida no Comit\u00ea de Odontologia de Enfrentamento \u00e0 COVID-19, tem como base publica\u00e7\u00f5es cient\u00edficas, avan\u00e7o no conhecimento da doen\u00e7a e, principalmente, esclarecimento de d\u00favidas relatadas por Cirurgi\u00f5es-Dentistas.<\/p>\n<p style=\"text-align: justify;\">A nova vers\u00e3o do documento intensifica o aux\u00edlio e orienta\u00e7\u00e3o de Cirurgi\u00f5es-Dentistas e agentes p\u00fablicos para aplica\u00e7\u00e3o de medidas protocolares t\u00e9cnicas precisas, evitando assim, a prolifera\u00e7\u00e3o do v\u00edrus. As informa\u00e7\u00f5es s\u00e3o conduzidas para atendimento de urg\u00eancia e emerg\u00eancia odontol\u00f3gica, bem como para melhor condu\u00e7\u00e3o do atendimento eletivo, na retomada gradativa de sua normalidade. Como a doen\u00e7a \u00e9 din\u00e2mica, novas modifica\u00e7\u00f5es podem surgir, considerando o esfor\u00e7o cont\u00ednuo do Comit\u00ea nas discuss\u00f5es e an\u00e1lises criteriosas de evid\u00eancias cl\u00ednicas e cient\u00edficas no combate \u00e0 COVID-19.<\/p>\n<p style=\"text-align: justify;\">Entre as recomenda\u00e7\u00f5es, o documento apresenta procedimentos espec\u00edficos para diminuir o risco de transmiss\u00e3o a\u00e9rea no atendimento odontol\u00f3gico. Quando o isolamento n\u00e3o for poss\u00edvel, o recomend\u00e1vel \u00e9 dar prefer\u00eancia a instrumentos manuais para remo\u00e7\u00e3o de c\u00e1ries e uso de extratores (Curetas, Cinz\u00e9is, Foices, Enxadas e Limas periodontais) de c\u00e1lculo ao inv\u00e9s de aparelhos ultrass\u00f4nicos para minimizar a gera\u00e7\u00e3o de aeross\u00f3is. O que inclui o uso de dique de borracha, sempre que o procedimento permitir.<\/p>\n<p style=\"text-align: justify;\">Como o novo coronav\u00edrus (SARS-CoV-2) \u00e9 vulner\u00e1vel \u00e0 oxida\u00e7\u00e3o, a recomenda\u00e7\u00e3o \u00e9 higienizar previamente a boca do paciente por meio de escova\u00e7\u00e3o e\/ou bochecho com antiss\u00e9ptico. Al\u00e9m de fornecer bochechos com Per\u00f3xido de Hidrog\u00eanio a 1% antes de cada atendimento. Ambos s\u00e3o recomendados para reduzir a carga viral salivar. N\u00e3o h\u00e1 recomenda\u00e7\u00e3o do uso de digluconato de clorexidina, em qualquer concentra\u00e7\u00e3o, considerando que ainda n\u00e3o h\u00e1 evid\u00eancias cient\u00edficas que demonstrem a efic\u00e1cia da clorexidina contra o novo SARS- CoV2.<\/p>\n<p style=\"text-align: justify;\">Al\u00e9m disso, o documento apresenta, ainda, orienta\u00e7\u00f5es sobre limpeza e desinfec\u00e7\u00e3o de superf\u00edcies, o tratamento de res\u00edduos e cuidados bucais com pacientes diagnosticados com COVID-19. Bem como informa\u00e7\u00f5es precisas para procedimentos em Unidades de Terapia Intensiva (UTI), abrangendo tamb\u00e9m manuten\u00e7\u00e3o da higiene bucal para preven\u00e7\u00e3o de pneumonia associada \u00e0 ventila\u00e7\u00e3o mec\u00e2nica (PAVM).<\/p>\n<p style=\"text-align: justify;\">Para o Presidente do CFO, Juliano do Vale, a nova vers\u00e3o de recomenda\u00e7\u00f5es ratifica o compromisso da Autarquia no combate \u00e0 pandemia. \u201cEssa atualiza\u00e7\u00e3o subsidiar\u00e1, conforme as demandas identificadas, maior seguran\u00e7a nos procedimentos odontol\u00f3gicos realizados. Como a doen\u00e7a COVID-19 e seus impactos ainda est\u00e3o em estudo cont\u00ednuo, incertezas s\u00e3o comuns. Por isso, seguimos trabalhando para viabilizar, sempre que necess\u00e1rio e com m\u00e1xima responsabilidade, recomenda\u00e7\u00f5es coerentes, concisas e baseadas em evid\u00eancias cl\u00ednicas e cient\u00edficas\u201d, completou.<\/p>\n<p style=\"text-align: justify;\"><a href=\"http:\/\/website.cfo.org.br\/wp-content\/uploads\/2020\/06\/recomendacoes-amib-cfo-junho-2020.pdf\" target=\"_blank\" rel=\"noopener\">CLIQUE AQUI<\/a> e confira a vers\u00e3o atualizada das recomenda\u00e7\u00f5es.<\/p>\n<p style=\"text-align: justify;\"><a href=\"http:\/\/website.cfo.org.br\/wp-content\/uploads\/2020\/05\/AMIB_CFO-Recomendac%CC%A7o%CC%83es.pdf\" target=\"_blank\" rel=\"noopener\">CLIQUE AQUI<\/a> e acesse a primeira vers\u00e3o do documento.<\/p>\n<p style=\"text-align: justify;\"><em><strong>Fonte: CFO<\/strong><\/em><\/p>\n","protected":false},"excerpt":{"rendered":"<p>O Conselho Federal de Odontologia (CFO) apresenta nova vers\u00e3o de recomenda\u00e7\u00f5es elaboradas junto com a Associa\u00e7\u00e3o de Medicina Intensiva Brasileira (AMIB) para fortalecer a luta contra a COVID-19 no atendimento odontol\u00f3gico. A atualiza\u00e7\u00e3o do documento, conduzida no Comit\u00ea de Odontologia de Enfrentamento \u00e0 COVID-19, tem como base publica\u00e7\u00f5es cient\u00edficas, avan\u00e7o no conhecimento da doen\u00e7a e, [&hellip;]<\/p>\n","protected":false},"author":3,"featured_media":0,"comment_status":"closed","ping_status":"closed","sticky":false,"template":"","format":"standard","meta":{"footnotes":""},"categories":[92],"tags":[],"class_list":["post-9777","post","type-post","status-publish","format-standard","hentry","category-seconci-brasil"],"yoast_head":"<!-- This site is optimized with the Yoast SEO plugin v26.9 - https:\/\/yoast.com\/product\/yoast-seo-wordpress\/ -->\n<title>Publicada vers\u00e3o atualizada de recomenda\u00e7\u00f5es AMIB\/CFO para enfrentamento da COVID-19 na Odontologia - Seconci Brasil<\/title>\n<meta name=\"robots\" content=\"index, follow, max-snippet:-1, max-image-preview:large, max-video-preview:-1\" \/>\n<link rel=\"canonical\" href=\"https:\/\/seconci.com.br\/site\/2020\/06\/18\/publicada-versao-atualizada-de-recomendacoes-amib-cfo-para-enfrentamento-da-covid-19-na-odontologia\/\" \/>\n<meta property=\"og:locale\" content=\"pt_PT\" \/>\n<meta property=\"og:type\" content=\"article\" \/>\n<meta property=\"og:title\" content=\"Publicada vers\u00e3o atualizada de recomenda\u00e7\u00f5es AMIB\/CFO para enfrentamento da COVID-19 na Odontologia - Seconci Brasil\" \/>\n<meta property=\"og:description\" content=\"O Conselho Federal de Odontologia (CFO) apresenta nova vers\u00e3o de recomenda\u00e7\u00f5es elaboradas junto com a Associa\u00e7\u00e3o de Medicina Intensiva Brasileira (AMIB) para fortalecer a luta contra a COVID-19 no atendimento odontol\u00f3gico. A atualiza\u00e7\u00e3o do documento, conduzida no Comit\u00ea de Odontologia de Enfrentamento \u00e0 COVID-19, tem como base publica\u00e7\u00f5es cient\u00edficas, avan\u00e7o no conhecimento da doen\u00e7a e, [&hellip;]\" \/>\n<meta property=\"og:url\" content=\"https:\/\/seconci.com.br\/site\/2020\/06\/18\/publicada-versao-atualizada-de-recomendacoes-amib-cfo-para-enfrentamento-da-covid-19-na-odontologia\/\" \/>\n<meta property=\"og:site_name\" content=\"Seconci Brasil\" \/>\n<meta property=\"article:published_time\" content=\"2020-06-18T14:15:33+00:00\" \/>\n<meta property=\"article:modified_time\" content=\"2020-06-18T14:16:21+00:00\" \/>\n<meta name=\"author\" content=\"Sidney Rocha\" \/>\n<meta name=\"twitter:card\" content=\"summary_large_image\" \/>\n<meta name=\"twitter:label1\" content=\"Escrito por\" \/>\n\t<meta name=\"twitter:data1\" content=\"Sidney Rocha\" \/>\n\t<meta name=\"twitter:label2\" content=\"Tempo estimado de leitura\" \/>\n\t<meta name=\"twitter:data2\" content=\"3 minutos\" \/>\n<script type=\"application\/ld+json\" class=\"yoast-schema-graph\">{\"@context\":\"https:\/\/schema.org\",\"@graph\":[{\"@type\":\"Article\",\"@id\":\"https:\/\/seconci.com.br\/site\/2020\/06\/18\/publicada-versao-atualizada-de-recomendacoes-amib-cfo-para-enfrentamento-da-covid-19-na-odontologia\/#article\",\"isPartOf\":{\"@id\":\"https:\/\/seconci.com.br\/site\/2020\/06\/18\/publicada-versao-atualizada-de-recomendacoes-amib-cfo-para-enfrentamento-da-covid-19-na-odontologia\/\"},\"author\":{\"name\":\"Sidney Rocha\",\"@id\":\"https:\/\/seconci.com.br\/site\/#\/schema\/person\/1d79afd97ddc8f2c68c1e88e298aa8e2\"},\"headline\":\"Publicada vers\u00e3o atualizada de recomenda\u00e7\u00f5es AMIB\/CFO para enfrentamento da COVID-19 na Odontologia\",\"datePublished\":\"2020-06-18T14:15:33+00:00\",\"dateModified\":\"2020-06-18T14:16:21+00:00\",\"mainEntityOfPage\":{\"@id\":\"https:\/\/seconci.com.br\/site\/2020\/06\/18\/publicada-versao-atualizada-de-recomendacoes-amib-cfo-para-enfrentamento-da-covid-19-na-odontologia\/\"},\"wordCount\":548,\"publisher\":{\"@id\":\"https:\/\/seconci.com.br\/site\/#organization\"},\"articleSection\":[\"Seconci Brasil\"],\"inLanguage\":\"pt-PT\"},{\"@type\":\"WebPage\",\"@id\":\"https:\/\/seconci.com.br\/site\/2020\/06\/18\/publicada-versao-atualizada-de-recomendacoes-amib-cfo-para-enfrentamento-da-covid-19-na-odontologia\/\",\"url\":\"https:\/\/seconci.com.br\/site\/2020\/06\/18\/publicada-versao-atualizada-de-recomendacoes-amib-cfo-para-enfrentamento-da-covid-19-na-odontologia\/\",\"name\":\"Publicada vers\u00e3o atualizada de recomenda\u00e7\u00f5es AMIB\/CFO para enfrentamento da COVID-19 na Odontologia - Seconci Brasil\",\"isPartOf\":{\"@id\":\"https:\/\/seconci.com.br\/site\/#website\"},\"datePublished\":\"2020-06-18T14:15:33+00:00\",\"dateModified\":\"2020-06-18T14:16:21+00:00\",\"breadcrumb\":{\"@id\":\"https:\/\/seconci.com.br\/site\/2020\/06\/18\/publicada-versao-atualizada-de-recomendacoes-amib-cfo-para-enfrentamento-da-covid-19-na-odontologia\/#breadcrumb\"},\"inLanguage\":\"pt-PT\",\"potentialAction\":[{\"@type\":\"ReadAction\",\"target\":[\"https:\/\/seconci.com.br\/site\/2020\/06\/18\/publicada-versao-atualizada-de-recomendacoes-amib-cfo-para-enfrentamento-da-covid-19-na-odontologia\/\"]}]},{\"@type\":\"BreadcrumbList\",\"@id\":\"https:\/\/seconci.com.br\/site\/2020\/06\/18\/publicada-versao-atualizada-de-recomendacoes-amib-cfo-para-enfrentamento-da-covid-19-na-odontologia\/#breadcrumb\",\"itemListElement\":[{\"@type\":\"ListItem\",\"position\":1,\"name\":\"In\u00edcio\",\"item\":\"https:\/\/seconci.com.br\/site\/\"},{\"@type\":\"ListItem\",\"position\":2,\"name\":\"Publicada vers\u00e3o atualizada de recomenda\u00e7\u00f5es AMIB\/CFO para enfrentamento da COVID-19 na Odontologia\"}]},{\"@type\":\"WebSite\",\"@id\":\"https:\/\/seconci.com.br\/site\/#website\",\"url\":\"https:\/\/seconci.com.br\/site\/\",\"name\":\"Seconci Brasil\",\"description\":\"\",\"publisher\":{\"@id\":\"https:\/\/seconci.com.br\/site\/#organization\"},\"potentialAction\":[{\"@type\":\"SearchAction\",\"target\":{\"@type\":\"EntryPoint\",\"urlTemplate\":\"https:\/\/seconci.com.br\/site\/?s={search_term_string}\"},\"query-input\":{\"@type\":\"PropertyValueSpecification\",\"valueRequired\":true,\"valueName\":\"search_term_string\"}}],\"inLanguage\":\"pt-PT\"},{\"@type\":\"Organization\",\"@id\":\"https:\/\/seconci.com.br\/site\/#organization\",\"name\":\"Seconci Brasil\",\"url\":\"https:\/\/seconci.com.br\/site\/\",\"logo\":{\"@type\":\"ImageObject\",\"inLanguage\":\"pt-PT\",\"@id\":\"https:\/\/seconci.com.br\/site\/#\/schema\/logo\/image\/\",\"url\":\"https:\/\/seconci.com.br\/site\/wp-content\/uploads\/2024\/08\/Logo-Seconci-Brasil-branca-2.png\",\"contentUrl\":\"https:\/\/seconci.com.br\/site\/wp-content\/uploads\/2024\/08\/Logo-Seconci-Brasil-branca-2.png\",\"width\":1315,\"height\":598,\"caption\":\"Seconci Brasil\"},\"image\":{\"@id\":\"https:\/\/seconci.com.br\/site\/#\/schema\/logo\/image\/\"}},{\"@type\":\"Person\",\"@id\":\"https:\/\/seconci.com.br\/site\/#\/schema\/person\/1d79afd97ddc8f2c68c1e88e298aa8e2\",\"name\":\"Sidney Rocha\",\"description\":\"Comunicador e estagi\u00e1rio do Seconci Brasil.\",\"url\":\"https:\/\/seconci.com.br\/site\/author\/sidney-rocha\/\"}]}<\/script>\n<!-- \/ Yoast SEO plugin. -->","yoast_head_json":{"title":"Publicada vers\u00e3o atualizada de recomenda\u00e7\u00f5es AMIB\/CFO para enfrentamento da COVID-19 na Odontologia - Seconci Brasil","robots":{"index":"index","follow":"follow","max-snippet":"max-snippet:-1","max-image-preview":"max-image-preview:large","max-video-preview":"max-video-preview:-1"},"canonical":"https:\/\/seconci.com.br\/site\/2020\/06\/18\/publicada-versao-atualizada-de-recomendacoes-amib-cfo-para-enfrentamento-da-covid-19-na-odontologia\/","og_locale":"pt_PT","og_type":"article","og_title":"Publicada vers\u00e3o atualizada de recomenda\u00e7\u00f5es AMIB\/CFO para enfrentamento da COVID-19 na Odontologia - Seconci Brasil","og_description":"O Conselho Federal de Odontologia (CFO) apresenta nova vers\u00e3o de recomenda\u00e7\u00f5es elaboradas junto com a Associa\u00e7\u00e3o de Medicina Intensiva Brasileira (AMIB) para fortalecer a luta contra a COVID-19 no atendimento odontol\u00f3gico. A atualiza\u00e7\u00e3o do documento, conduzida no Comit\u00ea de Odontologia de Enfrentamento \u00e0 COVID-19, tem como base publica\u00e7\u00f5es cient\u00edficas, avan\u00e7o no conhecimento da doen\u00e7a e, [&hellip;]","og_url":"https:\/\/seconci.com.br\/site\/2020\/06\/18\/publicada-versao-atualizada-de-recomendacoes-amib-cfo-para-enfrentamento-da-covid-19-na-odontologia\/","og_site_name":"Seconci Brasil","article_published_time":"2020-06-18T14:15:33+00:00","article_modified_time":"2020-06-18T14:16:21+00:00","author":"Sidney Rocha","twitter_card":"summary_large_image","twitter_misc":{"Escrito por":"Sidney Rocha","Tempo estimado de leitura":"3 minutos"},"schema":{"@context":"https:\/\/schema.org","@graph":[{"@type":"Article","@id":"https:\/\/seconci.com.br\/site\/2020\/06\/18\/publicada-versao-atualizada-de-recomendacoes-amib-cfo-para-enfrentamento-da-covid-19-na-odontologia\/#article","isPartOf":{"@id":"https:\/\/seconci.com.br\/site\/2020\/06\/18\/publicada-versao-atualizada-de-recomendacoes-amib-cfo-para-enfrentamento-da-covid-19-na-odontologia\/"},"author":{"name":"Sidney Rocha","@id":"https:\/\/seconci.com.br\/site\/#\/schema\/person\/1d79afd97ddc8f2c68c1e88e298aa8e2"},"headline":"Publicada vers\u00e3o atualizada de recomenda\u00e7\u00f5es AMIB\/CFO para enfrentamento da COVID-19 na Odontologia","datePublished":"2020-06-18T14:15:33+00:00","dateModified":"2020-06-18T14:16:21+00:00","mainEntityOfPage":{"@id":"https:\/\/seconci.com.br\/site\/2020\/06\/18\/publicada-versao-atualizada-de-recomendacoes-amib-cfo-para-enfrentamento-da-covid-19-na-odontologia\/"},"wordCount":548,"publisher":{"@id":"https:\/\/seconci.com.br\/site\/#organization"},"articleSection":["Seconci Brasil"],"inLanguage":"pt-PT"},{"@type":"WebPage","@id":"https:\/\/seconci.com.br\/site\/2020\/06\/18\/publicada-versao-atualizada-de-recomendacoes-amib-cfo-para-enfrentamento-da-covid-19-na-odontologia\/","url":"https:\/\/seconci.com.br\/site\/2020\/06\/18\/publicada-versao-atualizada-de-recomendacoes-amib-cfo-para-enfrentamento-da-covid-19-na-odontologia\/","name":"Publicada vers\u00e3o atualizada de recomenda\u00e7\u00f5es AMIB\/CFO para enfrentamento da COVID-19 na Odontologia - Seconci Brasil","isPartOf":{"@id":"https:\/\/seconci.com.br\/site\/#website"},"datePublished":"2020-06-18T14:15:33+00:00","dateModified":"2020-06-18T14:16:21+00:00","breadcrumb":{"@id":"https:\/\/seconci.com.br\/site\/2020\/06\/18\/publicada-versao-atualizada-de-recomendacoes-amib-cfo-para-enfrentamento-da-covid-19-na-odontologia\/#breadcrumb"},"inLanguage":"pt-PT","potentialAction":[{"@type":"ReadAction","target":["https:\/\/seconci.com.br\/site\/2020\/06\/18\/publicada-versao-atualizada-de-recomendacoes-amib-cfo-para-enfrentamento-da-covid-19-na-odontologia\/"]}]},{"@type":"BreadcrumbList","@id":"https:\/\/seconci.com.br\/site\/2020\/06\/18\/publicada-versao-atualizada-de-recomendacoes-amib-cfo-para-enfrentamento-da-covid-19-na-odontologia\/#breadcrumb","itemListElement":[{"@type":"ListItem","position":1,"name":"In\u00edcio","item":"https:\/\/seconci.com.br\/site\/"},{"@type":"ListItem","position":2,"name":"Publicada vers\u00e3o atualizada de recomenda\u00e7\u00f5es AMIB\/CFO para enfrentamento da COVID-19 na Odontologia"}]},{"@type":"WebSite","@id":"https:\/\/seconci.com.br\/site\/#website","url":"https:\/\/seconci.com.br\/site\/","name":"Seconci Brasil","description":"","publisher":{"@id":"https:\/\/seconci.com.br\/site\/#organization"},"potentialAction":[{"@type":"SearchAction","target":{"@type":"EntryPoint","urlTemplate":"https:\/\/seconci.com.br\/site\/?s={search_term_string}"},"query-input":{"@type":"PropertyValueSpecification","valueRequired":true,"valueName":"search_term_string"}}],"inLanguage":"pt-PT"},{"@type":"Organization","@id":"https:\/\/seconci.com.br\/site\/#organization","name":"Seconci Brasil","url":"https:\/\/seconci.com.br\/site\/","logo":{"@type":"ImageObject","inLanguage":"pt-PT","@id":"https:\/\/seconci.com.br\/site\/#\/schema\/logo\/image\/","url":"https:\/\/seconci.com.br\/site\/wp-content\/uploads\/2024\/08\/Logo-Seconci-Brasil-branca-2.png","contentUrl":"https:\/\/seconci.com.br\/site\/wp-content\/uploads\/2024\/08\/Logo-Seconci-Brasil-branca-2.png","width":1315,"height":598,"caption":"Seconci Brasil"},"image":{"@id":"https:\/\/seconci.com.br\/site\/#\/schema\/logo\/image\/"}},{"@type":"Person","@id":"https:\/\/seconci.com.br\/site\/#\/schema\/person\/1d79afd97ddc8f2c68c1e88e298aa8e2","name":"Sidney Rocha","description":"Comunicador e estagi\u00e1rio do Seconci Brasil.","url":"https:\/\/seconci.com.br\/site\/author\/sidney-rocha\/"}]}},"_links":{"self":[{"href":"https:\/\/seconci.com.br\/site\/wp-json\/wp\/v2\/posts\/9777","targetHints":{"allow":["GET"]}}],"collection":[{"href":"https:\/\/seconci.com.br\/site\/wp-json\/wp\/v2\/posts"}],"about":[{"href":"https:\/\/seconci.com.br\/site\/wp-json\/wp\/v2\/types\/post"}],"author":[{"embeddable":true,"href":"https:\/\/seconci.com.br\/site\/wp-json\/wp\/v2\/users\/3"}],"replies":[{"embeddable":true,"href":"https:\/\/seconci.com.br\/site\/wp-json\/wp\/v2\/comments?post=9777"}],"version-history":[{"count":0,"href":"https:\/\/seconci.com.br\/site\/wp-json\/wp\/v2\/posts\/9777\/revisions"}],"wp:attachment":[{"href":"https:\/\/seconci.com.br\/site\/wp-json\/wp\/v2\/media?parent=9777"}],"wp:term":[{"taxonomy":"category","embeddable":true,"href":"https:\/\/seconci.com.br\/site\/wp-json\/wp\/v2\/categories?post=9777"},{"taxonomy":"post_tag","embeddable":true,"href":"https:\/\/seconci.com.br\/site\/wp-json\/wp\/v2\/tags?post=9777"}],"curies":[{"name":"wp","href":"https:\/\/api.w.org\/{rel}","templated":true}]}}