{"id":9888,"date":"2020-07-21T11:18:59","date_gmt":"2020-07-21T11:18:59","guid":{"rendered":"https:\/\/seconci.com.br\/site\/?p=9888"},"modified":"2020-07-21T11:18:59","modified_gmt":"2020-07-21T11:18:59","slug":"radar-trabalhista-mp-que-muda-regras-trabalhistas-perde-validade","status":"publish","type":"post","link":"https:\/\/seconci.com.br\/site\/2020\/07\/21\/radar-trabalhista-mp-que-muda-regras-trabalhistas-perde-validade\/","title":{"rendered":"Radar Trabalhista: MP que muda regras trabalhistas perde validade"},"content":{"rendered":"<p style=\"text-align: justify;\">O\u00a0<strong>Radar Trabalhista<\/strong>\u00a0da C\u00e2mara Brasileira da Ind\u00fastria da Constru\u00e7\u00e3o (CBIC) do dia 20 destaca a retirada da Medida Provis\u00f3ria n\u00ba 927\/2020, que flexibiliza regras trabalhistas durante a pandemia do novo coronav\u00edrus, da pauta de vota\u00e7\u00f5es do Senado Federal. Conforme informado pelo presidente do Senado Federal, Davi Alcolumbre, o texto n\u00e3o foi mais pautado e, com isso, perdeu validade no dia 19 de julho.<\/p>\n<p style=\"text-align: justify;\">A partir de hoje (20), as novas provid\u00eancias sobre assuntos como f\u00e9rias e feriados dever\u00e3o observar a Consolida\u00e7\u00e3o das Leis do Trabalho (CLT).<\/p>\n<p style=\"text-align: justify;\">Al\u00e9m desse destaque da semana, o\u00a0<a href=\"https:\/\/cbic.org.br\/relacoestrabalhistas\/wp-content\/uploads\/sites\/27\/2020\/07\/Radar-Trabalhista-CBIC-n.%C2%BA-0155-2020.pdf\"><strong>Radar Trabalhista CBIC n\u00ba 0155<\/strong><\/a>\u00a0traz uma sele\u00e7\u00e3o de decis\u00f5es publicadas de 13 a 17 de julho de 2020, por Tribunais Superiores, Executivo, Minist\u00e9rio P\u00fablico do Trabalho, Sindicato Nacional dos Auditores Fiscais do Trabalho e e-Social, como a referente ao Painel de A\u00e7\u00f5es Covid-19, p\u00e1gina no site do Supremo Tribunal Federal (STF), onde \u00e9 poss\u00edvel acompanhar dados atualizados sobre todos os processos em curso relacionados \u00e0 pandemia, passa a incluir as principais decis\u00f5es j\u00e1 tomadas pela Corte a respeito da mat\u00e9ria.<\/p>\n<p style=\"text-align: justify;\">Com a medida, o STF proporciona mais transpar\u00eancia ao usu\u00e1rio, apresentando um resumo das decis\u00f5es com uma linguagem simplificada, que permite ao cidad\u00e3o acompanhar os processos de maior repercuss\u00e3o relacionados ao tema. As decis\u00f5es est\u00e3o organizadas por classe processual, para facilitar a pesquisa.<\/p>\n<p style=\"text-align: justify;\">O informativo integra o projeto\u00a0<strong>\u2018Monitoramento de Normativos e Dados de SST\/RT \u2013 Radar Trabalhista\u2019<\/strong>, realizado pela CBIC, por meio da sua Comiss\u00e3o de Pol\u00edtica de Rela\u00e7\u00f5es Trabalhistas (CPRT), com a correaliza\u00e7\u00e3o do Servi\u00e7o Social da Ind\u00fastria (Sesi Nacional).<\/p>\n<p style=\"text-align: justify;\">Confira a galeria com\u00a0<a href=\"https:\/\/cbic.org.br\/relacoestrabalhistas\/radar-trabalhista\/\"><strong>todas as edi\u00e7\u00f5es do Radar Trabalhista.<\/strong><\/a><\/p>\n<p><strong><em>Fonte: Ag\u00eancia CBIC<\/em><\/strong><\/p>\n<p style=\"text-align: justify;\">\n","protected":false},"excerpt":{"rendered":"<p>O\u00a0Radar Trabalhista\u00a0da C\u00e2mara Brasileira da Ind\u00fastria da Constru\u00e7\u00e3o (CBIC) do dia 20 destaca a retirada da Medida Provis\u00f3ria n\u00ba 927\/2020, que flexibiliza regras trabalhistas durante a pandemia do novo coronav\u00edrus, da pauta de vota\u00e7\u00f5es do Senado Federal. Conforme informado pelo presidente do Senado Federal, Davi Alcolumbre, o texto n\u00e3o foi mais pautado e, com isso, [&hellip;]<\/p>\n","protected":false},"author":3,"featured_media":9626,"comment_status":"closed","ping_status":"closed","sticky":false,"template":"","format":"standard","meta":{"footnotes":""},"categories":[92],"tags":[],"class_list":["post-9888","post","type-post","status-publish","format-standard","has-post-thumbnail","hentry","category-seconci-brasil"],"yoast_head":"<!-- This site is optimized with the Yoast SEO plugin v26.9 - https:\/\/yoast.com\/product\/yoast-seo-wordpress\/ -->\n<title>Radar Trabalhista: MP que muda regras trabalhistas perde validade - Seconci Brasil<\/title>\n<meta name=\"robots\" content=\"index, follow, max-snippet:-1, max-image-preview:large, max-video-preview:-1\" \/>\n<link rel=\"canonical\" href=\"https:\/\/seconci.com.br\/site\/2020\/07\/21\/radar-trabalhista-mp-que-muda-regras-trabalhistas-perde-validade\/\" \/>\n<meta property=\"og:locale\" content=\"pt_PT\" \/>\n<meta property=\"og:type\" content=\"article\" \/>\n<meta property=\"og:title\" content=\"Radar Trabalhista: MP que muda regras trabalhistas perde validade - Seconci Brasil\" \/>\n<meta property=\"og:description\" content=\"O\u00a0Radar Trabalhista\u00a0da C\u00e2mara Brasileira da Ind\u00fastria da Constru\u00e7\u00e3o (CBIC) do dia 20 destaca a retirada da Medida Provis\u00f3ria n\u00ba 927\/2020, que flexibiliza regras trabalhistas durante a pandemia do novo coronav\u00edrus, da pauta de vota\u00e7\u00f5es do Senado Federal. Conforme informado pelo presidente do Senado Federal, Davi Alcolumbre, o texto n\u00e3o foi mais pautado e, com isso, [&hellip;]\" \/>\n<meta property=\"og:url\" content=\"https:\/\/seconci.com.br\/site\/2020\/07\/21\/radar-trabalhista-mp-que-muda-regras-trabalhistas-perde-validade\/\" \/>\n<meta property=\"og:site_name\" content=\"Seconci Brasil\" \/>\n<meta property=\"article:published_time\" content=\"2020-07-21T11:18:59+00:00\" \/>\n<meta property=\"og:image\" content=\"https:\/\/seconci.com.br\/site\/wp-content\/uploads\/2020\/05\/construcao_civil-800x445.png\" \/>\n\t<meta property=\"og:image:width\" content=\"800\" \/>\n\t<meta property=\"og:image:height\" content=\"445\" \/>\n\t<meta property=\"og:image:type\" content=\"image\/png\" \/>\n<meta name=\"author\" content=\"Sidney Rocha\" \/>\n<meta name=\"twitter:card\" content=\"summary_large_image\" \/>\n<meta name=\"twitter:label1\" content=\"Escrito por\" \/>\n\t<meta name=\"twitter:data1\" content=\"Sidney Rocha\" \/>\n\t<meta name=\"twitter:label2\" content=\"Tempo estimado de leitura\" \/>\n\t<meta name=\"twitter:data2\" content=\"1 minuto\" \/>\n<script type=\"application\/ld+json\" class=\"yoast-schema-graph\">{\"@context\":\"https:\/\/schema.org\",\"@graph\":[{\"@type\":\"Article\",\"@id\":\"https:\/\/seconci.com.br\/site\/2020\/07\/21\/radar-trabalhista-mp-que-muda-regras-trabalhistas-perde-validade\/#article\",\"isPartOf\":{\"@id\":\"https:\/\/seconci.com.br\/site\/2020\/07\/21\/radar-trabalhista-mp-que-muda-regras-trabalhistas-perde-validade\/\"},\"author\":{\"name\":\"Sidney Rocha\",\"@id\":\"https:\/\/seconci.com.br\/site\/#\/schema\/person\/1d79afd97ddc8f2c68c1e88e298aa8e2\"},\"headline\":\"Radar Trabalhista: MP que muda regras trabalhistas perde validade\",\"datePublished\":\"2020-07-21T11:18:59+00:00\",\"mainEntityOfPage\":{\"@id\":\"https:\/\/seconci.com.br\/site\/2020\/07\/21\/radar-trabalhista-mp-que-muda-regras-trabalhistas-perde-validade\/\"},\"wordCount\":304,\"publisher\":{\"@id\":\"https:\/\/seconci.com.br\/site\/#organization\"},\"image\":{\"@id\":\"https:\/\/seconci.com.br\/site\/2020\/07\/21\/radar-trabalhista-mp-que-muda-regras-trabalhistas-perde-validade\/#primaryimage\"},\"thumbnailUrl\":\"https:\/\/seconci.com.br\/site\/wp-content\/uploads\/2020\/05\/construcao_civil-800x445.png\",\"articleSection\":[\"Seconci Brasil\"],\"inLanguage\":\"pt-PT\"},{\"@type\":\"WebPage\",\"@id\":\"https:\/\/seconci.com.br\/site\/2020\/07\/21\/radar-trabalhista-mp-que-muda-regras-trabalhistas-perde-validade\/\",\"url\":\"https:\/\/seconci.com.br\/site\/2020\/07\/21\/radar-trabalhista-mp-que-muda-regras-trabalhistas-perde-validade\/\",\"name\":\"Radar Trabalhista: MP que muda regras trabalhistas perde validade - Seconci Brasil\",\"isPartOf\":{\"@id\":\"https:\/\/seconci.com.br\/site\/#website\"},\"primaryImageOfPage\":{\"@id\":\"https:\/\/seconci.com.br\/site\/2020\/07\/21\/radar-trabalhista-mp-que-muda-regras-trabalhistas-perde-validade\/#primaryimage\"},\"image\":{\"@id\":\"https:\/\/seconci.com.br\/site\/2020\/07\/21\/radar-trabalhista-mp-que-muda-regras-trabalhistas-perde-validade\/#primaryimage\"},\"thumbnailUrl\":\"https:\/\/seconci.com.br\/site\/wp-content\/uploads\/2020\/05\/construcao_civil-800x445.png\",\"datePublished\":\"2020-07-21T11:18:59+00:00\",\"breadcrumb\":{\"@id\":\"https:\/\/seconci.com.br\/site\/2020\/07\/21\/radar-trabalhista-mp-que-muda-regras-trabalhistas-perde-validade\/#breadcrumb\"},\"inLanguage\":\"pt-PT\",\"potentialAction\":[{\"@type\":\"ReadAction\",\"target\":[\"https:\/\/seconci.com.br\/site\/2020\/07\/21\/radar-trabalhista-mp-que-muda-regras-trabalhistas-perde-validade\/\"]}]},{\"@type\":\"ImageObject\",\"inLanguage\":\"pt-PT\",\"@id\":\"https:\/\/seconci.com.br\/site\/2020\/07\/21\/radar-trabalhista-mp-que-muda-regras-trabalhistas-perde-validade\/#primaryimage\",\"url\":\"https:\/\/seconci.com.br\/site\/wp-content\/uploads\/2020\/05\/construcao_civil-800x445.png\",\"contentUrl\":\"https:\/\/seconci.com.br\/site\/wp-content\/uploads\/2020\/05\/construcao_civil-800x445.png\",\"width\":800,\"height\":445},{\"@type\":\"BreadcrumbList\",\"@id\":\"https:\/\/seconci.com.br\/site\/2020\/07\/21\/radar-trabalhista-mp-que-muda-regras-trabalhistas-perde-validade\/#breadcrumb\",\"itemListElement\":[{\"@type\":\"ListItem\",\"position\":1,\"name\":\"In\u00edcio\",\"item\":\"https:\/\/seconci.com.br\/site\/\"},{\"@type\":\"ListItem\",\"position\":2,\"name\":\"Radar Trabalhista: MP que muda regras trabalhistas perde validade\"}]},{\"@type\":\"WebSite\",\"@id\":\"https:\/\/seconci.com.br\/site\/#website\",\"url\":\"https:\/\/seconci.com.br\/site\/\",\"name\":\"Seconci Brasil\",\"description\":\"\",\"publisher\":{\"@id\":\"https:\/\/seconci.com.br\/site\/#organization\"},\"potentialAction\":[{\"@type\":\"SearchAction\",\"target\":{\"@type\":\"EntryPoint\",\"urlTemplate\":\"https:\/\/seconci.com.br\/site\/?s={search_term_string}\"},\"query-input\":{\"@type\":\"PropertyValueSpecification\",\"valueRequired\":true,\"valueName\":\"search_term_string\"}}],\"inLanguage\":\"pt-PT\"},{\"@type\":\"Organization\",\"@id\":\"https:\/\/seconci.com.br\/site\/#organization\",\"name\":\"Seconci Brasil\",\"url\":\"https:\/\/seconci.com.br\/site\/\",\"logo\":{\"@type\":\"ImageObject\",\"inLanguage\":\"pt-PT\",\"@id\":\"https:\/\/seconci.com.br\/site\/#\/schema\/logo\/image\/\",\"url\":\"https:\/\/seconci.com.br\/site\/wp-content\/uploads\/2024\/08\/Logo-Seconci-Brasil-branca-2.png\",\"contentUrl\":\"https:\/\/seconci.com.br\/site\/wp-content\/uploads\/2024\/08\/Logo-Seconci-Brasil-branca-2.png\",\"width\":1315,\"height\":598,\"caption\":\"Seconci Brasil\"},\"image\":{\"@id\":\"https:\/\/seconci.com.br\/site\/#\/schema\/logo\/image\/\"}},{\"@type\":\"Person\",\"@id\":\"https:\/\/seconci.com.br\/site\/#\/schema\/person\/1d79afd97ddc8f2c68c1e88e298aa8e2\",\"name\":\"Sidney Rocha\",\"description\":\"Comunicador e estagi\u00e1rio do Seconci Brasil.\",\"url\":\"https:\/\/seconci.com.br\/site\/author\/sidney-rocha\/\"}]}<\/script>\n<!-- \/ Yoast SEO plugin. -->","yoast_head_json":{"title":"Radar Trabalhista: MP que muda regras trabalhistas perde validade - Seconci Brasil","robots":{"index":"index","follow":"follow","max-snippet":"max-snippet:-1","max-image-preview":"max-image-preview:large","max-video-preview":"max-video-preview:-1"},"canonical":"https:\/\/seconci.com.br\/site\/2020\/07\/21\/radar-trabalhista-mp-que-muda-regras-trabalhistas-perde-validade\/","og_locale":"pt_PT","og_type":"article","og_title":"Radar Trabalhista: MP que muda regras trabalhistas perde validade - Seconci Brasil","og_description":"O\u00a0Radar Trabalhista\u00a0da C\u00e2mara Brasileira da Ind\u00fastria da Constru\u00e7\u00e3o (CBIC) do dia 20 destaca a retirada da Medida Provis\u00f3ria n\u00ba 927\/2020, que flexibiliza regras trabalhistas durante a pandemia do novo coronav\u00edrus, da pauta de vota\u00e7\u00f5es do Senado Federal. Conforme informado pelo presidente do Senado Federal, Davi Alcolumbre, o texto n\u00e3o foi mais pautado e, com isso, [&hellip;]","og_url":"https:\/\/seconci.com.br\/site\/2020\/07\/21\/radar-trabalhista-mp-que-muda-regras-trabalhistas-perde-validade\/","og_site_name":"Seconci Brasil","article_published_time":"2020-07-21T11:18:59+00:00","og_image":[{"width":800,"height":445,"url":"https:\/\/seconci.com.br\/site\/wp-content\/uploads\/2020\/05\/construcao_civil-800x445.png","type":"image\/png"}],"author":"Sidney Rocha","twitter_card":"summary_large_image","twitter_misc":{"Escrito por":"Sidney Rocha","Tempo estimado de leitura":"1 minuto"},"schema":{"@context":"https:\/\/schema.org","@graph":[{"@type":"Article","@id":"https:\/\/seconci.com.br\/site\/2020\/07\/21\/radar-trabalhista-mp-que-muda-regras-trabalhistas-perde-validade\/#article","isPartOf":{"@id":"https:\/\/seconci.com.br\/site\/2020\/07\/21\/radar-trabalhista-mp-que-muda-regras-trabalhistas-perde-validade\/"},"author":{"name":"Sidney Rocha","@id":"https:\/\/seconci.com.br\/site\/#\/schema\/person\/1d79afd97ddc8f2c68c1e88e298aa8e2"},"headline":"Radar Trabalhista: MP que muda regras trabalhistas perde validade","datePublished":"2020-07-21T11:18:59+00:00","mainEntityOfPage":{"@id":"https:\/\/seconci.com.br\/site\/2020\/07\/21\/radar-trabalhista-mp-que-muda-regras-trabalhistas-perde-validade\/"},"wordCount":304,"publisher":{"@id":"https:\/\/seconci.com.br\/site\/#organization"},"image":{"@id":"https:\/\/seconci.com.br\/site\/2020\/07\/21\/radar-trabalhista-mp-que-muda-regras-trabalhistas-perde-validade\/#primaryimage"},"thumbnailUrl":"https:\/\/seconci.com.br\/site\/wp-content\/uploads\/2020\/05\/construcao_civil-800x445.png","articleSection":["Seconci Brasil"],"inLanguage":"pt-PT"},{"@type":"WebPage","@id":"https:\/\/seconci.com.br\/site\/2020\/07\/21\/radar-trabalhista-mp-que-muda-regras-trabalhistas-perde-validade\/","url":"https:\/\/seconci.com.br\/site\/2020\/07\/21\/radar-trabalhista-mp-que-muda-regras-trabalhistas-perde-validade\/","name":"Radar Trabalhista: MP que muda regras trabalhistas perde validade - Seconci Brasil","isPartOf":{"@id":"https:\/\/seconci.com.br\/site\/#website"},"primaryImageOfPage":{"@id":"https:\/\/seconci.com.br\/site\/2020\/07\/21\/radar-trabalhista-mp-que-muda-regras-trabalhistas-perde-validade\/#primaryimage"},"image":{"@id":"https:\/\/seconci.com.br\/site\/2020\/07\/21\/radar-trabalhista-mp-que-muda-regras-trabalhistas-perde-validade\/#primaryimage"},"thumbnailUrl":"https:\/\/seconci.com.br\/site\/wp-content\/uploads\/2020\/05\/construcao_civil-800x445.png","datePublished":"2020-07-21T11:18:59+00:00","breadcrumb":{"@id":"https:\/\/seconci.com.br\/site\/2020\/07\/21\/radar-trabalhista-mp-que-muda-regras-trabalhistas-perde-validade\/#breadcrumb"},"inLanguage":"pt-PT","potentialAction":[{"@type":"ReadAction","target":["https:\/\/seconci.com.br\/site\/2020\/07\/21\/radar-trabalhista-mp-que-muda-regras-trabalhistas-perde-validade\/"]}]},{"@type":"ImageObject","inLanguage":"pt-PT","@id":"https:\/\/seconci.com.br\/site\/2020\/07\/21\/radar-trabalhista-mp-que-muda-regras-trabalhistas-perde-validade\/#primaryimage","url":"https:\/\/seconci.com.br\/site\/wp-content\/uploads\/2020\/05\/construcao_civil-800x445.png","contentUrl":"https:\/\/seconci.com.br\/site\/wp-content\/uploads\/2020\/05\/construcao_civil-800x445.png","width":800,"height":445},{"@type":"BreadcrumbList","@id":"https:\/\/seconci.com.br\/site\/2020\/07\/21\/radar-trabalhista-mp-que-muda-regras-trabalhistas-perde-validade\/#breadcrumb","itemListElement":[{"@type":"ListItem","position":1,"name":"In\u00edcio","item":"https:\/\/seconci.com.br\/site\/"},{"@type":"ListItem","position":2,"name":"Radar Trabalhista: MP que muda regras trabalhistas perde validade"}]},{"@type":"WebSite","@id":"https:\/\/seconci.com.br\/site\/#website","url":"https:\/\/seconci.com.br\/site\/","name":"Seconci Brasil","description":"","publisher":{"@id":"https:\/\/seconci.com.br\/site\/#organization"},"potentialAction":[{"@type":"SearchAction","target":{"@type":"EntryPoint","urlTemplate":"https:\/\/seconci.com.br\/site\/?s={search_term_string}"},"query-input":{"@type":"PropertyValueSpecification","valueRequired":true,"valueName":"search_term_string"}}],"inLanguage":"pt-PT"},{"@type":"Organization","@id":"https:\/\/seconci.com.br\/site\/#organization","name":"Seconci Brasil","url":"https:\/\/seconci.com.br\/site\/","logo":{"@type":"ImageObject","inLanguage":"pt-PT","@id":"https:\/\/seconci.com.br\/site\/#\/schema\/logo\/image\/","url":"https:\/\/seconci.com.br\/site\/wp-content\/uploads\/2024\/08\/Logo-Seconci-Brasil-branca-2.png","contentUrl":"https:\/\/seconci.com.br\/site\/wp-content\/uploads\/2024\/08\/Logo-Seconci-Brasil-branca-2.png","width":1315,"height":598,"caption":"Seconci Brasil"},"image":{"@id":"https:\/\/seconci.com.br\/site\/#\/schema\/logo\/image\/"}},{"@type":"Person","@id":"https:\/\/seconci.com.br\/site\/#\/schema\/person\/1d79afd97ddc8f2c68c1e88e298aa8e2","name":"Sidney Rocha","description":"Comunicador e estagi\u00e1rio do Seconci Brasil.","url":"https:\/\/seconci.com.br\/site\/author\/sidney-rocha\/"}]}},"_links":{"self":[{"href":"https:\/\/seconci.com.br\/site\/wp-json\/wp\/v2\/posts\/9888","targetHints":{"allow":["GET"]}}],"collection":[{"href":"https:\/\/seconci.com.br\/site\/wp-json\/wp\/v2\/posts"}],"about":[{"href":"https:\/\/seconci.com.br\/site\/wp-json\/wp\/v2\/types\/post"}],"author":[{"embeddable":true,"href":"https:\/\/seconci.com.br\/site\/wp-json\/wp\/v2\/users\/3"}],"replies":[{"embeddable":true,"href":"https:\/\/seconci.com.br\/site\/wp-json\/wp\/v2\/comments?post=9888"}],"version-history":[{"count":0,"href":"https:\/\/seconci.com.br\/site\/wp-json\/wp\/v2\/posts\/9888\/revisions"}],"wp:featuredmedia":[{"embeddable":true,"href":"https:\/\/seconci.com.br\/site\/wp-json\/wp\/v2\/media\/9626"}],"wp:attachment":[{"href":"https:\/\/seconci.com.br\/site\/wp-json\/wp\/v2\/media?parent=9888"}],"wp:term":[{"taxonomy":"category","embeddable":true,"href":"https:\/\/seconci.com.br\/site\/wp-json\/wp\/v2\/categories?post=9888"},{"taxonomy":"post_tag","embeddable":true,"href":"https:\/\/seconci.com.br\/site\/wp-json\/wp\/v2\/tags?post=9888"}],"curies":[{"name":"wp","href":"https:\/\/api.w.org\/{rel}","templated":true}]}}