{"id":9903,"date":"2020-07-27T11:29:42","date_gmt":"2020-07-27T11:29:42","guid":{"rendered":"https:\/\/seconci.com.br\/site\/?p=9903"},"modified":"2020-07-27T11:29:42","modified_gmt":"2020-07-27T11:29:42","slug":"contaminacao-por-covid-19-nos-canteiros-de-obras-permanece-baixa-em-sp","status":"publish","type":"post","link":"https:\/\/seconci.com.br\/site\/2020\/07\/27\/contaminacao-por-covid-19-nos-canteiros-de-obras-permanece-baixa-em-sp\/","title":{"rendered":"Contamina\u00e7\u00e3o por Covid-19 nos canteiros de obras permanece baixa em SP"},"content":{"rendered":"<p style=\"text-align: justify;\">Nova edi\u00e7\u00e3o da pesquisa \u201cConhecendo as A\u00e7\u00f5es das Construtoras Paulistas no Combate \u00e0 Covid-19\u201d confirma efetividade das a\u00e7\u00f5es de enfrentamento ao v\u00edrus<\/p>\n<p style=\"text-align: justify;\">O SindusCon-SP e o Seconci-SP divulgaram os resultados da 10\u00aa edi\u00e7\u00e3o da pesquisa \u201cConhecendo as A\u00e7\u00f5es das Construtoras Paulistas no Combate \u00e0 Covid-19\u201d, que mostra a estabilidade nos baixos percentuais de contamina\u00e7\u00e3o nos canteiros de obras. Esta rodada do levantamento teve a participa\u00e7\u00e3o de 36 empresas, respons\u00e1veis por 451 obras, que totalizam 29.379 empregos diretos e terceirizados. A apura\u00e7\u00e3o ocorreu entre 9 a 15 de julho.<\/p>\n<p style=\"text-align: justify;\">Conforme a pesquisa, 2,5% dos trabalhadores haviam sido afastados por suspeita de contamina\u00e7\u00e3o pelo novo coronav\u00edrus, e 0,9% deles foi confirmado com a doen\u00e7a.<\/p>\n<p style=\"text-align: justify;\">No per\u00edodo, foi constatada a exist\u00eancia de 446 obras em andamento e 5 paradas, com 95% do pessoal operando de maneira ativa. Outro destaque \u00e9 que todas as empresas adotam medidas como aferi\u00e7\u00e3o de temperatura corporal, higieniza\u00e7\u00e3o das m\u00e3os, orienta\u00e7\u00f5es di\u00e1rias sobre preven\u00e7\u00e3o, demarca\u00e7\u00e3o de \u00e1reas de viv\u00eancia e fornecimento de m\u00e1scaras para o transporte.<\/p>\n<p style=\"text-align: justify;\">Al\u00e9m disso, 94% das empresas realizam a limpeza dos equipamentos e ferramentas e distribuem m\u00e1scaras extras para utiliza\u00e7\u00e3o na obra. Hor\u00e1rios escalonados para entrada, sa\u00edda e refei\u00e7\u00f5es s\u00e3o institu\u00eddos por 92% das empresas.<\/p>\n<p style=\"text-align: justify;\">Na an\u00e1lise dos presidentes Odair Senra, do SindusCon-SP, e Haruo Ishikawa, do Seconci-SP, embora este resultado comprove a efic\u00e1cia das medidas de preven\u00e7\u00e3o adotadas pelas construtoras, persiste a preocupa\u00e7\u00e3o com sua rigorosa observ\u00e2ncia.<\/p>\n<p style=\"text-align: justify;\">Segundo os presidentes, com o aumento da circula\u00e7\u00e3o de pessoas no Estado, \u00e9 fundamental uma vigil\u00e2ncia permanente nos canteiros em rela\u00e7\u00e3o ao uso correto das m\u00e1scaras de prote\u00e7\u00e3o facial, \u00e0 higieniza\u00e7\u00e3o constante das m\u00e3os e dos Equipamentos de Prote\u00e7\u00e3o Individual, e ao distanciamento entre os trabalhadores nas obras e nas \u00e1reas de viv\u00eancia.<\/p>\n<p style=\"text-align: justify;\">Os interessados em participar do levantamento podem enviar um e-mail para pesquisacovid-19@seconci-sp.org.br. A entidade entrar\u00e1 em contato para a inclus\u00e3o da empresa na enquete, garantindo total sigilo sobre as informa\u00e7\u00f5es.<\/p>\n<p style=\"text-align: justify;\">Para ver o relat\u00f3rio completo das cinco \u00faltimas rodadas da pesquisa,\u00a0<a href=\"http:\/\/www.seconci-sp.org.br\/midia\/132394727312245309.PDF\" target=\"_blank\" rel=\"noopener noreferrer\">clique aqui<\/a>.<\/p>\n<p style=\"text-align: justify;\">Para consultar o relat\u00f3rio completo das cinco primeiras rodadas,\u00a0<a href=\"http:\/\/www.seconci-sp.org.br\/midia\/132394727060681750.PDF\" target=\"_blank\" rel=\"noopener noreferrer\">clique aqui<\/a>.<\/p>\n<p><em><strong>Fonte: Portal AECWeb<\/strong><\/em><\/p>\n","protected":false},"excerpt":{"rendered":"<p>Nova edi\u00e7\u00e3o da pesquisa \u201cConhecendo as A\u00e7\u00f5es das Construtoras Paulistas no Combate \u00e0 Covid-19\u201d confirma efetividade das a\u00e7\u00f5es de enfrentamento ao v\u00edrus O SindusCon-SP e o Seconci-SP divulgaram os resultados da 10\u00aa edi\u00e7\u00e3o da pesquisa \u201cConhecendo as A\u00e7\u00f5es das Construtoras Paulistas no Combate \u00e0 Covid-19\u201d, que mostra a estabilidade nos baixos percentuais de contamina\u00e7\u00e3o nos [&hellip;]<\/p>\n","protected":false},"author":3,"featured_media":9904,"comment_status":"closed","ping_status":"closed","sticky":false,"template":"","format":"standard","meta":{"footnotes":""},"categories":[87],"tags":[],"class_list":["post-9903","post","type-post","status-publish","format-standard","has-post-thumbnail","hentry","category-seconci-sao-paulo"],"yoast_head":"<!-- This site is optimized with the Yoast SEO plugin v26.9 - https:\/\/yoast.com\/product\/yoast-seo-wordpress\/ -->\n<title>Contamina\u00e7\u00e3o por Covid-19 nos canteiros de obras permanece baixa em SP - Seconci Brasil<\/title>\n<meta name=\"robots\" content=\"index, follow, max-snippet:-1, max-image-preview:large, max-video-preview:-1\" \/>\n<link rel=\"canonical\" href=\"https:\/\/seconci.com.br\/site\/2020\/07\/27\/contaminacao-por-covid-19-nos-canteiros-de-obras-permanece-baixa-em-sp\/\" \/>\n<meta property=\"og:locale\" content=\"pt_PT\" \/>\n<meta property=\"og:type\" content=\"article\" \/>\n<meta property=\"og:title\" content=\"Contamina\u00e7\u00e3o por Covid-19 nos canteiros de obras permanece baixa em SP - Seconci Brasil\" \/>\n<meta property=\"og:description\" content=\"Nova edi\u00e7\u00e3o da pesquisa \u201cConhecendo as A\u00e7\u00f5es das Construtoras Paulistas no Combate \u00e0 Covid-19\u201d confirma efetividade das a\u00e7\u00f5es de enfrentamento ao v\u00edrus O SindusCon-SP e o Seconci-SP divulgaram os resultados da 10\u00aa edi\u00e7\u00e3o da pesquisa \u201cConhecendo as A\u00e7\u00f5es das Construtoras Paulistas no Combate \u00e0 Covid-19\u201d, que mostra a estabilidade nos baixos percentuais de contamina\u00e7\u00e3o nos [&hellip;]\" \/>\n<meta property=\"og:url\" content=\"https:\/\/seconci.com.br\/site\/2020\/07\/27\/contaminacao-por-covid-19-nos-canteiros-de-obras-permanece-baixa-em-sp\/\" \/>\n<meta property=\"og:site_name\" content=\"Seconci Brasil\" \/>\n<meta property=\"article:published_time\" content=\"2020-07-27T11:29:42+00:00\" \/>\n<meta property=\"og:image\" content=\"https:\/\/seconci.com.br\/site\/wp-content\/uploads\/2020\/07\/pesquisa-covid-19-canteiros-obras-sp_Olho0.jpg\" \/>\n\t<meta property=\"og:image:width\" content=\"676\" \/>\n\t<meta property=\"og:image:height\" content=\"280\" \/>\n\t<meta property=\"og:image:type\" content=\"image\/jpeg\" \/>\n<meta name=\"author\" content=\"Sidney Rocha\" \/>\n<meta name=\"twitter:card\" content=\"summary_large_image\" \/>\n<meta name=\"twitter:label1\" content=\"Escrito por\" \/>\n\t<meta name=\"twitter:data1\" content=\"Sidney Rocha\" \/>\n\t<meta name=\"twitter:label2\" content=\"Tempo estimado de leitura\" \/>\n\t<meta name=\"twitter:data2\" content=\"2 minutos\" \/>\n<script type=\"application\/ld+json\" class=\"yoast-schema-graph\">{\"@context\":\"https:\/\/schema.org\",\"@graph\":[{\"@type\":\"Article\",\"@id\":\"https:\/\/seconci.com.br\/site\/2020\/07\/27\/contaminacao-por-covid-19-nos-canteiros-de-obras-permanece-baixa-em-sp\/#article\",\"isPartOf\":{\"@id\":\"https:\/\/seconci.com.br\/site\/2020\/07\/27\/contaminacao-por-covid-19-nos-canteiros-de-obras-permanece-baixa-em-sp\/\"},\"author\":{\"name\":\"Sidney Rocha\",\"@id\":\"https:\/\/seconci.com.br\/site\/#\/schema\/person\/1d79afd97ddc8f2c68c1e88e298aa8e2\"},\"headline\":\"Contamina\u00e7\u00e3o por Covid-19 nos canteiros de obras permanece baixa em SP\",\"datePublished\":\"2020-07-27T11:29:42+00:00\",\"mainEntityOfPage\":{\"@id\":\"https:\/\/seconci.com.br\/site\/2020\/07\/27\/contaminacao-por-covid-19-nos-canteiros-de-obras-permanece-baixa-em-sp\/\"},\"wordCount\":390,\"publisher\":{\"@id\":\"https:\/\/seconci.com.br\/site\/#organization\"},\"image\":{\"@id\":\"https:\/\/seconci.com.br\/site\/2020\/07\/27\/contaminacao-por-covid-19-nos-canteiros-de-obras-permanece-baixa-em-sp\/#primaryimage\"},\"thumbnailUrl\":\"https:\/\/seconci.com.br\/site\/wp-content\/uploads\/2020\/07\/pesquisa-covid-19-canteiros-obras-sp_Olho0.jpg\",\"articleSection\":[\"Seconci S\u00e3o Paulo\"],\"inLanguage\":\"pt-PT\"},{\"@type\":\"WebPage\",\"@id\":\"https:\/\/seconci.com.br\/site\/2020\/07\/27\/contaminacao-por-covid-19-nos-canteiros-de-obras-permanece-baixa-em-sp\/\",\"url\":\"https:\/\/seconci.com.br\/site\/2020\/07\/27\/contaminacao-por-covid-19-nos-canteiros-de-obras-permanece-baixa-em-sp\/\",\"name\":\"Contamina\u00e7\u00e3o por Covid-19 nos canteiros de obras permanece baixa em SP - Seconci Brasil\",\"isPartOf\":{\"@id\":\"https:\/\/seconci.com.br\/site\/#website\"},\"primaryImageOfPage\":{\"@id\":\"https:\/\/seconci.com.br\/site\/2020\/07\/27\/contaminacao-por-covid-19-nos-canteiros-de-obras-permanece-baixa-em-sp\/#primaryimage\"},\"image\":{\"@id\":\"https:\/\/seconci.com.br\/site\/2020\/07\/27\/contaminacao-por-covid-19-nos-canteiros-de-obras-permanece-baixa-em-sp\/#primaryimage\"},\"thumbnailUrl\":\"https:\/\/seconci.com.br\/site\/wp-content\/uploads\/2020\/07\/pesquisa-covid-19-canteiros-obras-sp_Olho0.jpg\",\"datePublished\":\"2020-07-27T11:29:42+00:00\",\"breadcrumb\":{\"@id\":\"https:\/\/seconci.com.br\/site\/2020\/07\/27\/contaminacao-por-covid-19-nos-canteiros-de-obras-permanece-baixa-em-sp\/#breadcrumb\"},\"inLanguage\":\"pt-PT\",\"potentialAction\":[{\"@type\":\"ReadAction\",\"target\":[\"https:\/\/seconci.com.br\/site\/2020\/07\/27\/contaminacao-por-covid-19-nos-canteiros-de-obras-permanece-baixa-em-sp\/\"]}]},{\"@type\":\"ImageObject\",\"inLanguage\":\"pt-PT\",\"@id\":\"https:\/\/seconci.com.br\/site\/2020\/07\/27\/contaminacao-por-covid-19-nos-canteiros-de-obras-permanece-baixa-em-sp\/#primaryimage\",\"url\":\"https:\/\/seconci.com.br\/site\/wp-content\/uploads\/2020\/07\/pesquisa-covid-19-canteiros-obras-sp_Olho0.jpg\",\"contentUrl\":\"https:\/\/seconci.com.br\/site\/wp-content\/uploads\/2020\/07\/pesquisa-covid-19-canteiros-obras-sp_Olho0.jpg\",\"width\":676,\"height\":280},{\"@type\":\"BreadcrumbList\",\"@id\":\"https:\/\/seconci.com.br\/site\/2020\/07\/27\/contaminacao-por-covid-19-nos-canteiros-de-obras-permanece-baixa-em-sp\/#breadcrumb\",\"itemListElement\":[{\"@type\":\"ListItem\",\"position\":1,\"name\":\"In\u00edcio\",\"item\":\"https:\/\/seconci.com.br\/site\/\"},{\"@type\":\"ListItem\",\"position\":2,\"name\":\"Contamina\u00e7\u00e3o por Covid-19 nos canteiros de obras permanece baixa em SP\"}]},{\"@type\":\"WebSite\",\"@id\":\"https:\/\/seconci.com.br\/site\/#website\",\"url\":\"https:\/\/seconci.com.br\/site\/\",\"name\":\"Seconci Brasil\",\"description\":\"\",\"publisher\":{\"@id\":\"https:\/\/seconci.com.br\/site\/#organization\"},\"potentialAction\":[{\"@type\":\"SearchAction\",\"target\":{\"@type\":\"EntryPoint\",\"urlTemplate\":\"https:\/\/seconci.com.br\/site\/?s={search_term_string}\"},\"query-input\":{\"@type\":\"PropertyValueSpecification\",\"valueRequired\":true,\"valueName\":\"search_term_string\"}}],\"inLanguage\":\"pt-PT\"},{\"@type\":\"Organization\",\"@id\":\"https:\/\/seconci.com.br\/site\/#organization\",\"name\":\"Seconci Brasil\",\"url\":\"https:\/\/seconci.com.br\/site\/\",\"logo\":{\"@type\":\"ImageObject\",\"inLanguage\":\"pt-PT\",\"@id\":\"https:\/\/seconci.com.br\/site\/#\/schema\/logo\/image\/\",\"url\":\"https:\/\/seconci.com.br\/site\/wp-content\/uploads\/2024\/08\/Logo-Seconci-Brasil-branca-2.png\",\"contentUrl\":\"https:\/\/seconci.com.br\/site\/wp-content\/uploads\/2024\/08\/Logo-Seconci-Brasil-branca-2.png\",\"width\":1315,\"height\":598,\"caption\":\"Seconci Brasil\"},\"image\":{\"@id\":\"https:\/\/seconci.com.br\/site\/#\/schema\/logo\/image\/\"}},{\"@type\":\"Person\",\"@id\":\"https:\/\/seconci.com.br\/site\/#\/schema\/person\/1d79afd97ddc8f2c68c1e88e298aa8e2\",\"name\":\"Sidney Rocha\",\"description\":\"Comunicador e estagi\u00e1rio do Seconci Brasil.\",\"url\":\"https:\/\/seconci.com.br\/site\/author\/sidney-rocha\/\"}]}<\/script>\n<!-- \/ Yoast SEO plugin. -->","yoast_head_json":{"title":"Contamina\u00e7\u00e3o por Covid-19 nos canteiros de obras permanece baixa em SP - Seconci Brasil","robots":{"index":"index","follow":"follow","max-snippet":"max-snippet:-1","max-image-preview":"max-image-preview:large","max-video-preview":"max-video-preview:-1"},"canonical":"https:\/\/seconci.com.br\/site\/2020\/07\/27\/contaminacao-por-covid-19-nos-canteiros-de-obras-permanece-baixa-em-sp\/","og_locale":"pt_PT","og_type":"article","og_title":"Contamina\u00e7\u00e3o por Covid-19 nos canteiros de obras permanece baixa em SP - Seconci Brasil","og_description":"Nova edi\u00e7\u00e3o da pesquisa \u201cConhecendo as A\u00e7\u00f5es das Construtoras Paulistas no Combate \u00e0 Covid-19\u201d confirma efetividade das a\u00e7\u00f5es de enfrentamento ao v\u00edrus O SindusCon-SP e o Seconci-SP divulgaram os resultados da 10\u00aa edi\u00e7\u00e3o da pesquisa \u201cConhecendo as A\u00e7\u00f5es das Construtoras Paulistas no Combate \u00e0 Covid-19\u201d, que mostra a estabilidade nos baixos percentuais de contamina\u00e7\u00e3o nos [&hellip;]","og_url":"https:\/\/seconci.com.br\/site\/2020\/07\/27\/contaminacao-por-covid-19-nos-canteiros-de-obras-permanece-baixa-em-sp\/","og_site_name":"Seconci Brasil","article_published_time":"2020-07-27T11:29:42+00:00","og_image":[{"width":676,"height":280,"url":"https:\/\/seconci.com.br\/site\/wp-content\/uploads\/2020\/07\/pesquisa-covid-19-canteiros-obras-sp_Olho0.jpg","type":"image\/jpeg"}],"author":"Sidney Rocha","twitter_card":"summary_large_image","twitter_misc":{"Escrito por":"Sidney Rocha","Tempo estimado de leitura":"2 minutos"},"schema":{"@context":"https:\/\/schema.org","@graph":[{"@type":"Article","@id":"https:\/\/seconci.com.br\/site\/2020\/07\/27\/contaminacao-por-covid-19-nos-canteiros-de-obras-permanece-baixa-em-sp\/#article","isPartOf":{"@id":"https:\/\/seconci.com.br\/site\/2020\/07\/27\/contaminacao-por-covid-19-nos-canteiros-de-obras-permanece-baixa-em-sp\/"},"author":{"name":"Sidney Rocha","@id":"https:\/\/seconci.com.br\/site\/#\/schema\/person\/1d79afd97ddc8f2c68c1e88e298aa8e2"},"headline":"Contamina\u00e7\u00e3o por Covid-19 nos canteiros de obras permanece baixa em SP","datePublished":"2020-07-27T11:29:42+00:00","mainEntityOfPage":{"@id":"https:\/\/seconci.com.br\/site\/2020\/07\/27\/contaminacao-por-covid-19-nos-canteiros-de-obras-permanece-baixa-em-sp\/"},"wordCount":390,"publisher":{"@id":"https:\/\/seconci.com.br\/site\/#organization"},"image":{"@id":"https:\/\/seconci.com.br\/site\/2020\/07\/27\/contaminacao-por-covid-19-nos-canteiros-de-obras-permanece-baixa-em-sp\/#primaryimage"},"thumbnailUrl":"https:\/\/seconci.com.br\/site\/wp-content\/uploads\/2020\/07\/pesquisa-covid-19-canteiros-obras-sp_Olho0.jpg","articleSection":["Seconci S\u00e3o Paulo"],"inLanguage":"pt-PT"},{"@type":"WebPage","@id":"https:\/\/seconci.com.br\/site\/2020\/07\/27\/contaminacao-por-covid-19-nos-canteiros-de-obras-permanece-baixa-em-sp\/","url":"https:\/\/seconci.com.br\/site\/2020\/07\/27\/contaminacao-por-covid-19-nos-canteiros-de-obras-permanece-baixa-em-sp\/","name":"Contamina\u00e7\u00e3o por Covid-19 nos canteiros de obras permanece baixa em SP - Seconci Brasil","isPartOf":{"@id":"https:\/\/seconci.com.br\/site\/#website"},"primaryImageOfPage":{"@id":"https:\/\/seconci.com.br\/site\/2020\/07\/27\/contaminacao-por-covid-19-nos-canteiros-de-obras-permanece-baixa-em-sp\/#primaryimage"},"image":{"@id":"https:\/\/seconci.com.br\/site\/2020\/07\/27\/contaminacao-por-covid-19-nos-canteiros-de-obras-permanece-baixa-em-sp\/#primaryimage"},"thumbnailUrl":"https:\/\/seconci.com.br\/site\/wp-content\/uploads\/2020\/07\/pesquisa-covid-19-canteiros-obras-sp_Olho0.jpg","datePublished":"2020-07-27T11:29:42+00:00","breadcrumb":{"@id":"https:\/\/seconci.com.br\/site\/2020\/07\/27\/contaminacao-por-covid-19-nos-canteiros-de-obras-permanece-baixa-em-sp\/#breadcrumb"},"inLanguage":"pt-PT","potentialAction":[{"@type":"ReadAction","target":["https:\/\/seconci.com.br\/site\/2020\/07\/27\/contaminacao-por-covid-19-nos-canteiros-de-obras-permanece-baixa-em-sp\/"]}]},{"@type":"ImageObject","inLanguage":"pt-PT","@id":"https:\/\/seconci.com.br\/site\/2020\/07\/27\/contaminacao-por-covid-19-nos-canteiros-de-obras-permanece-baixa-em-sp\/#primaryimage","url":"https:\/\/seconci.com.br\/site\/wp-content\/uploads\/2020\/07\/pesquisa-covid-19-canteiros-obras-sp_Olho0.jpg","contentUrl":"https:\/\/seconci.com.br\/site\/wp-content\/uploads\/2020\/07\/pesquisa-covid-19-canteiros-obras-sp_Olho0.jpg","width":676,"height":280},{"@type":"BreadcrumbList","@id":"https:\/\/seconci.com.br\/site\/2020\/07\/27\/contaminacao-por-covid-19-nos-canteiros-de-obras-permanece-baixa-em-sp\/#breadcrumb","itemListElement":[{"@type":"ListItem","position":1,"name":"In\u00edcio","item":"https:\/\/seconci.com.br\/site\/"},{"@type":"ListItem","position":2,"name":"Contamina\u00e7\u00e3o por Covid-19 nos canteiros de obras permanece baixa em SP"}]},{"@type":"WebSite","@id":"https:\/\/seconci.com.br\/site\/#website","url":"https:\/\/seconci.com.br\/site\/","name":"Seconci Brasil","description":"","publisher":{"@id":"https:\/\/seconci.com.br\/site\/#organization"},"potentialAction":[{"@type":"SearchAction","target":{"@type":"EntryPoint","urlTemplate":"https:\/\/seconci.com.br\/site\/?s={search_term_string}"},"query-input":{"@type":"PropertyValueSpecification","valueRequired":true,"valueName":"search_term_string"}}],"inLanguage":"pt-PT"},{"@type":"Organization","@id":"https:\/\/seconci.com.br\/site\/#organization","name":"Seconci Brasil","url":"https:\/\/seconci.com.br\/site\/","logo":{"@type":"ImageObject","inLanguage":"pt-PT","@id":"https:\/\/seconci.com.br\/site\/#\/schema\/logo\/image\/","url":"https:\/\/seconci.com.br\/site\/wp-content\/uploads\/2024\/08\/Logo-Seconci-Brasil-branca-2.png","contentUrl":"https:\/\/seconci.com.br\/site\/wp-content\/uploads\/2024\/08\/Logo-Seconci-Brasil-branca-2.png","width":1315,"height":598,"caption":"Seconci Brasil"},"image":{"@id":"https:\/\/seconci.com.br\/site\/#\/schema\/logo\/image\/"}},{"@type":"Person","@id":"https:\/\/seconci.com.br\/site\/#\/schema\/person\/1d79afd97ddc8f2c68c1e88e298aa8e2","name":"Sidney Rocha","description":"Comunicador e estagi\u00e1rio do Seconci Brasil.","url":"https:\/\/seconci.com.br\/site\/author\/sidney-rocha\/"}]}},"_links":{"self":[{"href":"https:\/\/seconci.com.br\/site\/wp-json\/wp\/v2\/posts\/9903","targetHints":{"allow":["GET"]}}],"collection":[{"href":"https:\/\/seconci.com.br\/site\/wp-json\/wp\/v2\/posts"}],"about":[{"href":"https:\/\/seconci.com.br\/site\/wp-json\/wp\/v2\/types\/post"}],"author":[{"embeddable":true,"href":"https:\/\/seconci.com.br\/site\/wp-json\/wp\/v2\/users\/3"}],"replies":[{"embeddable":true,"href":"https:\/\/seconci.com.br\/site\/wp-json\/wp\/v2\/comments?post=9903"}],"version-history":[{"count":0,"href":"https:\/\/seconci.com.br\/site\/wp-json\/wp\/v2\/posts\/9903\/revisions"}],"wp:featuredmedia":[{"embeddable":true,"href":"https:\/\/seconci.com.br\/site\/wp-json\/wp\/v2\/media\/9904"}],"wp:attachment":[{"href":"https:\/\/seconci.com.br\/site\/wp-json\/wp\/v2\/media?parent=9903"}],"wp:term":[{"taxonomy":"category","embeddable":true,"href":"https:\/\/seconci.com.br\/site\/wp-json\/wp\/v2\/categories?post=9903"},{"taxonomy":"post_tag","embeddable":true,"href":"https:\/\/seconci.com.br\/site\/wp-json\/wp\/v2\/tags?post=9903"}],"curies":[{"name":"wp","href":"https:\/\/api.w.org\/{rel}","templated":true}]}}