{"id":9906,"date":"2020-07-27T12:28:26","date_gmt":"2020-07-27T12:28:26","guid":{"rendered":"https:\/\/seconci.com.br\/site\/?p=9906"},"modified":"2020-07-27T14:53:00","modified_gmt":"2020-07-27T14:53:00","slug":"equipe-de-saude-do-seconci-rio-alerta-para-importancia-da-odontologia-como-instrumento-de-saude","status":"publish","type":"post","link":"https:\/\/seconci.com.br\/site\/2020\/07\/27\/equipe-de-saude-do-seconci-rio-alerta-para-importancia-da-odontologia-como-instrumento-de-saude\/","title":{"rendered":"Equipe de sa\u00fade do Seconci-Rio alerta para import\u00e2ncia da odontologia como instrumento de sa\u00fade"},"content":{"rendered":"<p dir=\"ltr\" style=\"text-align: justify;\">A sa\u00fade come\u00e7a pela boca. Com essa afirma\u00e7\u00e3o, o supervisor do servi\u00e7o de odontologia do Seconci-Rio, dr. Leonardo Vieira, falou, na \u00faltima quinta-feira (23), sobre o papel do paciente na preven\u00e7\u00e3o de doen\u00e7as bucais e da import\u00e2ncia do olhar sist\u00eamico\u00a0 do dentista durante as consultas, em webinar realizado pelo canal do YouTube da entidade.<\/p>\n<p dir=\"ltr\" style=\"text-align: justify;\">De acordo com ele, que tamb\u00e9m faz parte da equipe de dentistas do Seconci-Rio, \u00e9 preciso ter o chamado olhar de sa\u00fade, verificando o paciente como um todo. \u201cMuitas doen\u00e7as podem ser diagnosticadas no consult\u00f3rio, ent\u00e3o, a anamnese, que tra\u00e7a o hist\u00f3rico cl\u00ednico do paciente, e a percep\u00e7\u00e3o das queixas que o paciente leva para a consulta s\u00e3o fundamentais para certos diagn\u00f3sticos\u201d, destaca ele, lembrando que a preven\u00e7\u00e3o deve ser uma preocupa\u00e7\u00e3o de todos, evitando-se procurar o dentista apenas quando h\u00e1 alguma manifesta\u00e7\u00e3o bucal.<\/p>\n<p dir=\"ltr\" style=\"text-align: justify;\">Entre as principais patologias que podem ser detectadas em uma consulta odontol\u00f3gica, Leonardo citou a anemia, doen\u00e7as autoimunes, a hepatite C e at\u00e9 mesmo a leucemia. \u201cTodas possuem manifesta\u00e7\u00f5es bucais. O desconforto na l\u00edngua pode significar anemia,\u00a0 assim como um sangramento at\u00edpico, associado a outros sintomas, pode indicar leucemia e as aftas de repeti\u00e7\u00e3o s\u00e3o comuns em quem tem doen\u00e7a autoimune\u201d, explica.<\/p>\n<p dir=\"ltr\" style=\"text-align: justify;\">As doen\u00e7as que n\u00e3o envolvem manifesta\u00e7\u00f5es bucais, como o diabetes e as doen\u00e7as cardiovasculares, tamb\u00e9m podem ser detectadas em uma consulta. \u201cIsso mostra a relev\u00e2ncia da odontologia face a essas doen\u00e7as e confirma que a sa\u00fade bucal pode interferir em outros \u00f3rg\u00e3os\u201d, acrescenta o profissional.<\/p>\n<p dir=\"ltr\" style=\"text-align: justify;\">Outro ponto de debate foi o c\u00e2ncer de boca, t\u00e3o pouco divulgado, mas com incid\u00eancia significativa entre homens acima de 40 anos. De acordo com Leonardo, o tabagismo \u00e9 a causa principal do c\u00e2ncer de boca, mas nem todos que fumam desenvolvem esse tipo de c\u00e2ncer de boca. Ao contr\u00e1rio, todos que s\u00e3o diagnosticados s\u00e3o ou j\u00e1 foram fumantes.<\/p>\n<p dir=\"ltr\" style=\"text-align: justify;\">O webinar foi mediado pela gerente de sa\u00fade do Seconci-Rio, dra. Gilda Maria, que tamb\u00e9m destacou a import\u00e2ncia da preven\u00e7\u00e3o quando o assunto \u00e9 sa\u00fade bucal.<\/p>\n<p dir=\"ltr\" style=\"text-align: justify;\">Para assistir \u00e0 \u00edntegra do webinar, <a href=\"https:\/\/www.youtube.com\/watch?v=_IeHrXy0qBo\">acesse aqui<\/a>.<\/p>\n<p dir=\"ltr\"><em><strong>Fonte: Seconci-RIO<\/strong><\/em><\/p>\n","protected":false},"excerpt":{"rendered":"<p>A sa\u00fade come\u00e7a pela boca. Com essa afirma\u00e7\u00e3o, o supervisor do servi\u00e7o de odontologia do Seconci-Rio, dr. Leonardo Vieira, falou, na \u00faltima quinta-feira (23), sobre o papel do paciente na preven\u00e7\u00e3o de doen\u00e7as bucais e da import\u00e2ncia do olhar sist\u00eamico\u00a0 do dentista durante as consultas, em webinar realizado pelo canal do YouTube da entidade. De [&hellip;]<\/p>\n","protected":false},"author":3,"featured_media":9907,"comment_status":"closed","ping_status":"closed","sticky":false,"template":"","format":"standard","meta":{"footnotes":""},"categories":[85],"tags":[],"class_list":["post-9906","post","type-post","status-publish","format-standard","has-post-thumbnail","hentry","category-seconci-rio-de-janeiro"],"yoast_head":"<!-- This site is optimized with the Yoast SEO plugin v26.9 - https:\/\/yoast.com\/product\/yoast-seo-wordpress\/ -->\n<title>Equipe de sa\u00fade do Seconci-Rio alerta para import\u00e2ncia da odontologia como instrumento de sa\u00fade - Seconci Brasil<\/title>\n<meta name=\"robots\" content=\"index, follow, max-snippet:-1, max-image-preview:large, max-video-preview:-1\" \/>\n<link rel=\"canonical\" href=\"https:\/\/seconci.com.br\/site\/2020\/07\/27\/equipe-de-saude-do-seconci-rio-alerta-para-importancia-da-odontologia-como-instrumento-de-saude\/\" \/>\n<meta property=\"og:locale\" content=\"pt_PT\" \/>\n<meta property=\"og:type\" content=\"article\" \/>\n<meta property=\"og:title\" content=\"Equipe de sa\u00fade do Seconci-Rio alerta para import\u00e2ncia da odontologia como instrumento de sa\u00fade - Seconci Brasil\" \/>\n<meta property=\"og:description\" content=\"A sa\u00fade come\u00e7a pela boca. Com essa afirma\u00e7\u00e3o, o supervisor do servi\u00e7o de odontologia do Seconci-Rio, dr. Leonardo Vieira, falou, na \u00faltima quinta-feira (23), sobre o papel do paciente na preven\u00e7\u00e3o de doen\u00e7as bucais e da import\u00e2ncia do olhar sist\u00eamico\u00a0 do dentista durante as consultas, em webinar realizado pelo canal do YouTube da entidade. De [&hellip;]\" \/>\n<meta property=\"og:url\" content=\"https:\/\/seconci.com.br\/site\/2020\/07\/27\/equipe-de-saude-do-seconci-rio-alerta-para-importancia-da-odontologia-como-instrumento-de-saude\/\" \/>\n<meta property=\"og:site_name\" content=\"Seconci Brasil\" \/>\n<meta property=\"article:published_time\" content=\"2020-07-27T12:28:26+00:00\" \/>\n<meta property=\"article:modified_time\" content=\"2020-07-27T14:53:00+00:00\" \/>\n<meta property=\"og:image\" content=\"https:\/\/seconci.com.br\/site\/wp-content\/uploads\/2020\/07\/2bb8e5a8-e829-4ab3-98b3-019888463ddc.jpg\" \/>\n\t<meta property=\"og:image:width\" content=\"720\" \/>\n\t<meta property=\"og:image:height\" content=\"372\" \/>\n\t<meta property=\"og:image:type\" content=\"image\/jpeg\" \/>\n<meta name=\"author\" content=\"Sidney Rocha\" \/>\n<meta name=\"twitter:card\" content=\"summary_large_image\" \/>\n<meta name=\"twitter:label1\" content=\"Escrito por\" \/>\n\t<meta name=\"twitter:data1\" content=\"Sidney Rocha\" \/>\n\t<meta name=\"twitter:label2\" content=\"Tempo estimado de leitura\" \/>\n\t<meta name=\"twitter:data2\" content=\"2 minutos\" \/>\n<script type=\"application\/ld+json\" class=\"yoast-schema-graph\">{\"@context\":\"https:\/\/schema.org\",\"@graph\":[{\"@type\":\"Article\",\"@id\":\"https:\/\/seconci.com.br\/site\/2020\/07\/27\/equipe-de-saude-do-seconci-rio-alerta-para-importancia-da-odontologia-como-instrumento-de-saude\/#article\",\"isPartOf\":{\"@id\":\"https:\/\/seconci.com.br\/site\/2020\/07\/27\/equipe-de-saude-do-seconci-rio-alerta-para-importancia-da-odontologia-como-instrumento-de-saude\/\"},\"author\":{\"name\":\"Sidney Rocha\",\"@id\":\"https:\/\/seconci.com.br\/site\/#\/schema\/person\/1d79afd97ddc8f2c68c1e88e298aa8e2\"},\"headline\":\"Equipe de sa\u00fade do Seconci-Rio alerta para import\u00e2ncia da odontologia como instrumento de sa\u00fade\",\"datePublished\":\"2020-07-27T12:28:26+00:00\",\"dateModified\":\"2020-07-27T14:53:00+00:00\",\"mainEntityOfPage\":{\"@id\":\"https:\/\/seconci.com.br\/site\/2020\/07\/27\/equipe-de-saude-do-seconci-rio-alerta-para-importancia-da-odontologia-como-instrumento-de-saude\/\"},\"wordCount\":403,\"publisher\":{\"@id\":\"https:\/\/seconci.com.br\/site\/#organization\"},\"image\":{\"@id\":\"https:\/\/seconci.com.br\/site\/2020\/07\/27\/equipe-de-saude-do-seconci-rio-alerta-para-importancia-da-odontologia-como-instrumento-de-saude\/#primaryimage\"},\"thumbnailUrl\":\"https:\/\/seconci.com.br\/site\/wp-content\/uploads\/2020\/07\/2bb8e5a8-e829-4ab3-98b3-019888463ddc.jpg\",\"articleSection\":[\"Seconci Rio de Janeiro\"],\"inLanguage\":\"pt-PT\"},{\"@type\":\"WebPage\",\"@id\":\"https:\/\/seconci.com.br\/site\/2020\/07\/27\/equipe-de-saude-do-seconci-rio-alerta-para-importancia-da-odontologia-como-instrumento-de-saude\/\",\"url\":\"https:\/\/seconci.com.br\/site\/2020\/07\/27\/equipe-de-saude-do-seconci-rio-alerta-para-importancia-da-odontologia-como-instrumento-de-saude\/\",\"name\":\"Equipe de sa\u00fade do Seconci-Rio alerta para import\u00e2ncia da odontologia como instrumento de sa\u00fade - Seconci Brasil\",\"isPartOf\":{\"@id\":\"https:\/\/seconci.com.br\/site\/#website\"},\"primaryImageOfPage\":{\"@id\":\"https:\/\/seconci.com.br\/site\/2020\/07\/27\/equipe-de-saude-do-seconci-rio-alerta-para-importancia-da-odontologia-como-instrumento-de-saude\/#primaryimage\"},\"image\":{\"@id\":\"https:\/\/seconci.com.br\/site\/2020\/07\/27\/equipe-de-saude-do-seconci-rio-alerta-para-importancia-da-odontologia-como-instrumento-de-saude\/#primaryimage\"},\"thumbnailUrl\":\"https:\/\/seconci.com.br\/site\/wp-content\/uploads\/2020\/07\/2bb8e5a8-e829-4ab3-98b3-019888463ddc.jpg\",\"datePublished\":\"2020-07-27T12:28:26+00:00\",\"dateModified\":\"2020-07-27T14:53:00+00:00\",\"breadcrumb\":{\"@id\":\"https:\/\/seconci.com.br\/site\/2020\/07\/27\/equipe-de-saude-do-seconci-rio-alerta-para-importancia-da-odontologia-como-instrumento-de-saude\/#breadcrumb\"},\"inLanguage\":\"pt-PT\",\"potentialAction\":[{\"@type\":\"ReadAction\",\"target\":[\"https:\/\/seconci.com.br\/site\/2020\/07\/27\/equipe-de-saude-do-seconci-rio-alerta-para-importancia-da-odontologia-como-instrumento-de-saude\/\"]}]},{\"@type\":\"ImageObject\",\"inLanguage\":\"pt-PT\",\"@id\":\"https:\/\/seconci.com.br\/site\/2020\/07\/27\/equipe-de-saude-do-seconci-rio-alerta-para-importancia-da-odontologia-como-instrumento-de-saude\/#primaryimage\",\"url\":\"https:\/\/seconci.com.br\/site\/wp-content\/uploads\/2020\/07\/2bb8e5a8-e829-4ab3-98b3-019888463ddc.jpg\",\"contentUrl\":\"https:\/\/seconci.com.br\/site\/wp-content\/uploads\/2020\/07\/2bb8e5a8-e829-4ab3-98b3-019888463ddc.jpg\",\"width\":720,\"height\":372},{\"@type\":\"BreadcrumbList\",\"@id\":\"https:\/\/seconci.com.br\/site\/2020\/07\/27\/equipe-de-saude-do-seconci-rio-alerta-para-importancia-da-odontologia-como-instrumento-de-saude\/#breadcrumb\",\"itemListElement\":[{\"@type\":\"ListItem\",\"position\":1,\"name\":\"In\u00edcio\",\"item\":\"https:\/\/seconci.com.br\/site\/\"},{\"@type\":\"ListItem\",\"position\":2,\"name\":\"Equipe de sa\u00fade do Seconci-Rio alerta para import\u00e2ncia da odontologia como instrumento de sa\u00fade\"}]},{\"@type\":\"WebSite\",\"@id\":\"https:\/\/seconci.com.br\/site\/#website\",\"url\":\"https:\/\/seconci.com.br\/site\/\",\"name\":\"Seconci Brasil\",\"description\":\"\",\"publisher\":{\"@id\":\"https:\/\/seconci.com.br\/site\/#organization\"},\"potentialAction\":[{\"@type\":\"SearchAction\",\"target\":{\"@type\":\"EntryPoint\",\"urlTemplate\":\"https:\/\/seconci.com.br\/site\/?s={search_term_string}\"},\"query-input\":{\"@type\":\"PropertyValueSpecification\",\"valueRequired\":true,\"valueName\":\"search_term_string\"}}],\"inLanguage\":\"pt-PT\"},{\"@type\":\"Organization\",\"@id\":\"https:\/\/seconci.com.br\/site\/#organization\",\"name\":\"Seconci Brasil\",\"url\":\"https:\/\/seconci.com.br\/site\/\",\"logo\":{\"@type\":\"ImageObject\",\"inLanguage\":\"pt-PT\",\"@id\":\"https:\/\/seconci.com.br\/site\/#\/schema\/logo\/image\/\",\"url\":\"https:\/\/seconci.com.br\/site\/wp-content\/uploads\/2024\/08\/Logo-Seconci-Brasil-branca-2.png\",\"contentUrl\":\"https:\/\/seconci.com.br\/site\/wp-content\/uploads\/2024\/08\/Logo-Seconci-Brasil-branca-2.png\",\"width\":1315,\"height\":598,\"caption\":\"Seconci Brasil\"},\"image\":{\"@id\":\"https:\/\/seconci.com.br\/site\/#\/schema\/logo\/image\/\"}},{\"@type\":\"Person\",\"@id\":\"https:\/\/seconci.com.br\/site\/#\/schema\/person\/1d79afd97ddc8f2c68c1e88e298aa8e2\",\"name\":\"Sidney Rocha\",\"description\":\"Comunicador e estagi\u00e1rio do Seconci Brasil.\",\"url\":\"https:\/\/seconci.com.br\/site\/author\/sidney-rocha\/\"}]}<\/script>\n<!-- \/ Yoast SEO plugin. -->","yoast_head_json":{"title":"Equipe de sa\u00fade do Seconci-Rio alerta para import\u00e2ncia da odontologia como instrumento de sa\u00fade - Seconci Brasil","robots":{"index":"index","follow":"follow","max-snippet":"max-snippet:-1","max-image-preview":"max-image-preview:large","max-video-preview":"max-video-preview:-1"},"canonical":"https:\/\/seconci.com.br\/site\/2020\/07\/27\/equipe-de-saude-do-seconci-rio-alerta-para-importancia-da-odontologia-como-instrumento-de-saude\/","og_locale":"pt_PT","og_type":"article","og_title":"Equipe de sa\u00fade do Seconci-Rio alerta para import\u00e2ncia da odontologia como instrumento de sa\u00fade - Seconci Brasil","og_description":"A sa\u00fade come\u00e7a pela boca. Com essa afirma\u00e7\u00e3o, o supervisor do servi\u00e7o de odontologia do Seconci-Rio, dr. Leonardo Vieira, falou, na \u00faltima quinta-feira (23), sobre o papel do paciente na preven\u00e7\u00e3o de doen\u00e7as bucais e da import\u00e2ncia do olhar sist\u00eamico\u00a0 do dentista durante as consultas, em webinar realizado pelo canal do YouTube da entidade. De [&hellip;]","og_url":"https:\/\/seconci.com.br\/site\/2020\/07\/27\/equipe-de-saude-do-seconci-rio-alerta-para-importancia-da-odontologia-como-instrumento-de-saude\/","og_site_name":"Seconci Brasil","article_published_time":"2020-07-27T12:28:26+00:00","article_modified_time":"2020-07-27T14:53:00+00:00","og_image":[{"width":720,"height":372,"url":"https:\/\/seconci.com.br\/site\/wp-content\/uploads\/2020\/07\/2bb8e5a8-e829-4ab3-98b3-019888463ddc.jpg","type":"image\/jpeg"}],"author":"Sidney Rocha","twitter_card":"summary_large_image","twitter_misc":{"Escrito por":"Sidney Rocha","Tempo estimado de leitura":"2 minutos"},"schema":{"@context":"https:\/\/schema.org","@graph":[{"@type":"Article","@id":"https:\/\/seconci.com.br\/site\/2020\/07\/27\/equipe-de-saude-do-seconci-rio-alerta-para-importancia-da-odontologia-como-instrumento-de-saude\/#article","isPartOf":{"@id":"https:\/\/seconci.com.br\/site\/2020\/07\/27\/equipe-de-saude-do-seconci-rio-alerta-para-importancia-da-odontologia-como-instrumento-de-saude\/"},"author":{"name":"Sidney Rocha","@id":"https:\/\/seconci.com.br\/site\/#\/schema\/person\/1d79afd97ddc8f2c68c1e88e298aa8e2"},"headline":"Equipe de sa\u00fade do Seconci-Rio alerta para import\u00e2ncia da odontologia como instrumento de sa\u00fade","datePublished":"2020-07-27T12:28:26+00:00","dateModified":"2020-07-27T14:53:00+00:00","mainEntityOfPage":{"@id":"https:\/\/seconci.com.br\/site\/2020\/07\/27\/equipe-de-saude-do-seconci-rio-alerta-para-importancia-da-odontologia-como-instrumento-de-saude\/"},"wordCount":403,"publisher":{"@id":"https:\/\/seconci.com.br\/site\/#organization"},"image":{"@id":"https:\/\/seconci.com.br\/site\/2020\/07\/27\/equipe-de-saude-do-seconci-rio-alerta-para-importancia-da-odontologia-como-instrumento-de-saude\/#primaryimage"},"thumbnailUrl":"https:\/\/seconci.com.br\/site\/wp-content\/uploads\/2020\/07\/2bb8e5a8-e829-4ab3-98b3-019888463ddc.jpg","articleSection":["Seconci Rio de Janeiro"],"inLanguage":"pt-PT"},{"@type":"WebPage","@id":"https:\/\/seconci.com.br\/site\/2020\/07\/27\/equipe-de-saude-do-seconci-rio-alerta-para-importancia-da-odontologia-como-instrumento-de-saude\/","url":"https:\/\/seconci.com.br\/site\/2020\/07\/27\/equipe-de-saude-do-seconci-rio-alerta-para-importancia-da-odontologia-como-instrumento-de-saude\/","name":"Equipe de sa\u00fade do Seconci-Rio alerta para import\u00e2ncia da odontologia como instrumento de sa\u00fade - Seconci Brasil","isPartOf":{"@id":"https:\/\/seconci.com.br\/site\/#website"},"primaryImageOfPage":{"@id":"https:\/\/seconci.com.br\/site\/2020\/07\/27\/equipe-de-saude-do-seconci-rio-alerta-para-importancia-da-odontologia-como-instrumento-de-saude\/#primaryimage"},"image":{"@id":"https:\/\/seconci.com.br\/site\/2020\/07\/27\/equipe-de-saude-do-seconci-rio-alerta-para-importancia-da-odontologia-como-instrumento-de-saude\/#primaryimage"},"thumbnailUrl":"https:\/\/seconci.com.br\/site\/wp-content\/uploads\/2020\/07\/2bb8e5a8-e829-4ab3-98b3-019888463ddc.jpg","datePublished":"2020-07-27T12:28:26+00:00","dateModified":"2020-07-27T14:53:00+00:00","breadcrumb":{"@id":"https:\/\/seconci.com.br\/site\/2020\/07\/27\/equipe-de-saude-do-seconci-rio-alerta-para-importancia-da-odontologia-como-instrumento-de-saude\/#breadcrumb"},"inLanguage":"pt-PT","potentialAction":[{"@type":"ReadAction","target":["https:\/\/seconci.com.br\/site\/2020\/07\/27\/equipe-de-saude-do-seconci-rio-alerta-para-importancia-da-odontologia-como-instrumento-de-saude\/"]}]},{"@type":"ImageObject","inLanguage":"pt-PT","@id":"https:\/\/seconci.com.br\/site\/2020\/07\/27\/equipe-de-saude-do-seconci-rio-alerta-para-importancia-da-odontologia-como-instrumento-de-saude\/#primaryimage","url":"https:\/\/seconci.com.br\/site\/wp-content\/uploads\/2020\/07\/2bb8e5a8-e829-4ab3-98b3-019888463ddc.jpg","contentUrl":"https:\/\/seconci.com.br\/site\/wp-content\/uploads\/2020\/07\/2bb8e5a8-e829-4ab3-98b3-019888463ddc.jpg","width":720,"height":372},{"@type":"BreadcrumbList","@id":"https:\/\/seconci.com.br\/site\/2020\/07\/27\/equipe-de-saude-do-seconci-rio-alerta-para-importancia-da-odontologia-como-instrumento-de-saude\/#breadcrumb","itemListElement":[{"@type":"ListItem","position":1,"name":"In\u00edcio","item":"https:\/\/seconci.com.br\/site\/"},{"@type":"ListItem","position":2,"name":"Equipe de sa\u00fade do Seconci-Rio alerta para import\u00e2ncia da odontologia como instrumento de sa\u00fade"}]},{"@type":"WebSite","@id":"https:\/\/seconci.com.br\/site\/#website","url":"https:\/\/seconci.com.br\/site\/","name":"Seconci Brasil","description":"","publisher":{"@id":"https:\/\/seconci.com.br\/site\/#organization"},"potentialAction":[{"@type":"SearchAction","target":{"@type":"EntryPoint","urlTemplate":"https:\/\/seconci.com.br\/site\/?s={search_term_string}"},"query-input":{"@type":"PropertyValueSpecification","valueRequired":true,"valueName":"search_term_string"}}],"inLanguage":"pt-PT"},{"@type":"Organization","@id":"https:\/\/seconci.com.br\/site\/#organization","name":"Seconci Brasil","url":"https:\/\/seconci.com.br\/site\/","logo":{"@type":"ImageObject","inLanguage":"pt-PT","@id":"https:\/\/seconci.com.br\/site\/#\/schema\/logo\/image\/","url":"https:\/\/seconci.com.br\/site\/wp-content\/uploads\/2024\/08\/Logo-Seconci-Brasil-branca-2.png","contentUrl":"https:\/\/seconci.com.br\/site\/wp-content\/uploads\/2024\/08\/Logo-Seconci-Brasil-branca-2.png","width":1315,"height":598,"caption":"Seconci Brasil"},"image":{"@id":"https:\/\/seconci.com.br\/site\/#\/schema\/logo\/image\/"}},{"@type":"Person","@id":"https:\/\/seconci.com.br\/site\/#\/schema\/person\/1d79afd97ddc8f2c68c1e88e298aa8e2","name":"Sidney Rocha","description":"Comunicador e estagi\u00e1rio do Seconci Brasil.","url":"https:\/\/seconci.com.br\/site\/author\/sidney-rocha\/"}]}},"_links":{"self":[{"href":"https:\/\/seconci.com.br\/site\/wp-json\/wp\/v2\/posts\/9906","targetHints":{"allow":["GET"]}}],"collection":[{"href":"https:\/\/seconci.com.br\/site\/wp-json\/wp\/v2\/posts"}],"about":[{"href":"https:\/\/seconci.com.br\/site\/wp-json\/wp\/v2\/types\/post"}],"author":[{"embeddable":true,"href":"https:\/\/seconci.com.br\/site\/wp-json\/wp\/v2\/users\/3"}],"replies":[{"embeddable":true,"href":"https:\/\/seconci.com.br\/site\/wp-json\/wp\/v2\/comments?post=9906"}],"version-history":[{"count":0,"href":"https:\/\/seconci.com.br\/site\/wp-json\/wp\/v2\/posts\/9906\/revisions"}],"wp:featuredmedia":[{"embeddable":true,"href":"https:\/\/seconci.com.br\/site\/wp-json\/wp\/v2\/media\/9907"}],"wp:attachment":[{"href":"https:\/\/seconci.com.br\/site\/wp-json\/wp\/v2\/media?parent=9906"}],"wp:term":[{"taxonomy":"category","embeddable":true,"href":"https:\/\/seconci.com.br\/site\/wp-json\/wp\/v2\/categories?post=9906"},{"taxonomy":"post_tag","embeddable":true,"href":"https:\/\/seconci.com.br\/site\/wp-json\/wp\/v2\/tags?post=9906"}],"curies":[{"name":"wp","href":"https:\/\/api.w.org\/{rel}","templated":true}]}}