{"id":9921,"date":"2020-07-29T12:29:10","date_gmt":"2020-07-29T12:29:10","guid":{"rendered":"https:\/\/seconci.com.br\/site\/?p=9921"},"modified":"2020-07-29T12:29:10","modified_gmt":"2020-07-29T12:29:10","slug":"pesquisa-sinduscon-sp-seconci-sp-mostra-100-de-fornecimento-de-mascaras-nos-canteiros","status":"publish","type":"post","link":"https:\/\/seconci.com.br\/site\/2020\/07\/29\/pesquisa-sinduscon-sp-seconci-sp-mostra-100-de-fornecimento-de-mascaras-nos-canteiros\/","title":{"rendered":"Pesquisa SindusCon-SP\/Seconci-SP mostra 100% de fornecimento de m\u00e1scaras nos canteiros"},"content":{"rendered":"<p style=\"text-align: justify;\"><em>Contamina\u00e7\u00e3o por Covid-19 segue reduzida; casos suspeitos t\u00eam ligeira eleva\u00e7\u00e3o<\/em><\/p>\n<div style=\"text-align: justify;\">A totalidade das construtoras entrevistadas na 11\u00aa Pesquisa \u201cConhecendo as A\u00e7\u00f5es das Construtoras Paulistas no Combate \u00e0 Covid-19\u201d informa estar distribuindo m\u00e1scaras para utiliza\u00e7\u00e3o nas obras e tamb\u00e9m para o transporte. Realizada pelo SindusCon-SP e pelo Seconci-SP, a enquete semanal segue mostrando reduzido percentual de contamina\u00e7\u00e3o por Covid-19 nos canteiros de obras no Estado de S\u00e3o Paulo, por\u00e9m ligeira eleva\u00e7\u00e3o de casos suspeitos.<\/div>\n<div style=\"text-align: justify;\"><\/div>\n<div style=\"text-align: justify;\">Os presidentes do SindusCon-SP, Odair Senra, e do Seconci-SP, Haruo Ishikawa, consideram muito positiva a disponibiliza\u00e7\u00e3o das m\u00e1scaras e alertam para a necessidade de seu descarte correto, sempre em lixo fechado, como o do banheiro.<\/div>\n<div style=\"text-align: justify;\"><\/div>\n<div style=\"text-align: justify;\">Os dirigentes refor\u00e7am a necessidade de vigil\u00e2ncia constante para a observ\u00e2ncia das demais medidas, como a higieniza\u00e7\u00e3o constante de m\u00e3os, ferramentas e EPIs (Equipamentos de Prote\u00e7\u00e3o Individual), e o distanciamento entre os trabalhadores nas obras e nas \u00e1reas de viv\u00eancia.<\/div>\n<div style=\"text-align: justify;\"><\/div>\n<div style=\"text-align: justify;\">Nesta 11\u00aa rodada, foram obtidas respostas de 38 empresas, respons\u00e1veis por 459 obras, envolvendo 29.963 empregos diretos e terceirizados, de 16 a 22 de julho.\u00a0\u00a0Principais resultados da 11\u00aa Pesquisa:<\/div>\n<ul style=\"text-align: justify;\">\n<li>2,8% afastados por suspeita de Covid-19;<\/li>\n<li>1% afastados por confirma\u00e7\u00e3o da doen\u00e7a;<\/li>\n<li>454 obras em andamento e 5 paradas;<\/li>\n<li>94% do pessoal est\u00e3o em atividade;<\/li>\n<li>100% das empresas adotam medi\u00e7\u00e3o de temperatura e higieniza\u00e7\u00e3o das m\u00e3os, d\u00e3o orienta\u00e7\u00f5es di\u00e1rias sobre preven\u00e7\u00e3o, higienizam e realizam demarca\u00e7\u00f5es em \u00e1reas de viv\u00eancia, fornecem m\u00e1scaras para o transporte e para utiliza\u00e7\u00e3o na obra, e afixam informativos impressos sobre a Covid-19 nos locais de circula\u00e7\u00e3o;<\/li>\n<li>97% realizam limpeza dos Equipamentos de Prote\u00e7\u00e3o Individual e orientam a respeito, e instituem hor\u00e1rios escalonados para entrada, sa\u00edda e refei\u00e7\u00f5es;<\/li>\n<li>95% realizam outras pr\u00e1ticas para a preven\u00e7\u00e3o da contamina\u00e7\u00e3o entre os trabalhadores e a comunidade.<\/li>\n<li>92% distribuem informativos eletr\u00f4nicos de orienta\u00e7\u00e3o.<\/li>\n<\/ul>\n<div style=\"text-align: justify;\"><\/div>\n<div style=\"text-align: justify;\">Os presidentes do SindusCon-SP e do Seconci-SP reafirmam o convite para mais empresas participarem das pr\u00f3ximas rodadas da pesquisa; basta enviar um e-mail para\u00a0<a href=\"mailto:pesquisacovid-19@seconci-sp.org.br\" target=\"_blank\" rel=\"noopener noreferrer\" data-auth=\"NotApplicable\">pesquisacovid-19@seconci-sp.org.br<\/a>\u00a0e o Seconci-SP entrar\u00e1 em contato para incluir a construtora na enquete. As entidades garantem sigilo absoluto sobre as informa\u00e7\u00f5es prestadas.<\/div>\n<div style=\"text-align: justify;\"><\/div>\n<div style=\"text-align: justify;\">Veja o relat\u00f3rio completo das\u00a0<a href=\"http:\/\/www.seconci-sp.org.br\/midia\/132400823823318841.PDF?utm_source=akna&amp;utm_medium=email&amp;utm_campaign=27-07-2020-Coronavirus-Pesquisa-Seconci-SP\">cinco<\/a>\u00a0\u00faltimas rodadas da pesquisa.\u00a0\u00a0Veja o relat\u00f3rio completo das\u00a0<a href=\"http:\/\/www.seconci-sp.org.br\/midia\/132400823607538380.PDF?utm_source=akna&amp;utm_medium=email&amp;utm_campaign=27-07-2020-Coronavirus-Pesquisa-Seconci-SP\">seis<\/a>\u00a0primeiras rodadas da pesquisa.<\/div>\n<div><\/div>\n<div><em><strong>Fonte: Sinduscon-SP<\/strong><\/em><\/div>\n","protected":false},"excerpt":{"rendered":"<p>Contamina\u00e7\u00e3o por Covid-19 segue reduzida; casos suspeitos t\u00eam ligeira eleva\u00e7\u00e3o A totalidade das construtoras entrevistadas na 11\u00aa Pesquisa \u201cConhecendo as A\u00e7\u00f5es das Construtoras Paulistas no Combate \u00e0 Covid-19\u201d informa estar distribuindo m\u00e1scaras para utiliza\u00e7\u00e3o nas obras e tamb\u00e9m para o transporte. Realizada pelo SindusCon-SP e pelo Seconci-SP, a enquete semanal segue mostrando reduzido percentual de [&hellip;]<\/p>\n","protected":false},"author":3,"featured_media":9922,"comment_status":"closed","ping_status":"closed","sticky":false,"template":"","format":"standard","meta":{"footnotes":""},"categories":[87],"tags":[],"class_list":["post-9921","post","type-post","status-publish","format-standard","has-post-thumbnail","hentry","category-seconci-sao-paulo"],"yoast_head":"<!-- This site is optimized with the Yoast SEO plugin v26.9 - https:\/\/yoast.com\/product\/yoast-seo-wordpress\/ -->\n<title>Pesquisa SindusCon-SP\/Seconci-SP mostra 100% de fornecimento de m\u00e1scaras nos canteiros - Seconci Brasil<\/title>\n<meta name=\"robots\" content=\"index, follow, max-snippet:-1, max-image-preview:large, max-video-preview:-1\" \/>\n<link rel=\"canonical\" href=\"https:\/\/seconci.com.br\/site\/2020\/07\/29\/pesquisa-sinduscon-sp-seconci-sp-mostra-100-de-fornecimento-de-mascaras-nos-canteiros\/\" \/>\n<meta property=\"og:locale\" content=\"pt_PT\" \/>\n<meta property=\"og:type\" content=\"article\" \/>\n<meta property=\"og:title\" content=\"Pesquisa SindusCon-SP\/Seconci-SP mostra 100% de fornecimento de m\u00e1scaras nos canteiros - Seconci Brasil\" \/>\n<meta property=\"og:description\" content=\"Contamina\u00e7\u00e3o por Covid-19 segue reduzida; casos suspeitos t\u00eam ligeira eleva\u00e7\u00e3o A totalidade das construtoras entrevistadas na 11\u00aa Pesquisa \u201cConhecendo as A\u00e7\u00f5es das Construtoras Paulistas no Combate \u00e0 Covid-19\u201d informa estar distribuindo m\u00e1scaras para utiliza\u00e7\u00e3o nas obras e tamb\u00e9m para o transporte. Realizada pelo SindusCon-SP e pelo Seconci-SP, a enquete semanal segue mostrando reduzido percentual de [&hellip;]\" \/>\n<meta property=\"og:url\" content=\"https:\/\/seconci.com.br\/site\/2020\/07\/29\/pesquisa-sinduscon-sp-seconci-sp-mostra-100-de-fornecimento-de-mascaras-nos-canteiros\/\" \/>\n<meta property=\"og:site_name\" content=\"Seconci Brasil\" \/>\n<meta property=\"article:published_time\" content=\"2020-07-29T12:29:10+00:00\" \/>\n<meta property=\"og:image\" content=\"https:\/\/seconci.com.br\/site\/wp-content\/uploads\/2020\/07\/3695405.jpg\" \/>\n\t<meta property=\"og:image:width\" content=\"2000\" \/>\n\t<meta property=\"og:image:height\" content=\"2000\" \/>\n\t<meta property=\"og:image:type\" content=\"image\/jpeg\" \/>\n<meta name=\"author\" content=\"Sidney Rocha\" \/>\n<meta name=\"twitter:card\" content=\"summary_large_image\" \/>\n<meta name=\"twitter:label1\" content=\"Escrito por\" \/>\n\t<meta name=\"twitter:data1\" content=\"Sidney Rocha\" \/>\n\t<meta name=\"twitter:label2\" content=\"Tempo estimado de leitura\" \/>\n\t<meta name=\"twitter:data2\" content=\"2 minutos\" \/>\n<script type=\"application\/ld+json\" class=\"yoast-schema-graph\">{\"@context\":\"https:\/\/schema.org\",\"@graph\":[{\"@type\":\"Article\",\"@id\":\"https:\/\/seconci.com.br\/site\/2020\/07\/29\/pesquisa-sinduscon-sp-seconci-sp-mostra-100-de-fornecimento-de-mascaras-nos-canteiros\/#article\",\"isPartOf\":{\"@id\":\"https:\/\/seconci.com.br\/site\/2020\/07\/29\/pesquisa-sinduscon-sp-seconci-sp-mostra-100-de-fornecimento-de-mascaras-nos-canteiros\/\"},\"author\":{\"name\":\"Sidney Rocha\",\"@id\":\"https:\/\/seconci.com.br\/site\/#\/schema\/person\/1d79afd97ddc8f2c68c1e88e298aa8e2\"},\"headline\":\"Pesquisa SindusCon-SP\/Seconci-SP mostra 100% de fornecimento de m\u00e1scaras nos canteiros\",\"datePublished\":\"2020-07-29T12:29:10+00:00\",\"mainEntityOfPage\":{\"@id\":\"https:\/\/seconci.com.br\/site\/2020\/07\/29\/pesquisa-sinduscon-sp-seconci-sp-mostra-100-de-fornecimento-de-mascaras-nos-canteiros\/\"},\"wordCount\":403,\"publisher\":{\"@id\":\"https:\/\/seconci.com.br\/site\/#organization\"},\"image\":{\"@id\":\"https:\/\/seconci.com.br\/site\/2020\/07\/29\/pesquisa-sinduscon-sp-seconci-sp-mostra-100-de-fornecimento-de-mascaras-nos-canteiros\/#primaryimage\"},\"thumbnailUrl\":\"https:\/\/seconci.com.br\/site\/wp-content\/uploads\/2020\/07\/3695405.jpg\",\"articleSection\":[\"Seconci S\u00e3o Paulo\"],\"inLanguage\":\"pt-PT\"},{\"@type\":\"WebPage\",\"@id\":\"https:\/\/seconci.com.br\/site\/2020\/07\/29\/pesquisa-sinduscon-sp-seconci-sp-mostra-100-de-fornecimento-de-mascaras-nos-canteiros\/\",\"url\":\"https:\/\/seconci.com.br\/site\/2020\/07\/29\/pesquisa-sinduscon-sp-seconci-sp-mostra-100-de-fornecimento-de-mascaras-nos-canteiros\/\",\"name\":\"Pesquisa SindusCon-SP\/Seconci-SP mostra 100% de fornecimento de m\u00e1scaras nos canteiros - Seconci Brasil\",\"isPartOf\":{\"@id\":\"https:\/\/seconci.com.br\/site\/#website\"},\"primaryImageOfPage\":{\"@id\":\"https:\/\/seconci.com.br\/site\/2020\/07\/29\/pesquisa-sinduscon-sp-seconci-sp-mostra-100-de-fornecimento-de-mascaras-nos-canteiros\/#primaryimage\"},\"image\":{\"@id\":\"https:\/\/seconci.com.br\/site\/2020\/07\/29\/pesquisa-sinduscon-sp-seconci-sp-mostra-100-de-fornecimento-de-mascaras-nos-canteiros\/#primaryimage\"},\"thumbnailUrl\":\"https:\/\/seconci.com.br\/site\/wp-content\/uploads\/2020\/07\/3695405.jpg\",\"datePublished\":\"2020-07-29T12:29:10+00:00\",\"breadcrumb\":{\"@id\":\"https:\/\/seconci.com.br\/site\/2020\/07\/29\/pesquisa-sinduscon-sp-seconci-sp-mostra-100-de-fornecimento-de-mascaras-nos-canteiros\/#breadcrumb\"},\"inLanguage\":\"pt-PT\",\"potentialAction\":[{\"@type\":\"ReadAction\",\"target\":[\"https:\/\/seconci.com.br\/site\/2020\/07\/29\/pesquisa-sinduscon-sp-seconci-sp-mostra-100-de-fornecimento-de-mascaras-nos-canteiros\/\"]}]},{\"@type\":\"ImageObject\",\"inLanguage\":\"pt-PT\",\"@id\":\"https:\/\/seconci.com.br\/site\/2020\/07\/29\/pesquisa-sinduscon-sp-seconci-sp-mostra-100-de-fornecimento-de-mascaras-nos-canteiros\/#primaryimage\",\"url\":\"https:\/\/seconci.com.br\/site\/wp-content\/uploads\/2020\/07\/3695405.jpg\",\"contentUrl\":\"https:\/\/seconci.com.br\/site\/wp-content\/uploads\/2020\/07\/3695405.jpg\",\"width\":2000,\"height\":2000},{\"@type\":\"BreadcrumbList\",\"@id\":\"https:\/\/seconci.com.br\/site\/2020\/07\/29\/pesquisa-sinduscon-sp-seconci-sp-mostra-100-de-fornecimento-de-mascaras-nos-canteiros\/#breadcrumb\",\"itemListElement\":[{\"@type\":\"ListItem\",\"position\":1,\"name\":\"In\u00edcio\",\"item\":\"https:\/\/seconci.com.br\/site\/\"},{\"@type\":\"ListItem\",\"position\":2,\"name\":\"Pesquisa SindusCon-SP\/Seconci-SP mostra 100% de fornecimento de m\u00e1scaras nos canteiros\"}]},{\"@type\":\"WebSite\",\"@id\":\"https:\/\/seconci.com.br\/site\/#website\",\"url\":\"https:\/\/seconci.com.br\/site\/\",\"name\":\"Seconci Brasil\",\"description\":\"\",\"publisher\":{\"@id\":\"https:\/\/seconci.com.br\/site\/#organization\"},\"potentialAction\":[{\"@type\":\"SearchAction\",\"target\":{\"@type\":\"EntryPoint\",\"urlTemplate\":\"https:\/\/seconci.com.br\/site\/?s={search_term_string}\"},\"query-input\":{\"@type\":\"PropertyValueSpecification\",\"valueRequired\":true,\"valueName\":\"search_term_string\"}}],\"inLanguage\":\"pt-PT\"},{\"@type\":\"Organization\",\"@id\":\"https:\/\/seconci.com.br\/site\/#organization\",\"name\":\"Seconci Brasil\",\"url\":\"https:\/\/seconci.com.br\/site\/\",\"logo\":{\"@type\":\"ImageObject\",\"inLanguage\":\"pt-PT\",\"@id\":\"https:\/\/seconci.com.br\/site\/#\/schema\/logo\/image\/\",\"url\":\"https:\/\/seconci.com.br\/site\/wp-content\/uploads\/2024\/08\/Logo-Seconci-Brasil-branca-2.png\",\"contentUrl\":\"https:\/\/seconci.com.br\/site\/wp-content\/uploads\/2024\/08\/Logo-Seconci-Brasil-branca-2.png\",\"width\":1315,\"height\":598,\"caption\":\"Seconci Brasil\"},\"image\":{\"@id\":\"https:\/\/seconci.com.br\/site\/#\/schema\/logo\/image\/\"}},{\"@type\":\"Person\",\"@id\":\"https:\/\/seconci.com.br\/site\/#\/schema\/person\/1d79afd97ddc8f2c68c1e88e298aa8e2\",\"name\":\"Sidney Rocha\",\"description\":\"Comunicador e estagi\u00e1rio do Seconci Brasil.\",\"url\":\"https:\/\/seconci.com.br\/site\/author\/sidney-rocha\/\"}]}<\/script>\n<!-- \/ Yoast SEO plugin. -->","yoast_head_json":{"title":"Pesquisa SindusCon-SP\/Seconci-SP mostra 100% de fornecimento de m\u00e1scaras nos canteiros - Seconci Brasil","robots":{"index":"index","follow":"follow","max-snippet":"max-snippet:-1","max-image-preview":"max-image-preview:large","max-video-preview":"max-video-preview:-1"},"canonical":"https:\/\/seconci.com.br\/site\/2020\/07\/29\/pesquisa-sinduscon-sp-seconci-sp-mostra-100-de-fornecimento-de-mascaras-nos-canteiros\/","og_locale":"pt_PT","og_type":"article","og_title":"Pesquisa SindusCon-SP\/Seconci-SP mostra 100% de fornecimento de m\u00e1scaras nos canteiros - Seconci Brasil","og_description":"Contamina\u00e7\u00e3o por Covid-19 segue reduzida; casos suspeitos t\u00eam ligeira eleva\u00e7\u00e3o A totalidade das construtoras entrevistadas na 11\u00aa Pesquisa \u201cConhecendo as A\u00e7\u00f5es das Construtoras Paulistas no Combate \u00e0 Covid-19\u201d informa estar distribuindo m\u00e1scaras para utiliza\u00e7\u00e3o nas obras e tamb\u00e9m para o transporte. Realizada pelo SindusCon-SP e pelo Seconci-SP, a enquete semanal segue mostrando reduzido percentual de [&hellip;]","og_url":"https:\/\/seconci.com.br\/site\/2020\/07\/29\/pesquisa-sinduscon-sp-seconci-sp-mostra-100-de-fornecimento-de-mascaras-nos-canteiros\/","og_site_name":"Seconci Brasil","article_published_time":"2020-07-29T12:29:10+00:00","og_image":[{"width":2000,"height":2000,"url":"https:\/\/seconci.com.br\/site\/wp-content\/uploads\/2020\/07\/3695405.jpg","type":"image\/jpeg"}],"author":"Sidney Rocha","twitter_card":"summary_large_image","twitter_misc":{"Escrito por":"Sidney Rocha","Tempo estimado de leitura":"2 minutos"},"schema":{"@context":"https:\/\/schema.org","@graph":[{"@type":"Article","@id":"https:\/\/seconci.com.br\/site\/2020\/07\/29\/pesquisa-sinduscon-sp-seconci-sp-mostra-100-de-fornecimento-de-mascaras-nos-canteiros\/#article","isPartOf":{"@id":"https:\/\/seconci.com.br\/site\/2020\/07\/29\/pesquisa-sinduscon-sp-seconci-sp-mostra-100-de-fornecimento-de-mascaras-nos-canteiros\/"},"author":{"name":"Sidney Rocha","@id":"https:\/\/seconci.com.br\/site\/#\/schema\/person\/1d79afd97ddc8f2c68c1e88e298aa8e2"},"headline":"Pesquisa SindusCon-SP\/Seconci-SP mostra 100% de fornecimento de m\u00e1scaras nos canteiros","datePublished":"2020-07-29T12:29:10+00:00","mainEntityOfPage":{"@id":"https:\/\/seconci.com.br\/site\/2020\/07\/29\/pesquisa-sinduscon-sp-seconci-sp-mostra-100-de-fornecimento-de-mascaras-nos-canteiros\/"},"wordCount":403,"publisher":{"@id":"https:\/\/seconci.com.br\/site\/#organization"},"image":{"@id":"https:\/\/seconci.com.br\/site\/2020\/07\/29\/pesquisa-sinduscon-sp-seconci-sp-mostra-100-de-fornecimento-de-mascaras-nos-canteiros\/#primaryimage"},"thumbnailUrl":"https:\/\/seconci.com.br\/site\/wp-content\/uploads\/2020\/07\/3695405.jpg","articleSection":["Seconci S\u00e3o Paulo"],"inLanguage":"pt-PT"},{"@type":"WebPage","@id":"https:\/\/seconci.com.br\/site\/2020\/07\/29\/pesquisa-sinduscon-sp-seconci-sp-mostra-100-de-fornecimento-de-mascaras-nos-canteiros\/","url":"https:\/\/seconci.com.br\/site\/2020\/07\/29\/pesquisa-sinduscon-sp-seconci-sp-mostra-100-de-fornecimento-de-mascaras-nos-canteiros\/","name":"Pesquisa SindusCon-SP\/Seconci-SP mostra 100% de fornecimento de m\u00e1scaras nos canteiros - Seconci Brasil","isPartOf":{"@id":"https:\/\/seconci.com.br\/site\/#website"},"primaryImageOfPage":{"@id":"https:\/\/seconci.com.br\/site\/2020\/07\/29\/pesquisa-sinduscon-sp-seconci-sp-mostra-100-de-fornecimento-de-mascaras-nos-canteiros\/#primaryimage"},"image":{"@id":"https:\/\/seconci.com.br\/site\/2020\/07\/29\/pesquisa-sinduscon-sp-seconci-sp-mostra-100-de-fornecimento-de-mascaras-nos-canteiros\/#primaryimage"},"thumbnailUrl":"https:\/\/seconci.com.br\/site\/wp-content\/uploads\/2020\/07\/3695405.jpg","datePublished":"2020-07-29T12:29:10+00:00","breadcrumb":{"@id":"https:\/\/seconci.com.br\/site\/2020\/07\/29\/pesquisa-sinduscon-sp-seconci-sp-mostra-100-de-fornecimento-de-mascaras-nos-canteiros\/#breadcrumb"},"inLanguage":"pt-PT","potentialAction":[{"@type":"ReadAction","target":["https:\/\/seconci.com.br\/site\/2020\/07\/29\/pesquisa-sinduscon-sp-seconci-sp-mostra-100-de-fornecimento-de-mascaras-nos-canteiros\/"]}]},{"@type":"ImageObject","inLanguage":"pt-PT","@id":"https:\/\/seconci.com.br\/site\/2020\/07\/29\/pesquisa-sinduscon-sp-seconci-sp-mostra-100-de-fornecimento-de-mascaras-nos-canteiros\/#primaryimage","url":"https:\/\/seconci.com.br\/site\/wp-content\/uploads\/2020\/07\/3695405.jpg","contentUrl":"https:\/\/seconci.com.br\/site\/wp-content\/uploads\/2020\/07\/3695405.jpg","width":2000,"height":2000},{"@type":"BreadcrumbList","@id":"https:\/\/seconci.com.br\/site\/2020\/07\/29\/pesquisa-sinduscon-sp-seconci-sp-mostra-100-de-fornecimento-de-mascaras-nos-canteiros\/#breadcrumb","itemListElement":[{"@type":"ListItem","position":1,"name":"In\u00edcio","item":"https:\/\/seconci.com.br\/site\/"},{"@type":"ListItem","position":2,"name":"Pesquisa SindusCon-SP\/Seconci-SP mostra 100% de fornecimento de m\u00e1scaras nos canteiros"}]},{"@type":"WebSite","@id":"https:\/\/seconci.com.br\/site\/#website","url":"https:\/\/seconci.com.br\/site\/","name":"Seconci Brasil","description":"","publisher":{"@id":"https:\/\/seconci.com.br\/site\/#organization"},"potentialAction":[{"@type":"SearchAction","target":{"@type":"EntryPoint","urlTemplate":"https:\/\/seconci.com.br\/site\/?s={search_term_string}"},"query-input":{"@type":"PropertyValueSpecification","valueRequired":true,"valueName":"search_term_string"}}],"inLanguage":"pt-PT"},{"@type":"Organization","@id":"https:\/\/seconci.com.br\/site\/#organization","name":"Seconci Brasil","url":"https:\/\/seconci.com.br\/site\/","logo":{"@type":"ImageObject","inLanguage":"pt-PT","@id":"https:\/\/seconci.com.br\/site\/#\/schema\/logo\/image\/","url":"https:\/\/seconci.com.br\/site\/wp-content\/uploads\/2024\/08\/Logo-Seconci-Brasil-branca-2.png","contentUrl":"https:\/\/seconci.com.br\/site\/wp-content\/uploads\/2024\/08\/Logo-Seconci-Brasil-branca-2.png","width":1315,"height":598,"caption":"Seconci Brasil"},"image":{"@id":"https:\/\/seconci.com.br\/site\/#\/schema\/logo\/image\/"}},{"@type":"Person","@id":"https:\/\/seconci.com.br\/site\/#\/schema\/person\/1d79afd97ddc8f2c68c1e88e298aa8e2","name":"Sidney Rocha","description":"Comunicador e estagi\u00e1rio do Seconci Brasil.","url":"https:\/\/seconci.com.br\/site\/author\/sidney-rocha\/"}]}},"_links":{"self":[{"href":"https:\/\/seconci.com.br\/site\/wp-json\/wp\/v2\/posts\/9921","targetHints":{"allow":["GET"]}}],"collection":[{"href":"https:\/\/seconci.com.br\/site\/wp-json\/wp\/v2\/posts"}],"about":[{"href":"https:\/\/seconci.com.br\/site\/wp-json\/wp\/v2\/types\/post"}],"author":[{"embeddable":true,"href":"https:\/\/seconci.com.br\/site\/wp-json\/wp\/v2\/users\/3"}],"replies":[{"embeddable":true,"href":"https:\/\/seconci.com.br\/site\/wp-json\/wp\/v2\/comments?post=9921"}],"version-history":[{"count":0,"href":"https:\/\/seconci.com.br\/site\/wp-json\/wp\/v2\/posts\/9921\/revisions"}],"wp:featuredmedia":[{"embeddable":true,"href":"https:\/\/seconci.com.br\/site\/wp-json\/wp\/v2\/media\/9922"}],"wp:attachment":[{"href":"https:\/\/seconci.com.br\/site\/wp-json\/wp\/v2\/media?parent=9921"}],"wp:term":[{"taxonomy":"category","embeddable":true,"href":"https:\/\/seconci.com.br\/site\/wp-json\/wp\/v2\/categories?post=9921"},{"taxonomy":"post_tag","embeddable":true,"href":"https:\/\/seconci.com.br\/site\/wp-json\/wp\/v2\/tags?post=9921"}],"curies":[{"name":"wp","href":"https:\/\/api.w.org\/{rel}","templated":true}]}}