{"id":9930,"date":"2020-07-30T12:04:14","date_gmt":"2020-07-30T12:04:14","guid":{"rendered":"https:\/\/seconci.com.br\/site\/?p=9930"},"modified":"2020-07-30T12:04:14","modified_gmt":"2020-07-30T12:04:14","slug":"construcao-celebra-dia-nacional-de-prevencao-de-acidentes-no-trabalho","status":"publish","type":"post","link":"https:\/\/seconci.com.br\/site\/2020\/07\/30\/construcao-celebra-dia-nacional-de-prevencao-de-acidentes-no-trabalho\/","title":{"rendered":"Constru\u00e7\u00e3o celebra Dia Nacional de Preven\u00e7\u00e3o de Acidentes no Trabalho"},"content":{"rendered":"<p style=\"text-align: justify;\">Especialmente neste ano, ao celebrar o\u00a0<strong>Dia Nacional de Preven\u00e7\u00e3o de Acidentes do Trabalho<\/strong>, o setor da constru\u00e7\u00e3o comemora as conquistas obtidas na \u00e1rea de Seguran\u00e7a e Sa\u00fade no Trabalho (SST) no Brasil. \u201cSomos um pa\u00eds que conta com um\u00a0<strong>marco regulat\u00f3rio na \u00e1rea de SST completo, discutido e constru\u00eddo de forma tripartite<\/strong>\u201d, afirma o presidente da Comiss\u00e3o de Pol\u00edtica de Rela\u00e7\u00f5es Trabalhistas (CPRT) da C\u00e2mara Brasileira da Ind\u00fastria da Constru\u00e7\u00e3o (CBIC), Fernando Guedes Ferreira Filho, ao parabenizar os profissionais que fazem a seguran\u00e7a do trabalho.<\/p>\n<p style=\"text-align: justify;\">O processo de moderniza\u00e7\u00e3o, desburocratiza\u00e7\u00e3o e harmoniza\u00e7\u00e3o das Normas Regulamentadoras (NRs) teve in\u00edcio em 2019, sem deixar de lado o foco principal que \u00e9 a sa\u00fade do trabalhador.<\/p>\n<p style=\"text-align: justify;\">A NR-18 \u2013 Condi\u00e7\u00f5es e Meio Ambiente de Trabalho na Ind\u00fastria da Constru\u00e7\u00e3o, com previs\u00e3o de vig\u00eancia para 2021, foi a primeira norma setorial totalmente revista nesta nova concep\u00e7\u00e3o.<\/p>\n<p style=\"text-align: justify;\">\u201cUma das principais mudan\u00e7as \u00e9 o fortalecimento dos requisitos para a gest\u00e3o da seguran\u00e7a, que vincula a necessidade da identifica\u00e7\u00e3o de perigos e avalia\u00e7\u00e3o de riscos, impondo mais responsabilidade aos profissionais legalmente habilitados\u201d, destaca a engenheira civil e gerente de Seguran\u00e7a do Trabalho no Servi\u00e7o Social da Ind\u00fastria da Constru\u00e7\u00e3o do Distrito Federal (Seconci-DF), Juliana Moreira de Oliveira.<\/p>\n<p style=\"text-align: justify;\">Para atualizar nacionalmente os empres\u00e1rios e trabalhadores do setor sobre a norma, a\u00a0<strong>Campanha Nacional de Preven\u00e7\u00e3o de Acidentes na Constru\u00e7\u00e3o (CANPAT Constru\u00e7\u00e3o)<\/strong>\u00a0deste ano, lan\u00e7ada via\u00a0<em>live<\/em>\u00a0no dia 24, em raz\u00e3o do estado de calamidade p\u00fablica provocado pela pandemia do novo coronav\u00edrus (Covid-19), tem como tema central a NR 18.<\/p>\n<p style=\"text-align: justify;\">Realizada desde 2017 pela CBIC, com a correaliza\u00e7\u00e3o do Servi\u00e7o Social da Ind\u00fastria (Sesi Nacional), com apoio dos Servi\u00e7os Sociais da Ind\u00fastria (Seconci Brasil) e da Secretaria de Inspe\u00e7\u00e3o do Trabalho (SIT) do Minist\u00e9rio da Economia, a CANPAT Constru\u00e7\u00e3o j\u00e1 impactou mais de 4.800 trabalhadores, empres\u00e1rios da constru\u00e7\u00e3o e l\u00edderes setoriais, em v\u00e1rios pontos do Pa\u00eds, por meio de eventos, avan\u00e7ando na conscientiza\u00e7\u00e3o dos entes envolvidos e estimulando o di\u00e1logo com integrantes do poder p\u00fablico.<\/p>\n<p style=\"text-align: justify;\">Al\u00e9m da NR 18, tamb\u00e9m foram revisadas normas estruturantes como as NRs 07 (Programa de Controle M\u00e9dico de Sa\u00fade Ocupacional), 09 (Programa de Preven\u00e7\u00e3o de Riscos Ambientais) e 17 (Ergonomia), e criados o Gerenciamento de Riscos Ocupacionais (GRO) e o Programa de Gerenciamento de Risco (PGR).<\/p>\n<p style=\"text-align: justify;\">Uma grande conquista \u00e9 o reconhecimento oficial de que o Brasil ocupa a 73\u00aa posi\u00e7\u00e3o no ranking mundial em n\u00famero de acidentes de trabalho e n\u00e3o o 4\u00ba, como amplamente difundido. \u201cO posicionamento do governo federal desmistificou por definitivo o fato de o pa\u00eds nunca ter sido o 4\u00ba no mundo, como muitos ainda gostam de propagar\u201d, comenta o consultor do Radar Trabalhista de SST\/RT da CBIC, Cl\u00f3vis Queiroz.<\/p>\n<p style=\"text-align: justify;\">Comparado \u00e0s taxas registradas na d\u00e9cada de 70, o esfor\u00e7o conjunto de empregadores, trabalhadores e governo foi respons\u00e1vel por evitar mais de 8 milh\u00f5es de acidentes do trabalho.<\/p>\n<p style=\"text-align: justify;\">\u201cComo prevencionistas, temos que buscar sempre a melhoria cont\u00ednua, mas nem por isso devemos desmerecer o esfor\u00e7o de tudo que foi feito ao longo das \u00faltimas d\u00e9cadas em prol da seguran\u00e7a e sa\u00fade no trabalho\u201d, defende Queiroz.<\/p>\n<h2 style=\"text-align: justify;\"><strong>Dia Nacional de Preven\u00e7\u00e3o de Acidentes do Trabalho<\/strong><\/h2>\n<p style=\"text-align: justify;\">A data busca conscientizar empregados, empregadores, governos e sociedade civil para a import\u00e2ncia de a\u00e7\u00f5es que reduzam o n\u00famero de acidentes e doen\u00e7as relacionadas ao trabalho e que promovam um ambiente de trabalho seguro. Assim como valorizar os profissionais das \u00e1reas de seguran\u00e7a e medicina do trabalho.<\/p>\n<p style=\"text-align: justify;\">\u00c9 importante que a seguran\u00e7a no ambiente de trabalho e a sa\u00fade do trabalhador sejam vistos como investimento, pois um trabalhador saud\u00e1vel em um ambiente seguro tem melhor produtividade e, por outro lado, evitam gastos com processos, indeniza\u00e7\u00f5es e tratamentos de sa\u00fade em casos de acidentes de trabalho e de doen\u00e7as ocupacionais. Al\u00e9m disso, os maiores bens, que s\u00e3o a vida e a integridade f\u00edsica do trabalhador, s\u00e3o mantidos.<\/p>\n<p style=\"text-align: justify;\">Para Juliana Oliveira, que participou da atualiza\u00e7\u00e3o da NR 18, \u00e9 fundamental o papel do setor da constru\u00e7\u00e3o civil, das entidades representativas, dos sindicatos e tamb\u00e9m dos Seconcis, na manuten\u00e7\u00e3o e cria\u00e7\u00e3o de mecanismos, tais como treinamentos, assessorias t\u00e9cnicas, publica\u00e7\u00f5es, entre outros, que refor\u00e7am a import\u00e2ncia da seguran\u00e7a no ambiente laboral e, consequentemente, reduzem os \u00edndices de acidentes no setor.<\/p>\n<p style=\"text-align: justify;\"><em><strong>Fonte: Ag\u00eancia Cbic<\/strong><\/em><\/p>\n","protected":false},"excerpt":{"rendered":"<p>Especialmente neste ano, ao celebrar o\u00a0Dia Nacional de Preven\u00e7\u00e3o de Acidentes do Trabalho, o setor da constru\u00e7\u00e3o comemora as conquistas obtidas na \u00e1rea de Seguran\u00e7a e Sa\u00fade no Trabalho (SST) no Brasil. \u201cSomos um pa\u00eds que conta com um\u00a0marco regulat\u00f3rio na \u00e1rea de SST completo, discutido e constru\u00eddo de forma tripartite\u201d, afirma o presidente da [&hellip;]<\/p>\n","protected":false},"author":3,"featured_media":9931,"comment_status":"closed","ping_status":"closed","sticky":false,"template":"","format":"standard","meta":{"footnotes":""},"categories":[92],"tags":[],"class_list":["post-9930","post","type-post","status-publish","format-standard","has-post-thumbnail","hentry","category-seconci-brasil"],"yoast_head":"<!-- This site is optimized with the Yoast SEO plugin v26.9 - https:\/\/yoast.com\/product\/yoast-seo-wordpress\/ -->\n<title>Constru\u00e7\u00e3o celebra Dia Nacional de Preven\u00e7\u00e3o de Acidentes no Trabalho - Seconci Brasil<\/title>\n<meta name=\"robots\" content=\"index, follow, max-snippet:-1, max-image-preview:large, max-video-preview:-1\" \/>\n<link rel=\"canonical\" href=\"https:\/\/seconci.com.br\/site\/2020\/07\/30\/construcao-celebra-dia-nacional-de-prevencao-de-acidentes-no-trabalho\/\" \/>\n<meta property=\"og:locale\" content=\"pt_PT\" \/>\n<meta property=\"og:type\" content=\"article\" \/>\n<meta property=\"og:title\" content=\"Constru\u00e7\u00e3o celebra Dia Nacional de Preven\u00e7\u00e3o de Acidentes no Trabalho - Seconci Brasil\" \/>\n<meta property=\"og:description\" content=\"Especialmente neste ano, ao celebrar o\u00a0Dia Nacional de Preven\u00e7\u00e3o de Acidentes do Trabalho, o setor da constru\u00e7\u00e3o comemora as conquistas obtidas na \u00e1rea de Seguran\u00e7a e Sa\u00fade no Trabalho (SST) no Brasil. \u201cSomos um pa\u00eds que conta com um\u00a0marco regulat\u00f3rio na \u00e1rea de SST completo, discutido e constru\u00eddo de forma tripartite\u201d, afirma o presidente da [&hellip;]\" \/>\n<meta property=\"og:url\" content=\"https:\/\/seconci.com.br\/site\/2020\/07\/30\/construcao-celebra-dia-nacional-de-prevencao-de-acidentes-no-trabalho\/\" \/>\n<meta property=\"og:site_name\" content=\"Seconci Brasil\" \/>\n<meta property=\"article:published_time\" content=\"2020-07-30T12:04:14+00:00\" \/>\n<meta property=\"og:image\" content=\"https:\/\/seconci.com.br\/site\/wp-content\/uploads\/2020\/07\/Seguran\u00e7a_no_Trabalho.png\" \/>\n\t<meta property=\"og:image:width\" content=\"800\" \/>\n\t<meta property=\"og:image:height\" content=\"420\" \/>\n\t<meta property=\"og:image:type\" content=\"image\/png\" \/>\n<meta name=\"author\" content=\"Sidney Rocha\" \/>\n<meta name=\"twitter:card\" content=\"summary_large_image\" \/>\n<meta name=\"twitter:label1\" content=\"Escrito por\" \/>\n\t<meta name=\"twitter:data1\" content=\"Sidney Rocha\" \/>\n\t<meta name=\"twitter:label2\" content=\"Tempo estimado de leitura\" \/>\n\t<meta name=\"twitter:data2\" content=\"4 minutos\" \/>\n<script type=\"application\/ld+json\" class=\"yoast-schema-graph\">{\"@context\":\"https:\/\/schema.org\",\"@graph\":[{\"@type\":\"Article\",\"@id\":\"https:\/\/seconci.com.br\/site\/2020\/07\/30\/construcao-celebra-dia-nacional-de-prevencao-de-acidentes-no-trabalho\/#article\",\"isPartOf\":{\"@id\":\"https:\/\/seconci.com.br\/site\/2020\/07\/30\/construcao-celebra-dia-nacional-de-prevencao-de-acidentes-no-trabalho\/\"},\"author\":{\"name\":\"Sidney Rocha\",\"@id\":\"https:\/\/seconci.com.br\/site\/#\/schema\/person\/1d79afd97ddc8f2c68c1e88e298aa8e2\"},\"headline\":\"Constru\u00e7\u00e3o celebra Dia Nacional de Preven\u00e7\u00e3o de Acidentes no Trabalho\",\"datePublished\":\"2020-07-30T12:04:14+00:00\",\"mainEntityOfPage\":{\"@id\":\"https:\/\/seconci.com.br\/site\/2020\/07\/30\/construcao-celebra-dia-nacional-de-prevencao-de-acidentes-no-trabalho\/\"},\"wordCount\":791,\"publisher\":{\"@id\":\"https:\/\/seconci.com.br\/site\/#organization\"},\"image\":{\"@id\":\"https:\/\/seconci.com.br\/site\/2020\/07\/30\/construcao-celebra-dia-nacional-de-prevencao-de-acidentes-no-trabalho\/#primaryimage\"},\"thumbnailUrl\":\"https:\/\/seconci.com.br\/site\/wp-content\/uploads\/2020\/07\/Seguran\u00e7a_no_Trabalho.png\",\"articleSection\":[\"Seconci Brasil\"],\"inLanguage\":\"pt-PT\"},{\"@type\":\"WebPage\",\"@id\":\"https:\/\/seconci.com.br\/site\/2020\/07\/30\/construcao-celebra-dia-nacional-de-prevencao-de-acidentes-no-trabalho\/\",\"url\":\"https:\/\/seconci.com.br\/site\/2020\/07\/30\/construcao-celebra-dia-nacional-de-prevencao-de-acidentes-no-trabalho\/\",\"name\":\"Constru\u00e7\u00e3o celebra Dia Nacional de Preven\u00e7\u00e3o de Acidentes no Trabalho - Seconci Brasil\",\"isPartOf\":{\"@id\":\"https:\/\/seconci.com.br\/site\/#website\"},\"primaryImageOfPage\":{\"@id\":\"https:\/\/seconci.com.br\/site\/2020\/07\/30\/construcao-celebra-dia-nacional-de-prevencao-de-acidentes-no-trabalho\/#primaryimage\"},\"image\":{\"@id\":\"https:\/\/seconci.com.br\/site\/2020\/07\/30\/construcao-celebra-dia-nacional-de-prevencao-de-acidentes-no-trabalho\/#primaryimage\"},\"thumbnailUrl\":\"https:\/\/seconci.com.br\/site\/wp-content\/uploads\/2020\/07\/Seguran\u00e7a_no_Trabalho.png\",\"datePublished\":\"2020-07-30T12:04:14+00:00\",\"breadcrumb\":{\"@id\":\"https:\/\/seconci.com.br\/site\/2020\/07\/30\/construcao-celebra-dia-nacional-de-prevencao-de-acidentes-no-trabalho\/#breadcrumb\"},\"inLanguage\":\"pt-PT\",\"potentialAction\":[{\"@type\":\"ReadAction\",\"target\":[\"https:\/\/seconci.com.br\/site\/2020\/07\/30\/construcao-celebra-dia-nacional-de-prevencao-de-acidentes-no-trabalho\/\"]}]},{\"@type\":\"ImageObject\",\"inLanguage\":\"pt-PT\",\"@id\":\"https:\/\/seconci.com.br\/site\/2020\/07\/30\/construcao-celebra-dia-nacional-de-prevencao-de-acidentes-no-trabalho\/#primaryimage\",\"url\":\"https:\/\/seconci.com.br\/site\/wp-content\/uploads\/2020\/07\/Seguran\u00e7a_no_Trabalho.png\",\"contentUrl\":\"https:\/\/seconci.com.br\/site\/wp-content\/uploads\/2020\/07\/Seguran\u00e7a_no_Trabalho.png\",\"width\":800,\"height\":420},{\"@type\":\"BreadcrumbList\",\"@id\":\"https:\/\/seconci.com.br\/site\/2020\/07\/30\/construcao-celebra-dia-nacional-de-prevencao-de-acidentes-no-trabalho\/#breadcrumb\",\"itemListElement\":[{\"@type\":\"ListItem\",\"position\":1,\"name\":\"In\u00edcio\",\"item\":\"https:\/\/seconci.com.br\/site\/\"},{\"@type\":\"ListItem\",\"position\":2,\"name\":\"Constru\u00e7\u00e3o celebra Dia Nacional de Preven\u00e7\u00e3o de Acidentes no Trabalho\"}]},{\"@type\":\"WebSite\",\"@id\":\"https:\/\/seconci.com.br\/site\/#website\",\"url\":\"https:\/\/seconci.com.br\/site\/\",\"name\":\"Seconci Brasil\",\"description\":\"\",\"publisher\":{\"@id\":\"https:\/\/seconci.com.br\/site\/#organization\"},\"potentialAction\":[{\"@type\":\"SearchAction\",\"target\":{\"@type\":\"EntryPoint\",\"urlTemplate\":\"https:\/\/seconci.com.br\/site\/?s={search_term_string}\"},\"query-input\":{\"@type\":\"PropertyValueSpecification\",\"valueRequired\":true,\"valueName\":\"search_term_string\"}}],\"inLanguage\":\"pt-PT\"},{\"@type\":\"Organization\",\"@id\":\"https:\/\/seconci.com.br\/site\/#organization\",\"name\":\"Seconci Brasil\",\"url\":\"https:\/\/seconci.com.br\/site\/\",\"logo\":{\"@type\":\"ImageObject\",\"inLanguage\":\"pt-PT\",\"@id\":\"https:\/\/seconci.com.br\/site\/#\/schema\/logo\/image\/\",\"url\":\"https:\/\/seconci.com.br\/site\/wp-content\/uploads\/2024\/08\/Logo-Seconci-Brasil-branca-2.png\",\"contentUrl\":\"https:\/\/seconci.com.br\/site\/wp-content\/uploads\/2024\/08\/Logo-Seconci-Brasil-branca-2.png\",\"width\":1315,\"height\":598,\"caption\":\"Seconci Brasil\"},\"image\":{\"@id\":\"https:\/\/seconci.com.br\/site\/#\/schema\/logo\/image\/\"}},{\"@type\":\"Person\",\"@id\":\"https:\/\/seconci.com.br\/site\/#\/schema\/person\/1d79afd97ddc8f2c68c1e88e298aa8e2\",\"name\":\"Sidney Rocha\",\"description\":\"Comunicador e estagi\u00e1rio do Seconci Brasil.\",\"url\":\"https:\/\/seconci.com.br\/site\/author\/sidney-rocha\/\"}]}<\/script>\n<!-- \/ Yoast SEO plugin. -->","yoast_head_json":{"title":"Constru\u00e7\u00e3o celebra Dia Nacional de Preven\u00e7\u00e3o de Acidentes no Trabalho - Seconci Brasil","robots":{"index":"index","follow":"follow","max-snippet":"max-snippet:-1","max-image-preview":"max-image-preview:large","max-video-preview":"max-video-preview:-1"},"canonical":"https:\/\/seconci.com.br\/site\/2020\/07\/30\/construcao-celebra-dia-nacional-de-prevencao-de-acidentes-no-trabalho\/","og_locale":"pt_PT","og_type":"article","og_title":"Constru\u00e7\u00e3o celebra Dia Nacional de Preven\u00e7\u00e3o de Acidentes no Trabalho - Seconci Brasil","og_description":"Especialmente neste ano, ao celebrar o\u00a0Dia Nacional de Preven\u00e7\u00e3o de Acidentes do Trabalho, o setor da constru\u00e7\u00e3o comemora as conquistas obtidas na \u00e1rea de Seguran\u00e7a e Sa\u00fade no Trabalho (SST) no Brasil. \u201cSomos um pa\u00eds que conta com um\u00a0marco regulat\u00f3rio na \u00e1rea de SST completo, discutido e constru\u00eddo de forma tripartite\u201d, afirma o presidente da [&hellip;]","og_url":"https:\/\/seconci.com.br\/site\/2020\/07\/30\/construcao-celebra-dia-nacional-de-prevencao-de-acidentes-no-trabalho\/","og_site_name":"Seconci Brasil","article_published_time":"2020-07-30T12:04:14+00:00","og_image":[{"width":800,"height":420,"url":"https:\/\/seconci.com.br\/site\/wp-content\/uploads\/2020\/07\/Seguran\u00e7a_no_Trabalho.png","type":"image\/png"}],"author":"Sidney Rocha","twitter_card":"summary_large_image","twitter_misc":{"Escrito por":"Sidney Rocha","Tempo estimado de leitura":"4 minutos"},"schema":{"@context":"https:\/\/schema.org","@graph":[{"@type":"Article","@id":"https:\/\/seconci.com.br\/site\/2020\/07\/30\/construcao-celebra-dia-nacional-de-prevencao-de-acidentes-no-trabalho\/#article","isPartOf":{"@id":"https:\/\/seconci.com.br\/site\/2020\/07\/30\/construcao-celebra-dia-nacional-de-prevencao-de-acidentes-no-trabalho\/"},"author":{"name":"Sidney Rocha","@id":"https:\/\/seconci.com.br\/site\/#\/schema\/person\/1d79afd97ddc8f2c68c1e88e298aa8e2"},"headline":"Constru\u00e7\u00e3o celebra Dia Nacional de Preven\u00e7\u00e3o de Acidentes no Trabalho","datePublished":"2020-07-30T12:04:14+00:00","mainEntityOfPage":{"@id":"https:\/\/seconci.com.br\/site\/2020\/07\/30\/construcao-celebra-dia-nacional-de-prevencao-de-acidentes-no-trabalho\/"},"wordCount":791,"publisher":{"@id":"https:\/\/seconci.com.br\/site\/#organization"},"image":{"@id":"https:\/\/seconci.com.br\/site\/2020\/07\/30\/construcao-celebra-dia-nacional-de-prevencao-de-acidentes-no-trabalho\/#primaryimage"},"thumbnailUrl":"https:\/\/seconci.com.br\/site\/wp-content\/uploads\/2020\/07\/Seguran\u00e7a_no_Trabalho.png","articleSection":["Seconci Brasil"],"inLanguage":"pt-PT"},{"@type":"WebPage","@id":"https:\/\/seconci.com.br\/site\/2020\/07\/30\/construcao-celebra-dia-nacional-de-prevencao-de-acidentes-no-trabalho\/","url":"https:\/\/seconci.com.br\/site\/2020\/07\/30\/construcao-celebra-dia-nacional-de-prevencao-de-acidentes-no-trabalho\/","name":"Constru\u00e7\u00e3o celebra Dia Nacional de Preven\u00e7\u00e3o de Acidentes no Trabalho - Seconci Brasil","isPartOf":{"@id":"https:\/\/seconci.com.br\/site\/#website"},"primaryImageOfPage":{"@id":"https:\/\/seconci.com.br\/site\/2020\/07\/30\/construcao-celebra-dia-nacional-de-prevencao-de-acidentes-no-trabalho\/#primaryimage"},"image":{"@id":"https:\/\/seconci.com.br\/site\/2020\/07\/30\/construcao-celebra-dia-nacional-de-prevencao-de-acidentes-no-trabalho\/#primaryimage"},"thumbnailUrl":"https:\/\/seconci.com.br\/site\/wp-content\/uploads\/2020\/07\/Seguran\u00e7a_no_Trabalho.png","datePublished":"2020-07-30T12:04:14+00:00","breadcrumb":{"@id":"https:\/\/seconci.com.br\/site\/2020\/07\/30\/construcao-celebra-dia-nacional-de-prevencao-de-acidentes-no-trabalho\/#breadcrumb"},"inLanguage":"pt-PT","potentialAction":[{"@type":"ReadAction","target":["https:\/\/seconci.com.br\/site\/2020\/07\/30\/construcao-celebra-dia-nacional-de-prevencao-de-acidentes-no-trabalho\/"]}]},{"@type":"ImageObject","inLanguage":"pt-PT","@id":"https:\/\/seconci.com.br\/site\/2020\/07\/30\/construcao-celebra-dia-nacional-de-prevencao-de-acidentes-no-trabalho\/#primaryimage","url":"https:\/\/seconci.com.br\/site\/wp-content\/uploads\/2020\/07\/Seguran\u00e7a_no_Trabalho.png","contentUrl":"https:\/\/seconci.com.br\/site\/wp-content\/uploads\/2020\/07\/Seguran\u00e7a_no_Trabalho.png","width":800,"height":420},{"@type":"BreadcrumbList","@id":"https:\/\/seconci.com.br\/site\/2020\/07\/30\/construcao-celebra-dia-nacional-de-prevencao-de-acidentes-no-trabalho\/#breadcrumb","itemListElement":[{"@type":"ListItem","position":1,"name":"In\u00edcio","item":"https:\/\/seconci.com.br\/site\/"},{"@type":"ListItem","position":2,"name":"Constru\u00e7\u00e3o celebra Dia Nacional de Preven\u00e7\u00e3o de Acidentes no Trabalho"}]},{"@type":"WebSite","@id":"https:\/\/seconci.com.br\/site\/#website","url":"https:\/\/seconci.com.br\/site\/","name":"Seconci Brasil","description":"","publisher":{"@id":"https:\/\/seconci.com.br\/site\/#organization"},"potentialAction":[{"@type":"SearchAction","target":{"@type":"EntryPoint","urlTemplate":"https:\/\/seconci.com.br\/site\/?s={search_term_string}"},"query-input":{"@type":"PropertyValueSpecification","valueRequired":true,"valueName":"search_term_string"}}],"inLanguage":"pt-PT"},{"@type":"Organization","@id":"https:\/\/seconci.com.br\/site\/#organization","name":"Seconci Brasil","url":"https:\/\/seconci.com.br\/site\/","logo":{"@type":"ImageObject","inLanguage":"pt-PT","@id":"https:\/\/seconci.com.br\/site\/#\/schema\/logo\/image\/","url":"https:\/\/seconci.com.br\/site\/wp-content\/uploads\/2024\/08\/Logo-Seconci-Brasil-branca-2.png","contentUrl":"https:\/\/seconci.com.br\/site\/wp-content\/uploads\/2024\/08\/Logo-Seconci-Brasil-branca-2.png","width":1315,"height":598,"caption":"Seconci Brasil"},"image":{"@id":"https:\/\/seconci.com.br\/site\/#\/schema\/logo\/image\/"}},{"@type":"Person","@id":"https:\/\/seconci.com.br\/site\/#\/schema\/person\/1d79afd97ddc8f2c68c1e88e298aa8e2","name":"Sidney Rocha","description":"Comunicador e estagi\u00e1rio do Seconci Brasil.","url":"https:\/\/seconci.com.br\/site\/author\/sidney-rocha\/"}]}},"_links":{"self":[{"href":"https:\/\/seconci.com.br\/site\/wp-json\/wp\/v2\/posts\/9930","targetHints":{"allow":["GET"]}}],"collection":[{"href":"https:\/\/seconci.com.br\/site\/wp-json\/wp\/v2\/posts"}],"about":[{"href":"https:\/\/seconci.com.br\/site\/wp-json\/wp\/v2\/types\/post"}],"author":[{"embeddable":true,"href":"https:\/\/seconci.com.br\/site\/wp-json\/wp\/v2\/users\/3"}],"replies":[{"embeddable":true,"href":"https:\/\/seconci.com.br\/site\/wp-json\/wp\/v2\/comments?post=9930"}],"version-history":[{"count":0,"href":"https:\/\/seconci.com.br\/site\/wp-json\/wp\/v2\/posts\/9930\/revisions"}],"wp:featuredmedia":[{"embeddable":true,"href":"https:\/\/seconci.com.br\/site\/wp-json\/wp\/v2\/media\/9931"}],"wp:attachment":[{"href":"https:\/\/seconci.com.br\/site\/wp-json\/wp\/v2\/media?parent=9930"}],"wp:term":[{"taxonomy":"category","embeddable":true,"href":"https:\/\/seconci.com.br\/site\/wp-json\/wp\/v2\/categories?post=9930"},{"taxonomy":"post_tag","embeddable":true,"href":"https:\/\/seconci.com.br\/site\/wp-json\/wp\/v2\/tags?post=9930"}],"curies":[{"name":"wp","href":"https:\/\/api.w.org\/{rel}","templated":true}]}}