{"id":9964,"date":"2020-08-11T12:30:09","date_gmt":"2020-08-11T12:30:09","guid":{"rendered":"https:\/\/seconci.com.br\/site\/?p=9964"},"modified":"2020-08-11T12:30:09","modified_gmt":"2020-08-11T12:30:09","slug":"seconci-rio-normaliza-os-servicos-medicos-e-odontologicos-e-aguarda-definicao-quanto-aos-exames-e-treinamentos-ocupacionais","status":"publish","type":"post","link":"https:\/\/seconci.com.br\/site\/2020\/08\/11\/seconci-rio-normaliza-os-servicos-medicos-e-odontologicos-e-aguarda-definicao-quanto-aos-exames-e-treinamentos-ocupacionais\/","title":{"rendered":"Seconci-Rio normaliza os servi\u00e7os m\u00e9dicos e odontol\u00f3gicos e aguarda defini\u00e7\u00e3o quanto aos exames e treinamentos ocupacionais"},"content":{"rendered":"<p style=\"text-align: justify;\">| <strong><em>Fonte: Seconci-RIO<\/em><\/strong> |<\/p>\n<p style=\"text-align: justify;\">Aos poucos, a flexibiliza\u00e7\u00e3o das atividades promovida pelas autoridades estaduais e municipais vem aquecendo as din\u00e2micas do dia a dia. No Seconci-Rio, ap\u00f3s per\u00edodo de restri\u00e7\u00f5es cab\u00edveis \u00e0 pandemia, os servi\u00e7os m\u00e9dicos e odontol\u00f3gicos est\u00e3o acontecendo integralmente, com hor\u00e1rio agendado, sem deixar de lado os cuidados necess\u00e1rios quanto \u00e0 preven\u00e7\u00e3o contra o coronav\u00edrus.<\/p>\n<p style=\"text-align: justify;\">Assim, seguindo todos os protocolos de sa\u00fade e seguran\u00e7a sugeridos pelos respectivos Conselhos, Sociedade e pela Organiza\u00e7\u00e3o Mundial de Sa\u00fade (OMS), o hor\u00e1rio entre todas as consultas m\u00e9dicas e odontol\u00f3gicas foi estendido, para que haja mais tempo \u00e0 desinfec\u00e7\u00e3o das salas, troca de barreiras f\u00edsicas e paramenta\u00e7\u00e3o adequada dos profissionais. Al\u00e9m disso, est\u00e1 sendo solicitado que as pessoas cheguem com 30 minutos de anteced\u00eancia \u00e0 consulta e que evitem levar acompanhante neste per\u00edodo.<\/p>\n<p style=\"text-align: justify;\">O agendamento est\u00e1 dispon\u00edvel pelo telefone (21) 2101.2555 ou 3550.4590, assim como na pr\u00f3pria sede, de segunda a sexta, das 8h \u00e0s 17h. As consultas est\u00e3o acontecendo de segunda a sexta, das 7h \u00e0s 18h.<\/p>\n<p style=\"text-align: justify;\"><strong>Exames Ocupacionais<\/strong><\/p>\n<p style=\"text-align: justify;\">Quanto aos exames ocupacionais, o Seconci-Rio aguarda defini\u00e7\u00e3o da Comiss\u00e3o Tripartite Parit\u00e1ria Permanente (CTPP) quanto \u00e0 minuta expedida pela Secretaria de Inspe\u00e7\u00e3o do Trabalho, tratando de medidas de prorroga\u00e7\u00e3o de prazos para cumprimento das obriga\u00e7\u00f5es em sa\u00fade e seguran\u00e7a. O documento ser\u00e1 avaliados nos pr\u00f3ximos dias 13 e 14.<\/p>\n<p style=\"text-align: justify;\">De acordo com a minuta, a quest\u00e3o da caducidade da MP 927\/20 e o consequente retorno da obrigatoriedade de realiza\u00e7\u00e3o dos exames ocupacionais e complementares obedecendo seus prazos normais, entra em conflito com as recomenda\u00e7\u00f5es para que se evite aglomera\u00e7\u00f5es de pessoas e da necessidade da manuten\u00e7\u00e3o do isolamento social.<\/p>\n<p style=\"text-align: justify;\">Enquanto aguarda a delibera\u00e7\u00e3o da CTPP, a gerente de sa\u00fade do Seconci-Rio, a m\u00e9dica Gilda Maria, informa que os exames ocupacionais e os treinamentos admissionais est\u00e3o sendo agendados, de forma gradual, cuja dispensa de obriga\u00e7\u00e3o estava prevista na extinta MP 927. O agendamento e o atendimento, neste caso, tamb\u00e9m est\u00e3o seguindo todas as medidas de sa\u00fade e seguran\u00e7a.<\/p>\n","protected":false},"excerpt":{"rendered":"<p>| Fonte: Seconci-RIO | Aos poucos, a flexibiliza\u00e7\u00e3o das atividades promovida pelas autoridades estaduais e municipais vem aquecendo as din\u00e2micas do dia a dia. No Seconci-Rio, ap\u00f3s per\u00edodo de restri\u00e7\u00f5es cab\u00edveis \u00e0 pandemia, os servi\u00e7os m\u00e9dicos e odontol\u00f3gicos est\u00e3o acontecendo integralmente, com hor\u00e1rio agendado, sem deixar de lado os cuidados necess\u00e1rios quanto \u00e0 preven\u00e7\u00e3o contra [&hellip;]<\/p>\n","protected":false},"author":3,"featured_media":9965,"comment_status":"closed","ping_status":"closed","sticky":false,"template":"","format":"standard","meta":{"footnotes":""},"categories":[85],"tags":[],"class_list":["post-9964","post","type-post","status-publish","format-standard","has-post-thumbnail","hentry","category-seconci-rio-de-janeiro"],"yoast_head":"<!-- This site is optimized with the Yoast SEO plugin v26.9 - https:\/\/yoast.com\/product\/yoast-seo-wordpress\/ -->\n<title>Seconci-Rio normaliza os servi\u00e7os m\u00e9dicos e odontol\u00f3gicos e aguarda defini\u00e7\u00e3o quanto aos exames e treinamentos ocupacionais - Seconci Brasil<\/title>\n<meta name=\"robots\" content=\"index, follow, max-snippet:-1, max-image-preview:large, max-video-preview:-1\" \/>\n<link rel=\"canonical\" href=\"https:\/\/seconci.com.br\/site\/2020\/08\/11\/seconci-rio-normaliza-os-servicos-medicos-e-odontologicos-e-aguarda-definicao-quanto-aos-exames-e-treinamentos-ocupacionais\/\" \/>\n<meta property=\"og:locale\" content=\"pt_PT\" \/>\n<meta property=\"og:type\" content=\"article\" \/>\n<meta property=\"og:title\" content=\"Seconci-Rio normaliza os servi\u00e7os m\u00e9dicos e odontol\u00f3gicos e aguarda defini\u00e7\u00e3o quanto aos exames e treinamentos ocupacionais - Seconci Brasil\" \/>\n<meta property=\"og:description\" content=\"| Fonte: Seconci-RIO | Aos poucos, a flexibiliza\u00e7\u00e3o das atividades promovida pelas autoridades estaduais e municipais vem aquecendo as din\u00e2micas do dia a dia. No Seconci-Rio, ap\u00f3s per\u00edodo de restri\u00e7\u00f5es cab\u00edveis \u00e0 pandemia, os servi\u00e7os m\u00e9dicos e odontol\u00f3gicos est\u00e3o acontecendo integralmente, com hor\u00e1rio agendado, sem deixar de lado os cuidados necess\u00e1rios quanto \u00e0 preven\u00e7\u00e3o contra [&hellip;]\" \/>\n<meta property=\"og:url\" content=\"https:\/\/seconci.com.br\/site\/2020\/08\/11\/seconci-rio-normaliza-os-servicos-medicos-e-odontologicos-e-aguarda-definicao-quanto-aos-exames-e-treinamentos-ocupacionais\/\" \/>\n<meta property=\"og:site_name\" content=\"Seconci Brasil\" \/>\n<meta property=\"article:published_time\" content=\"2020-08-11T12:30:09+00:00\" \/>\n<meta property=\"og:image\" content=\"https:\/\/seconci.com.br\/site\/wp-content\/uploads\/2020\/08\/Atendimento-m\u00e9dico-Capa-1024x683-e1594303429964.jpg\" \/>\n\t<meta property=\"og:image:width\" content=\"500\" \/>\n\t<meta property=\"og:image:height\" content=\"333\" \/>\n\t<meta property=\"og:image:type\" content=\"image\/jpeg\" \/>\n<meta name=\"author\" content=\"Sidney Rocha\" \/>\n<meta name=\"twitter:card\" content=\"summary_large_image\" \/>\n<meta name=\"twitter:label1\" content=\"Escrito por\" \/>\n\t<meta name=\"twitter:data1\" content=\"Sidney Rocha\" \/>\n\t<meta name=\"twitter:label2\" content=\"Tempo estimado de leitura\" \/>\n\t<meta name=\"twitter:data2\" content=\"2 minutos\" \/>\n<script type=\"application\/ld+json\" class=\"yoast-schema-graph\">{\"@context\":\"https:\/\/schema.org\",\"@graph\":[{\"@type\":\"Article\",\"@id\":\"https:\/\/seconci.com.br\/site\/2020\/08\/11\/seconci-rio-normaliza-os-servicos-medicos-e-odontologicos-e-aguarda-definicao-quanto-aos-exames-e-treinamentos-ocupacionais\/#article\",\"isPartOf\":{\"@id\":\"https:\/\/seconci.com.br\/site\/2020\/08\/11\/seconci-rio-normaliza-os-servicos-medicos-e-odontologicos-e-aguarda-definicao-quanto-aos-exames-e-treinamentos-ocupacionais\/\"},\"author\":{\"name\":\"Sidney Rocha\",\"@id\":\"https:\/\/seconci.com.br\/site\/#\/schema\/person\/1d79afd97ddc8f2c68c1e88e298aa8e2\"},\"headline\":\"Seconci-Rio normaliza os servi\u00e7os m\u00e9dicos e odontol\u00f3gicos e aguarda defini\u00e7\u00e3o quanto aos exames e treinamentos ocupacionais\",\"datePublished\":\"2020-08-11T12:30:09+00:00\",\"mainEntityOfPage\":{\"@id\":\"https:\/\/seconci.com.br\/site\/2020\/08\/11\/seconci-rio-normaliza-os-servicos-medicos-e-odontologicos-e-aguarda-definicao-quanto-aos-exames-e-treinamentos-ocupacionais\/\"},\"wordCount\":382,\"publisher\":{\"@id\":\"https:\/\/seconci.com.br\/site\/#organization\"},\"image\":{\"@id\":\"https:\/\/seconci.com.br\/site\/2020\/08\/11\/seconci-rio-normaliza-os-servicos-medicos-e-odontologicos-e-aguarda-definicao-quanto-aos-exames-e-treinamentos-ocupacionais\/#primaryimage\"},\"thumbnailUrl\":\"https:\/\/seconci.com.br\/site\/wp-content\/uploads\/2020\/08\/Atendimento-m\u00e9dico-Capa-1024x683-e1594303429964.jpg\",\"articleSection\":[\"Seconci Rio de Janeiro\"],\"inLanguage\":\"pt-PT\"},{\"@type\":\"WebPage\",\"@id\":\"https:\/\/seconci.com.br\/site\/2020\/08\/11\/seconci-rio-normaliza-os-servicos-medicos-e-odontologicos-e-aguarda-definicao-quanto-aos-exames-e-treinamentos-ocupacionais\/\",\"url\":\"https:\/\/seconci.com.br\/site\/2020\/08\/11\/seconci-rio-normaliza-os-servicos-medicos-e-odontologicos-e-aguarda-definicao-quanto-aos-exames-e-treinamentos-ocupacionais\/\",\"name\":\"Seconci-Rio normaliza os servi\u00e7os m\u00e9dicos e odontol\u00f3gicos e aguarda defini\u00e7\u00e3o quanto aos exames e treinamentos ocupacionais - Seconci Brasil\",\"isPartOf\":{\"@id\":\"https:\/\/seconci.com.br\/site\/#website\"},\"primaryImageOfPage\":{\"@id\":\"https:\/\/seconci.com.br\/site\/2020\/08\/11\/seconci-rio-normaliza-os-servicos-medicos-e-odontologicos-e-aguarda-definicao-quanto-aos-exames-e-treinamentos-ocupacionais\/#primaryimage\"},\"image\":{\"@id\":\"https:\/\/seconci.com.br\/site\/2020\/08\/11\/seconci-rio-normaliza-os-servicos-medicos-e-odontologicos-e-aguarda-definicao-quanto-aos-exames-e-treinamentos-ocupacionais\/#primaryimage\"},\"thumbnailUrl\":\"https:\/\/seconci.com.br\/site\/wp-content\/uploads\/2020\/08\/Atendimento-m\u00e9dico-Capa-1024x683-e1594303429964.jpg\",\"datePublished\":\"2020-08-11T12:30:09+00:00\",\"breadcrumb\":{\"@id\":\"https:\/\/seconci.com.br\/site\/2020\/08\/11\/seconci-rio-normaliza-os-servicos-medicos-e-odontologicos-e-aguarda-definicao-quanto-aos-exames-e-treinamentos-ocupacionais\/#breadcrumb\"},\"inLanguage\":\"pt-PT\",\"potentialAction\":[{\"@type\":\"ReadAction\",\"target\":[\"https:\/\/seconci.com.br\/site\/2020\/08\/11\/seconci-rio-normaliza-os-servicos-medicos-e-odontologicos-e-aguarda-definicao-quanto-aos-exames-e-treinamentos-ocupacionais\/\"]}]},{\"@type\":\"ImageObject\",\"inLanguage\":\"pt-PT\",\"@id\":\"https:\/\/seconci.com.br\/site\/2020\/08\/11\/seconci-rio-normaliza-os-servicos-medicos-e-odontologicos-e-aguarda-definicao-quanto-aos-exames-e-treinamentos-ocupacionais\/#primaryimage\",\"url\":\"https:\/\/seconci.com.br\/site\/wp-content\/uploads\/2020\/08\/Atendimento-m\u00e9dico-Capa-1024x683-e1594303429964.jpg\",\"contentUrl\":\"https:\/\/seconci.com.br\/site\/wp-content\/uploads\/2020\/08\/Atendimento-m\u00e9dico-Capa-1024x683-e1594303429964.jpg\",\"width\":500,\"height\":333},{\"@type\":\"BreadcrumbList\",\"@id\":\"https:\/\/seconci.com.br\/site\/2020\/08\/11\/seconci-rio-normaliza-os-servicos-medicos-e-odontologicos-e-aguarda-definicao-quanto-aos-exames-e-treinamentos-ocupacionais\/#breadcrumb\",\"itemListElement\":[{\"@type\":\"ListItem\",\"position\":1,\"name\":\"In\u00edcio\",\"item\":\"https:\/\/seconci.com.br\/site\/\"},{\"@type\":\"ListItem\",\"position\":2,\"name\":\"Seconci-Rio normaliza os servi\u00e7os m\u00e9dicos e odontol\u00f3gicos e aguarda defini\u00e7\u00e3o quanto aos exames e treinamentos ocupacionais\"}]},{\"@type\":\"WebSite\",\"@id\":\"https:\/\/seconci.com.br\/site\/#website\",\"url\":\"https:\/\/seconci.com.br\/site\/\",\"name\":\"Seconci Brasil\",\"description\":\"\",\"publisher\":{\"@id\":\"https:\/\/seconci.com.br\/site\/#organization\"},\"potentialAction\":[{\"@type\":\"SearchAction\",\"target\":{\"@type\":\"EntryPoint\",\"urlTemplate\":\"https:\/\/seconci.com.br\/site\/?s={search_term_string}\"},\"query-input\":{\"@type\":\"PropertyValueSpecification\",\"valueRequired\":true,\"valueName\":\"search_term_string\"}}],\"inLanguage\":\"pt-PT\"},{\"@type\":\"Organization\",\"@id\":\"https:\/\/seconci.com.br\/site\/#organization\",\"name\":\"Seconci Brasil\",\"url\":\"https:\/\/seconci.com.br\/site\/\",\"logo\":{\"@type\":\"ImageObject\",\"inLanguage\":\"pt-PT\",\"@id\":\"https:\/\/seconci.com.br\/site\/#\/schema\/logo\/image\/\",\"url\":\"https:\/\/seconci.com.br\/site\/wp-content\/uploads\/2024\/08\/Logo-Seconci-Brasil-branca-2.png\",\"contentUrl\":\"https:\/\/seconci.com.br\/site\/wp-content\/uploads\/2024\/08\/Logo-Seconci-Brasil-branca-2.png\",\"width\":1315,\"height\":598,\"caption\":\"Seconci Brasil\"},\"image\":{\"@id\":\"https:\/\/seconci.com.br\/site\/#\/schema\/logo\/image\/\"}},{\"@type\":\"Person\",\"@id\":\"https:\/\/seconci.com.br\/site\/#\/schema\/person\/1d79afd97ddc8f2c68c1e88e298aa8e2\",\"name\":\"Sidney Rocha\",\"description\":\"Comunicador e estagi\u00e1rio do Seconci Brasil.\",\"url\":\"https:\/\/seconci.com.br\/site\/author\/sidney-rocha\/\"}]}<\/script>\n<!-- \/ Yoast SEO plugin. -->","yoast_head_json":{"title":"Seconci-Rio normaliza os servi\u00e7os m\u00e9dicos e odontol\u00f3gicos e aguarda defini\u00e7\u00e3o quanto aos exames e treinamentos ocupacionais - Seconci Brasil","robots":{"index":"index","follow":"follow","max-snippet":"max-snippet:-1","max-image-preview":"max-image-preview:large","max-video-preview":"max-video-preview:-1"},"canonical":"https:\/\/seconci.com.br\/site\/2020\/08\/11\/seconci-rio-normaliza-os-servicos-medicos-e-odontologicos-e-aguarda-definicao-quanto-aos-exames-e-treinamentos-ocupacionais\/","og_locale":"pt_PT","og_type":"article","og_title":"Seconci-Rio normaliza os servi\u00e7os m\u00e9dicos e odontol\u00f3gicos e aguarda defini\u00e7\u00e3o quanto aos exames e treinamentos ocupacionais - Seconci Brasil","og_description":"| Fonte: Seconci-RIO | Aos poucos, a flexibiliza\u00e7\u00e3o das atividades promovida pelas autoridades estaduais e municipais vem aquecendo as din\u00e2micas do dia a dia. No Seconci-Rio, ap\u00f3s per\u00edodo de restri\u00e7\u00f5es cab\u00edveis \u00e0 pandemia, os servi\u00e7os m\u00e9dicos e odontol\u00f3gicos est\u00e3o acontecendo integralmente, com hor\u00e1rio agendado, sem deixar de lado os cuidados necess\u00e1rios quanto \u00e0 preven\u00e7\u00e3o contra [&hellip;]","og_url":"https:\/\/seconci.com.br\/site\/2020\/08\/11\/seconci-rio-normaliza-os-servicos-medicos-e-odontologicos-e-aguarda-definicao-quanto-aos-exames-e-treinamentos-ocupacionais\/","og_site_name":"Seconci Brasil","article_published_time":"2020-08-11T12:30:09+00:00","og_image":[{"width":500,"height":333,"url":"https:\/\/seconci.com.br\/site\/wp-content\/uploads\/2020\/08\/Atendimento-m\u00e9dico-Capa-1024x683-e1594303429964.jpg","type":"image\/jpeg"}],"author":"Sidney Rocha","twitter_card":"summary_large_image","twitter_misc":{"Escrito por":"Sidney Rocha","Tempo estimado de leitura":"2 minutos"},"schema":{"@context":"https:\/\/schema.org","@graph":[{"@type":"Article","@id":"https:\/\/seconci.com.br\/site\/2020\/08\/11\/seconci-rio-normaliza-os-servicos-medicos-e-odontologicos-e-aguarda-definicao-quanto-aos-exames-e-treinamentos-ocupacionais\/#article","isPartOf":{"@id":"https:\/\/seconci.com.br\/site\/2020\/08\/11\/seconci-rio-normaliza-os-servicos-medicos-e-odontologicos-e-aguarda-definicao-quanto-aos-exames-e-treinamentos-ocupacionais\/"},"author":{"name":"Sidney Rocha","@id":"https:\/\/seconci.com.br\/site\/#\/schema\/person\/1d79afd97ddc8f2c68c1e88e298aa8e2"},"headline":"Seconci-Rio normaliza os servi\u00e7os m\u00e9dicos e odontol\u00f3gicos e aguarda defini\u00e7\u00e3o quanto aos exames e treinamentos ocupacionais","datePublished":"2020-08-11T12:30:09+00:00","mainEntityOfPage":{"@id":"https:\/\/seconci.com.br\/site\/2020\/08\/11\/seconci-rio-normaliza-os-servicos-medicos-e-odontologicos-e-aguarda-definicao-quanto-aos-exames-e-treinamentos-ocupacionais\/"},"wordCount":382,"publisher":{"@id":"https:\/\/seconci.com.br\/site\/#organization"},"image":{"@id":"https:\/\/seconci.com.br\/site\/2020\/08\/11\/seconci-rio-normaliza-os-servicos-medicos-e-odontologicos-e-aguarda-definicao-quanto-aos-exames-e-treinamentos-ocupacionais\/#primaryimage"},"thumbnailUrl":"https:\/\/seconci.com.br\/site\/wp-content\/uploads\/2020\/08\/Atendimento-m\u00e9dico-Capa-1024x683-e1594303429964.jpg","articleSection":["Seconci Rio de Janeiro"],"inLanguage":"pt-PT"},{"@type":"WebPage","@id":"https:\/\/seconci.com.br\/site\/2020\/08\/11\/seconci-rio-normaliza-os-servicos-medicos-e-odontologicos-e-aguarda-definicao-quanto-aos-exames-e-treinamentos-ocupacionais\/","url":"https:\/\/seconci.com.br\/site\/2020\/08\/11\/seconci-rio-normaliza-os-servicos-medicos-e-odontologicos-e-aguarda-definicao-quanto-aos-exames-e-treinamentos-ocupacionais\/","name":"Seconci-Rio normaliza os servi\u00e7os m\u00e9dicos e odontol\u00f3gicos e aguarda defini\u00e7\u00e3o quanto aos exames e treinamentos ocupacionais - Seconci Brasil","isPartOf":{"@id":"https:\/\/seconci.com.br\/site\/#website"},"primaryImageOfPage":{"@id":"https:\/\/seconci.com.br\/site\/2020\/08\/11\/seconci-rio-normaliza-os-servicos-medicos-e-odontologicos-e-aguarda-definicao-quanto-aos-exames-e-treinamentos-ocupacionais\/#primaryimage"},"image":{"@id":"https:\/\/seconci.com.br\/site\/2020\/08\/11\/seconci-rio-normaliza-os-servicos-medicos-e-odontologicos-e-aguarda-definicao-quanto-aos-exames-e-treinamentos-ocupacionais\/#primaryimage"},"thumbnailUrl":"https:\/\/seconci.com.br\/site\/wp-content\/uploads\/2020\/08\/Atendimento-m\u00e9dico-Capa-1024x683-e1594303429964.jpg","datePublished":"2020-08-11T12:30:09+00:00","breadcrumb":{"@id":"https:\/\/seconci.com.br\/site\/2020\/08\/11\/seconci-rio-normaliza-os-servicos-medicos-e-odontologicos-e-aguarda-definicao-quanto-aos-exames-e-treinamentos-ocupacionais\/#breadcrumb"},"inLanguage":"pt-PT","potentialAction":[{"@type":"ReadAction","target":["https:\/\/seconci.com.br\/site\/2020\/08\/11\/seconci-rio-normaliza-os-servicos-medicos-e-odontologicos-e-aguarda-definicao-quanto-aos-exames-e-treinamentos-ocupacionais\/"]}]},{"@type":"ImageObject","inLanguage":"pt-PT","@id":"https:\/\/seconci.com.br\/site\/2020\/08\/11\/seconci-rio-normaliza-os-servicos-medicos-e-odontologicos-e-aguarda-definicao-quanto-aos-exames-e-treinamentos-ocupacionais\/#primaryimage","url":"https:\/\/seconci.com.br\/site\/wp-content\/uploads\/2020\/08\/Atendimento-m\u00e9dico-Capa-1024x683-e1594303429964.jpg","contentUrl":"https:\/\/seconci.com.br\/site\/wp-content\/uploads\/2020\/08\/Atendimento-m\u00e9dico-Capa-1024x683-e1594303429964.jpg","width":500,"height":333},{"@type":"BreadcrumbList","@id":"https:\/\/seconci.com.br\/site\/2020\/08\/11\/seconci-rio-normaliza-os-servicos-medicos-e-odontologicos-e-aguarda-definicao-quanto-aos-exames-e-treinamentos-ocupacionais\/#breadcrumb","itemListElement":[{"@type":"ListItem","position":1,"name":"In\u00edcio","item":"https:\/\/seconci.com.br\/site\/"},{"@type":"ListItem","position":2,"name":"Seconci-Rio normaliza os servi\u00e7os m\u00e9dicos e odontol\u00f3gicos e aguarda defini\u00e7\u00e3o quanto aos exames e treinamentos ocupacionais"}]},{"@type":"WebSite","@id":"https:\/\/seconci.com.br\/site\/#website","url":"https:\/\/seconci.com.br\/site\/","name":"Seconci Brasil","description":"","publisher":{"@id":"https:\/\/seconci.com.br\/site\/#organization"},"potentialAction":[{"@type":"SearchAction","target":{"@type":"EntryPoint","urlTemplate":"https:\/\/seconci.com.br\/site\/?s={search_term_string}"},"query-input":{"@type":"PropertyValueSpecification","valueRequired":true,"valueName":"search_term_string"}}],"inLanguage":"pt-PT"},{"@type":"Organization","@id":"https:\/\/seconci.com.br\/site\/#organization","name":"Seconci Brasil","url":"https:\/\/seconci.com.br\/site\/","logo":{"@type":"ImageObject","inLanguage":"pt-PT","@id":"https:\/\/seconci.com.br\/site\/#\/schema\/logo\/image\/","url":"https:\/\/seconci.com.br\/site\/wp-content\/uploads\/2024\/08\/Logo-Seconci-Brasil-branca-2.png","contentUrl":"https:\/\/seconci.com.br\/site\/wp-content\/uploads\/2024\/08\/Logo-Seconci-Brasil-branca-2.png","width":1315,"height":598,"caption":"Seconci Brasil"},"image":{"@id":"https:\/\/seconci.com.br\/site\/#\/schema\/logo\/image\/"}},{"@type":"Person","@id":"https:\/\/seconci.com.br\/site\/#\/schema\/person\/1d79afd97ddc8f2c68c1e88e298aa8e2","name":"Sidney Rocha","description":"Comunicador e estagi\u00e1rio do Seconci Brasil.","url":"https:\/\/seconci.com.br\/site\/author\/sidney-rocha\/"}]}},"_links":{"self":[{"href":"https:\/\/seconci.com.br\/site\/wp-json\/wp\/v2\/posts\/9964","targetHints":{"allow":["GET"]}}],"collection":[{"href":"https:\/\/seconci.com.br\/site\/wp-json\/wp\/v2\/posts"}],"about":[{"href":"https:\/\/seconci.com.br\/site\/wp-json\/wp\/v2\/types\/post"}],"author":[{"embeddable":true,"href":"https:\/\/seconci.com.br\/site\/wp-json\/wp\/v2\/users\/3"}],"replies":[{"embeddable":true,"href":"https:\/\/seconci.com.br\/site\/wp-json\/wp\/v2\/comments?post=9964"}],"version-history":[{"count":0,"href":"https:\/\/seconci.com.br\/site\/wp-json\/wp\/v2\/posts\/9964\/revisions"}],"wp:featuredmedia":[{"embeddable":true,"href":"https:\/\/seconci.com.br\/site\/wp-json\/wp\/v2\/media\/9965"}],"wp:attachment":[{"href":"https:\/\/seconci.com.br\/site\/wp-json\/wp\/v2\/media?parent=9964"}],"wp:term":[{"taxonomy":"category","embeddable":true,"href":"https:\/\/seconci.com.br\/site\/wp-json\/wp\/v2\/categories?post=9964"},{"taxonomy":"post_tag","embeddable":true,"href":"https:\/\/seconci.com.br\/site\/wp-json\/wp\/v2\/tags?post=9964"}],"curies":[{"name":"wp","href":"https:\/\/api.w.org\/{rel}","templated":true}]}}